{"id":1276804,"date":"2026-09-02T22:52:19","date_gmt":"2026-09-02T22:52:19","guid":{"rendered":"https:\/\/www.europesays.com\/de\/1276804\/"},"modified":"2026-09-02T22:52:19","modified_gmt":"2026-09-02T22:52:19","slug":"macron-und-charles-sehen-teppich-von-bayeux-in-london","status":"publish","type":"post","link":"https:\/\/www.europesays.com\/de\/1276804\/","title":{"rendered":"Macron und Charles sehen Teppich von Bayeux in London"},"content":{"rendered":"<p class=\"text_ohne_einzug richtext text-em-55 !leading-serif mx-6 desktop:mx-0\">Beim Besuch des franz\u00f6sischen Pr\u00e4sidenten <a href=\"https:\/\/rp-online.de\/thema\/emmanuel-macron\/\" rel=\"nofollow noopener\" target=\"_blank\">Emmanuel Macron<\/a> in <a href=\"https:\/\/rp-online.de\/thema\/london\/\" rel=\"nofollow noopener\" target=\"_blank\">London<\/a> ab dem heutigen Mittwoch steht der sogenannte Teppich von Bayeux im Mittelpunkt. Macron, seine Frau Brigitte Macron sowie der britische Premierminister Andy Burnham und dessen Ehefrau Marie-France Van Heel wollen den f\u00fcr die bilateralen Beziehungen bedeutsamen Wandteppich bei einer privaten F\u00fchrung durch das Britische Museum besichtigen. Den Termin absolvieren sie gemeinsam mit K\u00f6nig <a href=\"https:\/\/rp-online.de\/thema\/charles-iii\/\" rel=\"nofollow noopener\" target=\"_blank\">Charles III.<\/a> und K\u00f6nigin Camilla.<\/p>\n<p class=\"richtext text-em-55 !leading-serif mx-6 desktop:mx-0\">Der 70 Meter lange Wandteppich stellt die Eroberung Englands durch die Normannen im Jahr 1066 dar. Er ist eine Leihgabe Frankreichs f\u00fcr eine zehnmonatige Ausstellung, die ab dem 10. September \u00f6ffentlich zug\u00e4nglich ist. Die Kunst ist mit 960 Millionen Euro versichert. Der Wandteppich wurde im Rahmen einer geheimen Aktion unter hohen Sicherheitsvorkehrungen im Juli von Bayeux im Nordwesten Frankreichs nach London gebracht. Burnham hat die R\u00fcckkehr des Kunstwerks nach Gro\u00dfbritannien als \u201eMeilenstein-Moment in der Geschichte unserer beiden Nationen\u201c bezeichnet.<\/p>\n<p>Gespr\u00e4che \u00fcber Migration      <\/p>\n<p class=\"richtext text-em-55 !leading-serif mx-6 desktop:mx-0\">Am Donnerstag besucht Macron Burnham an dessen Amtssitz in der Downing Street. Hauptthema der Gespr\u00e4che seien die Bem\u00fchungen, Migrantinnen und Migranten an einer \u00dcberquerung des \u00c4rmelkanals in kleinen Booten zu hindern, teilte Burnhams B\u00fcro mit. Nach Angaben der britischen Regierung hat eine verst\u00e4rkte Zusammenarbeit mit <a href=\"https:\/\/rp-online.de\/thema\/frankreich\/\" rel=\"nofollow noopener\" target=\"_blank\">Frankreich<\/a> dazu beigetragen, die Zahl der \u00dcberquerungen im Vergleich zum Vorjahr um mehr als 40 Prozent zu senken.<\/p>\n","protected":false},"excerpt":{"rendered":"Beim Besuch des franz\u00f6sischen Pr\u00e4sidenten Emmanuel Macron in London ab dem heutigen Mittwoch steht der sogenannte Teppich von&hellip;\n","protected":false},"author":2,"featured_media":1276805,"comment_status":"","ping_status":"","sticky":false,"template":"","format":"standard","meta":{"footnotes":"","_share_on_mastodon":"0"},"categories":[3974],"tags":[331,332,8057,53119,13753,44720,7302,548,663,3934,3980,156,551,13,5397,4036,7301,14,15,12,40856,150927],"class_list":["post-1276804","post","type-post","status-publish","format-standard","has-post-thumbnail","category-frankreich","tag-aktuelle-nachrichten","tag-aktuelle-news","tag-besuch","tag-besucht","tag-britische","tag-charles","tag-emmanuel","tag-eu","tag-europa","tag-europe","tag-france","tag-frankreich","tag-grossbritannien","tag-headlines","tag-iii","tag-london","tag-macron","tag-nachrichten","tag-news","tag-schlagzeilen","tag-teppich","tag-wandteppich"],"share_on_mastodon":{"url":"","error":""},"_links":{"self":[{"href":"https:\/\/www.europesays.com\/de\/wp-json\/wp\/v2\/posts\/1276804","targetHints":{"allow":["GET"]}}],"collection":[{"href":"https:\/\/www.europesays.com\/de\/wp-json\/wp\/v2\/posts"}],"about":[{"href":"https:\/\/www.europesays.com\/de\/wp-json\/wp\/v2\/types\/post"}],"author":[{"embeddable":true,"href":"https:\/\/www.europesays.com\/de\/wp-json\/wp\/v2\/users\/2"}],"replies":[{"embeddable":true,"href":"https:\/\/www.europesays.com\/de\/wp-json\/wp\/v2\/comments?post=1276804"}],"version-history":[{"count":0,"href":"https:\/\/www.europesays.com\/de\/wp-json\/wp\/v2\/posts\/1276804\/revisions"}],"wp:featuredmedia":[{"embeddable":true,"href":"https:\/\/www.europesays.com\/de\/wp-json\/wp\/v2\/media\/1276805"}],"wp:attachment":[{"href":"https:\/\/www.europesays.com\/de\/wp-json\/wp\/v2\/media?parent=1276804"}],"wp:term":[{"taxonomy":"category","embeddable":true,"href":"https:\/\/www.europesays.com\/de\/wp-json\/wp\/v2\/categories?post=1276804"},{"taxonomy":"post_tag","embeddable":true,"href":"https:\/\/www.europesays.com\/de\/wp-json\/wp\/v2\/tags?post=1276804"}],"curies":[{"name":"wp","href":"https:\/\/api.w.org\/{rel}","templated":true}]}}