{"id":1276823,"date":"2026-09-02T23:03:25","date_gmt":"2026-09-02T23:03:25","guid":{"rendered":"https:\/\/www.europesays.com\/de\/1276823\/"},"modified":"2026-09-02T23:03:25","modified_gmt":"2026-09-02T23:03:25","slug":"mehr-komfort-und-tempo-frecciarossa-auf-probefahrt","status":"publish","type":"post","link":"https:\/\/www.europesays.com\/de\/1276823\/","title":{"rendered":"Mehr Komfort und Tempo &#8211; Frecciarossa auf Probefahrt"},"content":{"rendered":"<p>Mehr Komfort und Tempo &#8211; Frecciarossa auf Probefahrt<\/p>\n<p>  <img loading=\"lazy\" decoding=\"async\" src=\"https:\/\/www.europesays.com\/de\/wp-content\/uploads\/2026\/09\/1945072_1_fullwidth_Der_italienische_Schnellzug_soll_ab_Sommer_2027_Muenchen_mit_Rom_und_Mailand_ver.jpeg\" alt=\"Italienischer Schnellzug Frecciarossa\" title=\"Italienischer Schnellzug Frecciarossa\" width=\"1050\" height=\"606\"\/><\/p>\n<p>Bildtext einblenden<\/p>\n<p>Der italienische Schnellzug soll ab Sommer 2027 M\u00fcnchen mit Rom und Mailand verbinden. Foto: Daniel Karmann\/dpa <img loading=\"lazy\" decoding=\"async\" src=\"https:\/\/www.europesays.com\/de\/wp-content\/uploads\/2026\/09\/1945073_1_fullwidth_Der_Schnellzug_erreicht_bei_den_Probefahrten_eine_Geschwindigkeit_von_bis_zu_300.jpeg\" alt=\"Italienischer Schnellzug Frecciarossa\" title=\"Italienischer Schnellzug Frecciarossa\" width=\"1050\" height=\"606\"\/><\/p>\n<p>Bildtext einblenden<\/p>\n<p>Der Schnellzug erreicht bei den Probefahrten eine Geschwindigkeit von bis zu 300 Kilometer pro Stunde. Foto: Daniel Karmann\/dpa <img loading=\"lazy\" decoding=\"async\" src=\"https:\/\/www.europesays.com\/de\/wp-content\/uploads\/2026\/09\/1945074_1_fullwidth_In_einem_Waggon_ist_ein_Testlabor_eingerichtet._.jpeg\" alt=\"Italienischer Schnellzug Frecciarossa\" title=\"Italienischer Schnellzug Frecciarossa\" width=\"1050\" height=\"606\"\/><\/p>\n<p>Bildtext einblenden<\/p>\n<p>In einem Waggon ist ein Testlabor eingerichtet. Foto: Daniel Karmann\/dpa <img loading=\"lazy\" decoding=\"async\" src=\"https:\/\/www.europesays.com\/de\/wp-content\/uploads\/2026\/09\/1945075_1_fullwidth_Die_Wassertanks_kommen_bei_den_Bremstests_zum_Einsatz._Aus_ihnen_wird_Fluessigke.jpeg\" alt=\"Italienischer Schnellzug Frecciarossa\" title=\"Italienischer Schnellzug Frecciarossa\" width=\"1050\" height=\"606\"\/><\/p>\n<p>Bildtext einblenden<\/p>\n<p>Die Wassertanks kommen bei den Bremstests zum Einsatz. Aus ihnen wird Fl\u00fcssigkeit auf die Schienen gespr\u00fcht, um Regen, Schnee oder Eis zu simulieren. Foto: Daniel Karmann\/dpa <img loading=\"lazy\" decoding=\"async\" src=\"https:\/\/www.europesays.com\/de\/wp-content\/uploads\/2026\/09\/1945076_1_fullwidth_Die_Sitze_sind_bei_den_Probefahrten_zum_Schutz_mit_Folie_abgedeckt._.jpeg\" alt=\"Italienischer Schnellzug Frecciarossa\" title=\"Italienischer Schnellzug Frecciarossa\" width=\"1050\" height=\"606\"\/><\/p>\n<p>Bildtext einblenden<\/p>\n<p>Die Sitze sind bei den Probefahrten zum Schutz mit Folie abgedeckt. Foto: Daniel Karmann\/dpa <img loading=\"lazy\" decoding=\"async\" src=\"https:\/\/www.europesays.com\/de\/wp-content\/uploads\/2026\/09\/1945077_1_fullwidth_Die_Sandsaecke_simulieren_das_Gewicht_von_Fahrgaesten_und_Gepaeck._.jpeg\" alt=\"Italienischer Schnellzug Frecciarossa\" title=\"Italienischer Schnellzug Frecciarossa\" width=\"1050\" height=\"606\"\/><\/p>\n<p>Bildtext einblenden<\/p>\n<p>Die Sands\u00e4cke simulieren das Gewicht von Fahrg\u00e4sten und Gep\u00e4ck. Foto: Daniel Karmann\/dpa <\/p>\n","protected":false},"excerpt":{"rendered":"Mehr Komfort und Tempo &#8211; Frecciarossa auf Probefahrt Bildtext einblenden Der italienische Schnellzug soll ab Sommer 2027 M\u00fcnchen&hellip;\n","protected":false},"author":2,"featured_media":1276824,"comment_status":"","ping_status":"","sticky":false,"template":"","format":"standard","meta":{"footnotes":"","_share_on_mastodon":"0"},"categories":[1837],"tags":[772,6248,3364,29,30,14,6249,15,6250,3783],"class_list":["post-1276823","post","type-post","status-publish","format-standard","has-post-thumbnail","category-nuernberg","tag-bayern","tag-bayern-nachrichten","tag-de","tag-deutschland","tag-germany","tag-nachrichten","tag-nachrichten-aus-bayern","tag-news","tag-news-aus-bayern","tag-nuernberg"],"share_on_mastodon":{"url":"https:\/\/pubeurope.com\/@de\/117203949492801786","error":""},"_links":{"self":[{"href":"https:\/\/www.europesays.com\/de\/wp-json\/wp\/v2\/posts\/1276823","targetHints":{"allow":["GET"]}}],"collection":[{"href":"https:\/\/www.europesays.com\/de\/wp-json\/wp\/v2\/posts"}],"about":[{"href":"https:\/\/www.europesays.com\/de\/wp-json\/wp\/v2\/types\/post"}],"author":[{"embeddable":true,"href":"https:\/\/www.europesays.com\/de\/wp-json\/wp\/v2\/users\/2"}],"replies":[{"embeddable":true,"href":"https:\/\/www.europesays.com\/de\/wp-json\/wp\/v2\/comments?post=1276823"}],"version-history":[{"count":0,"href":"https:\/\/www.europesays.com\/de\/wp-json\/wp\/v2\/posts\/1276823\/revisions"}],"wp:featuredmedia":[{"embeddable":true,"href":"https:\/\/www.europesays.com\/de\/wp-json\/wp\/v2\/media\/1276824"}],"wp:attachment":[{"href":"https:\/\/www.europesays.com\/de\/wp-json\/wp\/v2\/media?parent=1276823"}],"wp:term":[{"taxonomy":"category","embeddable":true,"href":"https:\/\/www.europesays.com\/de\/wp-json\/wp\/v2\/categories?post=1276823"},{"taxonomy":"post_tag","embeddable":true,"href":"https:\/\/www.europesays.com\/de\/wp-json\/wp\/v2\/tags?post=1276823"}],"curies":[{"name":"wp","href":"https:\/\/api.w.org\/{rel}","templated":true}]}}