{"id":1276825,"date":"2026-09-02T23:04:30","date_gmt":"2026-09-02T23:04:30","guid":{"rendered":"https:\/\/www.europesays.com\/de\/1276825\/"},"modified":"2026-09-02T23:04:30","modified_gmt":"2026-09-02T23:04:30","slug":"smart-meter-nuernberg-versorger-warnt-vor-dubiosen-schreiben-an-bewohner","status":"publish","type":"post","link":"https:\/\/www.europesays.com\/de\/1276825\/","title":{"rendered":"Smart Meter N\u00fcrnberg: Versorger warnt vor dubiosen Schreiben an Bewohner"},"content":{"rendered":"<p>Smart Meter <\/p>\n<p>Zweifelhafte Angebote: N-ERGIE warnt vor irref\u00fchrenden Anschreiben<\/p>\n<ul class=\"grid grid-flow-col gap-4\" aria-label=\"Autorenbilder\">\n<li class=\"leading-0\"><img data-tb-author-image=\"\"  loading=\"lazy\" src=\"https:\/\/www.europesays.com\/de\/wp-content\/uploads\/2026\/03\/1773629295_669_image.jpg\" alt=\"\" title=\"\" width=\"40\" height=\"40\" class=\"\" decoding=\"async\"\/><\/li>\n<\/ul>\n<p>02.09.2026 &#8211; 18:28 UhrLesedauer: 2 Min.<\/p>\n<p><a href=\"#focus-0\" class=\"transition-colors block text-current relative\" data-sctrack=\"FocusGalleryImage.Reference\"><img fetchpriority=\"high\" data-testid=\"Opener.Image\"   loading=\"eager\" src=\"https:\/\/www.europesays.com\/de\/wp-content\/uploads\/2026\/09\/einbau-digitaler-stromzaehler-deu-brandenburg-spremberg-a-alle-haushalte-erhalten-in-den-kommenden-j.jpeg\" alt=\"imago images 161765025\" title=\"imago images 161765025\" width=\"5472\" height=\"3078\" class=\"bg-[url:var(--lqipURL)] bg-cover bg-center flex h-full w-full max-w-full\" style=\"--lqipURL:url('https:\/\/images.t-online.de\/2026\/07\/0QcnBZ9RYzZL\/0x285:5472x3078\/fit-in\/150x0\/filters:blur(25)\/einbau-digitaler-stromzaehler-deu-brandenburg-spremberg-a-alle-haushalte-erhalten-in-den-kommenden-jahren-mindestens-eine-moderne-messeinrichtung-also-einen-digitalen-stromzaehler-einige-haushalte-muessen-seit-2020-die-ausruestung-mit-intelligenten-messsystemen-auch-smart-meter-genannt-dulden-der-digitale-stromzaehler-ersetzt-den-alten-analogen-stromzaehler-ferraris-zaehler-er-wird-auch-als-moderne-messeinrichtung-bezeichnet-und-kann-mit-einem-kommunikationsmodul-verbunden-werden-erst-durch-dieses-kommuni.jpg')\" decoding=\"async\"\/><img loading=\"lazy\" src=\"https:\/\/nuernberg.t-online.de\/s\/paper\/_next\/static\/media\/zoom-in.f7dae02f.svg\" alt=\"Vergr\u00f6\u00dfern des Bildes\" title=\"Vergr\u00f6\u00dfern des Bildes\" class=\"block h-[calc(var(--height)_\/_16_*_1rem)] w-[calc(var(--width)_\/_16_*_1rem)] max-w-none absolute right-8 bottom-8 rounded-4 bg-snow p-8\" style=\"--width:32;--height:32\" decoding=\"async\"\/><\/a><\/p>\n<p>Einbau digitaler Stromz\u00e4hler: Bis 2032 soll es in allen deutschen Haushalten sogenannte Smart Meter geben. Das ruft auch zweifelhafte Angebote auf den Plan. (Quelle: IMAGO\/Rainer Weisflog\/imago)<\/p>\n<p><img loading=\"lazy\" src=\"https:\/\/nuernberg.t-online.de\/s\/paper\/_next\/static\/media\/audio-volume.6689034c.svg\" alt=\"\" title=\"\" class=\"block h-[calc(var(--height)_\/_16_*_1rem)] w-[calc(var(--width)_\/_16_*_1rem)] max-w-none group-hover:brightness-0 group-hover:invert\" style=\"--width:16;--height:16\" decoding=\"async\"\/>Vorlesen<\/p>\n<p>Aktuelle Zeit:0:00Gesamtdauer:0:00<\/p>\n<p>1x<img loading=\"lazy\" src=\"https:\/\/nuernberg.t-online.de\/s\/paper\/_next\/static\/media\/font-sizes.32942e33.svg\" alt=\"\" title=\"\" class=\"block h-[calc(var(--height)_\/_16_*_1rem)] w-[calc(var(--width)_\/_16_*_1rem)] max-w-none group-hover:hidden group-aria-expanded:hidden\" style=\"--width:16;--height:16\" decoding=\"async\"\/><img loading=\"lazy\" src=\"https:\/\/nuernberg.t-online.de\/s\/paper\/_next\/static\/media\/font-sizes-dark-mode.e382645c.svg\" alt=\"\" title=\"\" class=\"block h-[calc(var(--height)_\/_16_*_1rem)] w-[calc(var(--width)_\/_16_*_1rem)] max-w-none hidden group-hover:block group-aria-expanded:block\" style=\"--width:16;--height:16\" decoding=\"async\"\/><img loading=\"lazy\" src=\"https:\/\/nuernberg.t-online.de\/s\/paper\/_next\/static\/media\/sharing-menu-icon.1eb71368.svg\" alt=\"\" title=\"\" class=\"block h-[calc(var(--height)_\/_16_*_1rem)] w-[calc(var(--width)_\/_16_*_1rem)] max-w-none group-hover:brightness-0 group-hover:invert\" style=\"--width:16;--height:16\" decoding=\"async\"\/>Artikel teilen<\/p>\n<p class=\"font-bold text-18 leading-17 user-text-lg:text-22 user-text-xl:text-24\">M\u00fcssen N\u00fcrnberger sich schnellstm\u00f6glich um den Einbau von digitalen Z\u00e4hlern k\u00fcmmern? Ein irref\u00fchrendes Schreiben legt das nahe. Nun warnen auch die Stadtwerke.<\/p>\n<p class=\"text-18 leading-17 user-text-lg:text-22 user-text-xl:text-24\">Es ist ein Termin, der nahezu jedem Menschen bekannt sein d\u00fcrfte: Die Ablesung. Einmal im Jahr kommt ein Techniker, um den Stromverbrauch abzulesen. Vermieter erstellen dann eine Kostenabrechnung und je nach Verbrauch m\u00fcssen Mieter nachzahlen oder bekommen eine R\u00fcckzahlung. Das gilt \u00fcbrigens auch f\u00fcr den Wasser- und Heizenergieverbrauch.<\/p>\n<p class=\"text-18 leading-17 user-text-lg:text-22 user-text-xl:text-24\">Diese Werte werden k\u00fcnftig noch genauer und aktueller, denn sogenannte Smart Meter \u00fcbermitteln die Werte einfach und tagesaktuell per Funk.<\/p>\n<p class=\"text-18 leading-17 user-text-lg:text-22 user-text-xl:text-24\">Doch mit dem technologischen Fortschritt kommen auch zweifelhafte Angebote: So warnt die N-ERGIE, die N\u00fcrnberger Stadtwerke, aktuell vor &#8222;Massen-Anschreiben eines Anbieters&#8220;. Was hat es damit auf sich?<\/p>\n<p>Verwirrung um Einbau von Smart Metern<\/p>\n<p class=\"text-18 leading-17 user-text-lg:text-22 user-text-xl:text-24\">Bis 2032 sollen alle Haushalte mit den neuen, digitalen Z\u00e4hlern ausgestattet sein. Wer also eine oder mehrere Immobilien besitzt, muss bis dahin die alten, mechanischen Messger\u00e4te austauschen lassen. Ersetzt werden diese durch die Smart Meter, die den aktuellen Stromverbrauch stets genau an den jeweiligen Versorger \u2013 wie eben die N-ERGIE \u2013 \u00fcbermitteln sollen. Viele Modelle kommen au\u00dferdem mit einer kleinen, digitalen Anzeige f\u00fcr die Verbraucher, damit man seinen Energieverbrauch immer aktuell im Blick hat.<\/p>\n<p class=\"text-18 leading-17 user-text-lg:text-22 user-text-xl:text-24\">Mehrere Versorger, darunter die N-ERGIE, die Stadtwerke M\u00fcnchen (SWM) oder Anbieter von Smart Metern wie Enpal erkl\u00e4ren: Wann die alten, mechanischen Z\u00e4hler ausgetauscht werden m\u00fcssen, h\u00e4ngt vom jeweiligen Versorger ab und wird dem Eigent\u00fcmer schriftlich mitgeteilt.<\/p>\n<p class=\"text-18 leading-17 user-text-lg:text-22 user-text-xl:text-24\">Das ist allerdings nicht allen bekannt. Derzeit herrscht bei vielen Kunden der N-ERGIE Verwirrung, wie das Unternehmen am Dienstag (1. September) mitteilte. Denn in seinem Versorgungsgebiet h\u00e4tten sich zahlreiche Kunden gemeldet, die durch Briefe \u00fcber einen angeblich dringenden Einbau von Smart Metern verunsichert worden seien.<\/p>\n<p>Messger\u00e4te-Firma schreibt an N\u00fcrnberger Haushalte<\/p>\n<p class=\"text-18 leading-17 user-text-lg:text-22 user-text-xl:text-24\">Verantwortlich f\u00fcr die Schreiben ist die Deutsche Messwesen GmbH, ein Unternehmen der Metrify Smart Metering GmbH. Es handelt sich dabei jedoch nicht um eine offizielle Beh\u00f6rde oder Agentur, sondern um einen privaten Anbieter.<\/p>\n<p class=\"text-18 leading-17 user-text-lg:text-22 user-text-xl:text-24\">Die N-ERGIE spricht von einem &#8222;beh\u00f6rdlich wirkenden Anschreiben eines Anbieters mit offiziell klingendem Namen&#8220;. Demnach werde in dem Schreiben suggeriert, die Empf\u00e4nger m\u00fcssten schnellstm\u00f6glich Smart Meter einbauen lassen. Das Schreiben h\u00e4tte Handlungsdruck suggeriert.<\/p>\n<p>Briefe in N\u00fcrnberg sind kein Einzelfall<\/p>\n<p class=\"text-18 leading-17 user-text-lg:text-22 user-text-xl:text-24\">N\u00fcrnberg ist kein Einzelfall: Auch die SWM warnen vor diesen Schreiben, die Verbraucherzentrale Niedersachsen schrieb bereits Ende August von \u00e4hnlichen Briefen im Raum um Hannover. Demnach w\u00fcrden die Briefe den Eindruck erzeugen, &#8222;dass f\u00fcr die Adressen eine Smart Meter Installation konkret geplant sei, es handelt sich jedoch blo\u00df um ein Informationsschreiben \u00fcber die M\u00f6glichkeit hierzu.&#8220;<\/p>\n","protected":false},"excerpt":{"rendered":"Smart Meter Zweifelhafte Angebote: N-ERGIE warnt vor irref\u00fchrenden Anschreiben 02.09.2026 &#8211; 18:28 UhrLesedauer: 2 Min. Einbau digitaler Stromz\u00e4hler:&hellip;\n","protected":false},"author":2,"featured_media":1276826,"comment_status":"","ping_status":"","sticky":false,"template":"","format":"standard","meta":{"footnotes":"","_share_on_mastodon":"0"},"categories":[1837],"tags":[772,3364,29,87333,100073,30,2295,121267,1411,3783,11426,1524,6397,14595,14596,7315,2298],"class_list":["post-1276825","post","type-post","status-publish","format-standard","has-post-thumbnail","category-nuernberg","tag-bayern","tag-de","tag-deutschland","tag-einbau","tag-enpal","tag-germany","tag-mieter","tag-n-ergie","tag-niedersachsen","tag-nuernberg","tag-smart","tag-smart-meter","tag-stadtwerke","tag-stadtwerke-muenchen","tag-swm","tag-verbraucherzentrale","tag-vermieter"],"share_on_mastodon":{"url":"https:\/\/pubeurope.com\/@de\/117203951498688206","error":""},"_links":{"self":[{"href":"https:\/\/www.europesays.com\/de\/wp-json\/wp\/v2\/posts\/1276825","targetHints":{"allow":["GET"]}}],"collection":[{"href":"https:\/\/www.europesays.com\/de\/wp-json\/wp\/v2\/posts"}],"about":[{"href":"https:\/\/www.europesays.com\/de\/wp-json\/wp\/v2\/types\/post"}],"author":[{"embeddable":true,"href":"https:\/\/www.europesays.com\/de\/wp-json\/wp\/v2\/users\/2"}],"replies":[{"embeddable":true,"href":"https:\/\/www.europesays.com\/de\/wp-json\/wp\/v2\/comments?post=1276825"}],"version-history":[{"count":0,"href":"https:\/\/www.europesays.com\/de\/wp-json\/wp\/v2\/posts\/1276825\/revisions"}],"wp:featuredmedia":[{"embeddable":true,"href":"https:\/\/www.europesays.com\/de\/wp-json\/wp\/v2\/media\/1276826"}],"wp:attachment":[{"href":"https:\/\/www.europesays.com\/de\/wp-json\/wp\/v2\/media?parent=1276825"}],"wp:term":[{"taxonomy":"category","embeddable":true,"href":"https:\/\/www.europesays.com\/de\/wp-json\/wp\/v2\/categories?post=1276825"},{"taxonomy":"post_tag","embeddable":true,"href":"https:\/\/www.europesays.com\/de\/wp-json\/wp\/v2\/tags?post=1276825"}],"curies":[{"name":"wp","href":"https:\/\/api.w.org\/{rel}","templated":true}]}}