{"id":1276840,"date":"2026-09-02T23:18:16","date_gmt":"2026-09-02T23:18:16","guid":{"rendered":"https:\/\/www.europesays.com\/de\/1276840\/"},"modified":"2026-09-02T23:18:16","modified_gmt":"2026-09-02T23:18:16","slug":"essen-auf-herd-sorgt-fuer-feuerwehreinsatz-in-der-arminiusstrasse-in-paderborn","status":"publish","type":"post","link":"https:\/\/www.europesays.com\/de\/1276840\/","title":{"rendered":"\u201eEssen auf Herd\u201c sorgt f\u00fcr Feuerwehreinsatz in der Arminiusstra\u00dfe in Paderborn"},"content":{"rendered":"<p id=\"absatz1\" class=\"Normal\">Paderborn. Mit knapp 40 Einsatzkr\u00e4ften r\u00fcckte die Feuerwehr Paderborn am Mittwochabend zu einem gemeldeten Zimmerbrand in der Arminiusstra\u00dfe aus. In einer Erdgeschosswohnung eines dreigeschossigen Mehrparteienhauses war Essen auf dem Herd angebrannt, was zu einer starken Verrauchung der Wohnung f\u00fchrte.<\/p>\n<p id=\"absatz2\" class=\"Normal\">Um 19.45 Uhr erh\u00f6hte die Leitstelle des Kreises das Einsatzstichwort auf \u201eZimmerbrand, Menschenleben in Gefahr\u201c, worauf neben den beruflichen Kr\u00e4ften der Feuer- und Rettungswachen Nord und S\u00fcd auch die Ehrenamtler der Einheiten Stadtmitte und Stadtheide sowie der Rettungsdienst mit zwei Rettungswagen und einem Notarzt ausr\u00fcckten, berichtet Einsatzleiter Markus Norbel.<\/p>\n<p id=\"absatz3\" class=\"Normal\">In der Wohnung war Essen auf dem Herd angebrannt. Der Angriffstrupp, der unter Atemschutz in die Wohnung eindrang, nahm den Topf vom Herd und \u00f6ffnete die Fenster. Die Bewohnerin der betroffenen Wohnung wurde ins Freie gef\u00fchrt und anschlie\u00dfend medizinisch gesichtet. Eine weitergehende Behandlung im Krankenhaus war jedoch nicht erforderlich. Die Wohnung wurde maschinell bel\u00fcftet und anschlie\u00dfend auf Schadstoffe gepr\u00fcft. <\/p>\n<p id=\"absatz4\"><b class=\"bold TextRun SCXW163554091 BCX2 NormalTextRun SCXW163554091 BCX2\">\ud83d\udcf2 <\/b><b class=\"bold TextRun SCXW163554091 BCX2 NormalTextRun SCXW163554091 BCX2\">News direkt aufs Smartphone?<\/b><b class=\"bold TextRun SCXW163554091 BCX2 NormalTextRun SCXW163554091 BCX2\"> <\/b>Hier gehts zum kostenlosen<a href=\"https:\/\/whatsapp.com\/channel\/0029VagIrKR9xVJWPnsEUZ1T\" rel=\"noreferrer noopener nofollow\" target=\"_blank\"> Whatsapp-Kanal der NW Paderborn<\/a><\/p>\n","protected":false},"excerpt":{"rendered":"Paderborn. Mit knapp 40 Einsatzkr\u00e4ften r\u00fcckte die Feuerwehr Paderborn am Mittwochabend zu einem gemeldeten Zimmerbrand in der Arminiusstra\u00dfe&hellip;\n","protected":false},"author":2,"featured_media":1276841,"comment_status":"","ping_status":"","sticky":false,"template":"","format":"standard","meta":{"footnotes":"","_share_on_mastodon":"0"},"categories":[1834],"tags":[263480,3364,29,2540,3688,985,3401,30,198343,736,16384,1613,1209,727,6582],"class_list":["post-1276840","post","type-post","status-publish","format-standard","has-post-thumbnail","category-essen","tag-arminiusstrasse","tag-de","tag-deutschland","tag-einsatzkraft","tag-essen","tag-feuerwehr","tag-feuerwehreinsatz","tag-germany","tag-meta_artikelklasse_aboanker","tag-meta_copyrights_nw","tag-meta_themen_blaulicht_sicherheit","tag-meta_userneeds_informieremich","tag-nordrhein-westfalen","tag-paderborn","tag-zimmerbrand"],"share_on_mastodon":{"url":"","error":""},"_links":{"self":[{"href":"https:\/\/www.europesays.com\/de\/wp-json\/wp\/v2\/posts\/1276840","targetHints":{"allow":["GET"]}}],"collection":[{"href":"https:\/\/www.europesays.com\/de\/wp-json\/wp\/v2\/posts"}],"about":[{"href":"https:\/\/www.europesays.com\/de\/wp-json\/wp\/v2\/types\/post"}],"author":[{"embeddable":true,"href":"https:\/\/www.europesays.com\/de\/wp-json\/wp\/v2\/users\/2"}],"replies":[{"embeddable":true,"href":"https:\/\/www.europesays.com\/de\/wp-json\/wp\/v2\/comments?post=1276840"}],"version-history":[{"count":0,"href":"https:\/\/www.europesays.com\/de\/wp-json\/wp\/v2\/posts\/1276840\/revisions"}],"wp:featuredmedia":[{"embeddable":true,"href":"https:\/\/www.europesays.com\/de\/wp-json\/wp\/v2\/media\/1276841"}],"wp:attachment":[{"href":"https:\/\/www.europesays.com\/de\/wp-json\/wp\/v2\/media?parent=1276840"}],"wp:term":[{"taxonomy":"category","embeddable":true,"href":"https:\/\/www.europesays.com\/de\/wp-json\/wp\/v2\/categories?post=1276840"},{"taxonomy":"post_tag","embeddable":true,"href":"https:\/\/www.europesays.com\/de\/wp-json\/wp\/v2\/tags?post=1276840"}],"curies":[{"name":"wp","href":"https:\/\/api.w.org\/{rel}","templated":true}]}}