{"id":1276850,"date":"2026-09-02T23:25:22","date_gmt":"2026-09-02T23:25:22","guid":{"rendered":"https:\/\/www.europesays.com\/de\/1276850\/"},"modified":"2026-09-02T23:25:22","modified_gmt":"2026-09-02T23:25:22","slug":"drei-duesseldorferinnen-stehen-im-finale-des-mut-maker-awards","status":"publish","type":"post","link":"https:\/\/www.europesays.com\/de\/1276850\/","title":{"rendered":"Drei D\u00fcsseldorferinnen stehen im Finale des \u201eMut Maker Awards\u201c"},"content":{"rendered":"<p class=\"text_ohne_einzug richtext text-em-55 !leading-serif mx-6 desktop:mx-0\"> Der Frage, was Mut eigentlich bedeutet und wie dieser sich in der heutigen Zeit zeigt, geht die Unternehmerin und Investorin Tijen Onaran nach. Der von ihr initiierte \u201eMut Maker Award 2026\u201c bringt Menschen in den Fokus, die mit ihren Ideen und Engagements etwas bewirken. F\u00fcr den Award seien in diesem Jahr mehr als 500 Bewerbungen eingegangen. Daraus wurden in elf Kategorien jeweils drei Finalisten ausgew\u00e4hlt. Die 33 Kandidatinnen und Kandidaten kommen aus ganz Deutschland.<\/p>\n<p class=\"richtext text-em-55 !leading-serif mx-6 desktop:mx-0\">Mit dabei sind auch drei D\u00fcsseldorferinnen, die sich bis ins Finale durchschlagen konnten. In der Kategorie Mut meets Pioniere hat es Alice Martin bis ins Finale geschafft. Die D\u00fcsseldorfer \u00c4rztin und Unternehmerin ist die Gr\u00fcnderin von Dermanostic, eine digitale Hautarztpraxis per App, und gestaltet so die dermatologische Versorgung durch digitale Medizin neu, hei\u00dft es in der Erkl\u00e4rung des Awards. In der Kategorie Mut meets Nachhaltigkeit ist Anna Hiltrop im Finale. Sie ist Model und Botschafterin der Umweltinitiative \u201eRhine Clean Up\u201c und nutzt ihre Reichweite f\u00fcr Umweltbildung und <a href=\"https:\/\/rp-online.de\/thema\/klimaschutz\/\" rel=\"nofollow noopener\" target=\"_blank\">Klimaschutz<\/a>. Die dritte D\u00fcsseldorferin ist in der Kategorie Mut meets Technologie nominiert. Romina Medici ist Technologie-Expertin und KI-F\u00fchrungskraft und engagiert sich f\u00fcr Diversit\u00e4t und Chancengleichheit, um besonders auch Frauen in diesen Jobs zu f\u00f6rdern.<\/p>\n<p class=\"richtext text-em-55 !leading-serif mx-6 desktop:mx-0\">Die elf Kategorien des Awards sollen zeigen, wie unterschiedlich Mut im beruflichen und gesellschaftlichen Leben aussehen kann. Als \u201eMut Maker\u201c werden Menschen ausgezeichnet, die mit ihren Ideen Fortschritt erm\u00f6glichen, soziale und wirtschaftliche Barrieren \u00fcberwinden und bestehende Strukturen ver\u00e4ndern.<\/p>\n<p class=\"richtext text-em-55 !leading-serif mx-6 desktop:mx-0\">Wer den Award in den elf Kategorien gewinnt, wird am 29. Oktober 2026 bei der Preisverleihung in der <a href=\"https:\/\/rp-online.de\/thema\/bmw\/\" rel=\"nofollow noopener\" target=\"_blank\">BMW<\/a> Welt in M\u00fcnchen bekannt gegeben. Eine Jury entscheidet, wer geehrt wird. An diesem Abend wird au\u00dferdem die Auszeichnung \u201eMut Maker des Jahres\u201c vergeben. Gemeinsam mit G\u00e4sten aus Wirtschaft, Politik, Medien und Gesellschaft werden an diesem Abend Menschen gew\u00fcrdigt, die Verantwortung \u00fcbernehmen, Ver\u00e4nderungen ansto\u00dfen und anderen Mut machen. Zu den Programmpunkten geh\u00f6rt ein Vortrag von Bundestagspr\u00e4sidentin Julia Kl\u00f6ckner.<\/p>\n<p class=\"richtext text-em-55 !leading-serif mx-6 desktop:mx-0\">Die Initiatorin des Awards, Tijen Onaran, verfolgt damit ein klares Ziel: \u201eMut bedeutet f\u00fcr mich, das Unm\u00f6gliche m\u00f6glich zu machen. Mit dem Mut Maker Award zeichnen wir Menschen aus, die Haltung zeigen und Verantwortung \u00fcbernehmen.\u201c Mit dem Award will sie ebenfalls Haltung sichtbar machen.<\/p>\n","protected":false},"excerpt":{"rendered":"Der Frage, was Mut eigentlich bedeutet und wie dieser sich in der heutigen Zeit zeigt, geht die Unternehmerin&hellip;\n","protected":false},"author":2,"featured_media":1276851,"comment_status":"","ping_status":"","sticky":false,"template":"","format":"standard","meta":{"footnotes":"","_share_on_mastodon":"0"},"categories":[1831],"tags":[18980,20049,3364,29,3405,3679,69762,40075,2665,30,15801,23424,81348,35157,1209,263481,52964],"class_list":["post-1276850","post","type-post","status-publish","format-standard","has-post-thumbnail","category-duesseldorf","tag-award","tag-awards","tag-de","tag-deutschland","tag-duesseldorf","tag-duesseldorfer","tag-duesseldorferin","tag-duesseldorferinnen","tag-finale","tag-germany","tag-kategorie","tag-maker","tag-meets","tag-mut","tag-nordrhein-westfalen","tag-onaran","tag-unternehmerin"],"share_on_mastodon":{"url":"","error":""},"_links":{"self":[{"href":"https:\/\/www.europesays.com\/de\/wp-json\/wp\/v2\/posts\/1276850","targetHints":{"allow":["GET"]}}],"collection":[{"href":"https:\/\/www.europesays.com\/de\/wp-json\/wp\/v2\/posts"}],"about":[{"href":"https:\/\/www.europesays.com\/de\/wp-json\/wp\/v2\/types\/post"}],"author":[{"embeddable":true,"href":"https:\/\/www.europesays.com\/de\/wp-json\/wp\/v2\/users\/2"}],"replies":[{"embeddable":true,"href":"https:\/\/www.europesays.com\/de\/wp-json\/wp\/v2\/comments?post=1276850"}],"version-history":[{"count":0,"href":"https:\/\/www.europesays.com\/de\/wp-json\/wp\/v2\/posts\/1276850\/revisions"}],"wp:featuredmedia":[{"embeddable":true,"href":"https:\/\/www.europesays.com\/de\/wp-json\/wp\/v2\/media\/1276851"}],"wp:attachment":[{"href":"https:\/\/www.europesays.com\/de\/wp-json\/wp\/v2\/media?parent=1276850"}],"wp:term":[{"taxonomy":"category","embeddable":true,"href":"https:\/\/www.europesays.com\/de\/wp-json\/wp\/v2\/categories?post=1276850"},{"taxonomy":"post_tag","embeddable":true,"href":"https:\/\/www.europesays.com\/de\/wp-json\/wp\/v2\/tags?post=1276850"}],"curies":[{"name":"wp","href":"https:\/\/api.w.org\/{rel}","templated":true}]}}