{"id":1276891,"date":"2026-09-02T23:47:23","date_gmt":"2026-09-02T23:47:23","guid":{"rendered":"https:\/\/www.europesays.com\/de\/1276891\/"},"modified":"2026-09-02T23:47:23","modified_gmt":"2026-09-02T23:47:23","slug":"miley-cyrus-kuendigt-zehntes-studioalbum-an-suedtirol-news","status":"publish","type":"post","link":"https:\/\/www.europesays.com\/de\/1276891\/","title":{"rendered":"Miley Cyrus k\u00fcndigt zehntes Studioalbum an \u2013 S\u00fcdtirol News"},"content":{"rendered":"<p>&#8222;Bass Persuades&#8220; wird am 18. September ver\u00f6ffentlicht <\/p>\n<p>Mittwoch, 02. September 2026 | 08:33 Uhr<\/p>\n<p>                        <a href=\"https:\/\/www.europesays.com\/de\/wp-content\/uploads\/2026\/09\/bass-persuades-wird-am-18-september-veroeffentlicht.jpg.webp\" class=\"image-item\" data-sub-html=\"APA\/APA\/AFP\/FREDERIC J. BROWN\"><img decoding=\"async\"  fetchpriority=\"high\" alt=\"\\\" bass=\"\" persuades=\"\" wird=\"\" am=\"\" september=\"\" ver=\"\" src=\"https:\/\/www.europesays.com\/de\/wp-content\/uploads\/2026\/09\/bass-persuades-wird-am-18-september-veroeffentlicht.jpg.webp\"\/><\/p>\n<p>APA\/APA\/AFP\/FREDERIC J. BROWN<\/p>\n<p><\/a><\/p>\n<p>Von: importer<\/p>\n<p>US-Popstar Miley Cyrus bringt ihr zehntes Studioalbum noch in diesem Monat heraus. \u201cBass Persuades\u201d werde am 18. September ver\u00f6ffentlicht, k\u00fcndigte die 33-J\u00e4hrige auf Instagram an. \u201cMusik packt uns\u201d, schrieb sie. Man f\u00fchle die Musik, singe mit und manchmal tanze man dazu. \u201cSie ist kraftvoll, verletzlich, s\u00fc\u00df und stark.\u201d Der Titel bedeute f\u00fcr sie die ganze Bandbreite von einem vollen Herzen bis zum Herzschmerz.<\/p>\n<p>Die S\u00e4ngerin dankte ihren Fans daf\u00fcr, dass sie ein Teil davon seien, ihre \u201ck\u00fchnsten Tr\u00e4ume\u201d wahr werden zu lassen. Cyrus postete dazu ein Video von sich an einer E-Gitarre und das schwarz-wei\u00dfe Coverbild. Darauf ist sie mit schwarz geschminkten Augen und einer wei\u00dfen Rose im Mund zu sehen. Die S\u00e4ngerin k\u00fcndigte zudem zwei Konzerte f\u00fcr Mitte Oktober in der Freilichtb\u00fchne Hollywood Bowl in Los Angeles an.<\/p>\n<p>Die Grammy-Gewinnerin hatte im Mai 2025 mit \u201cSomething Beautiful\u201d ihr neuntes Studioalbum ver\u00f6ffentlicht. 2023 brachte sie das Vorg\u00e4ngeralbum \u201cEndless Summer Vacation\u201d heraus und landete damals mit \u201cFlowers\u201d einen Hit.<\/p>\n<p>Vorige Woche hatte Cyrus mit einer emotionalen Botschaft an ihre verstorbene Patentante Dolly Parton erinnert. Dolly w\u00fcrde sich w\u00fcnschen, dass sie nun den Schmerz zulasse, ein Lied dar\u00fcber schreibe und stark bleibe, schrieb Cyrus auf Instagram. \u201cIch habe einen Engel an meiner Seite. Das hatte ich immer. Eines unserer letzten Gespr\u00e4che ging um Musik und Metamorphose\u201d, f\u00fchrte die S\u00e4ngerin weiter aus. \u201cIch werde sie immer lieben und m\u00f6chte sie stolz machen.\u201d Die Country-Ikone Parton war am vorigen Dienstag im Alter von 80 Jahren in Nashville im US-Staat Tennessee gestorben.<\/p>\n","protected":false},"excerpt":{"rendered":"&#8222;Bass Persuades&#8220; wird am 18. September ver\u00f6ffentlicht Mittwoch, 02. September 2026 | 08:33 Uhr APA\/APA\/AFP\/FREDERIC J. BROWN Von:&hellip;\n","protected":false},"author":2,"featured_media":1276892,"comment_status":"","ping_status":"","sticky":false,"template":"","format":"standard","meta":{"footnotes":"","_share_on_mastodon":"0"},"categories":[1772],"tags":[29,214,30,2549,1779,810,215],"class_list":["post-1276891","post","type-post","status-publish","format-standard","has-post-thumbnail","category-musik","tag-deutschland","tag-entertainment","tag-germany","tag-leute","tag-music","tag-musik","tag-unterhaltung"],"share_on_mastodon":{"url":"https:\/\/pubeurope.com\/@de\/117204120179853141","error":""},"_links":{"self":[{"href":"https:\/\/www.europesays.com\/de\/wp-json\/wp\/v2\/posts\/1276891","targetHints":{"allow":["GET"]}}],"collection":[{"href":"https:\/\/www.europesays.com\/de\/wp-json\/wp\/v2\/posts"}],"about":[{"href":"https:\/\/www.europesays.com\/de\/wp-json\/wp\/v2\/types\/post"}],"author":[{"embeddable":true,"href":"https:\/\/www.europesays.com\/de\/wp-json\/wp\/v2\/users\/2"}],"replies":[{"embeddable":true,"href":"https:\/\/www.europesays.com\/de\/wp-json\/wp\/v2\/comments?post=1276891"}],"version-history":[{"count":0,"href":"https:\/\/www.europesays.com\/de\/wp-json\/wp\/v2\/posts\/1276891\/revisions"}],"wp:featuredmedia":[{"embeddable":true,"href":"https:\/\/www.europesays.com\/de\/wp-json\/wp\/v2\/media\/1276892"}],"wp:attachment":[{"href":"https:\/\/www.europesays.com\/de\/wp-json\/wp\/v2\/media?parent=1276891"}],"wp:term":[{"taxonomy":"category","embeddable":true,"href":"https:\/\/www.europesays.com\/de\/wp-json\/wp\/v2\/categories?post=1276891"},{"taxonomy":"post_tag","embeddable":true,"href":"https:\/\/www.europesays.com\/de\/wp-json\/wp\/v2\/tags?post=1276891"}],"curies":[{"name":"wp","href":"https:\/\/api.w.org\/{rel}","templated":true}]}}