{"id":1276893,"date":"2026-09-02T23:48:17","date_gmt":"2026-09-02T23:48:17","guid":{"rendered":"https:\/\/www.europesays.com\/de\/1276893\/"},"modified":"2026-09-02T23:48:17","modified_gmt":"2026-09-02T23:48:17","slug":"langer-trailer-zur-harry-potter-serie-ist-da-und-zeigt-endlich-mehr-vom-neuen-hogwarts","status":"publish","type":"post","link":"https:\/\/www.europesays.com\/de\/1276893\/","title":{"rendered":"Langer Trailer zur Harry Potter-Serie ist da \u2013 und zeigt endlich mehr vom neuen Hogwarts"},"content":{"rendered":"<p>In der Zaubererwelt von Harry Potter beginnt das neue Schuljahr stets am 1. September und so feierten auch Muggel-Fans gestern den &#8222;Back-to-Hogwarts-Day&#8220;. Schon am Wochenende veranstaltete Warner weltweite Events, um die Potterheads in magische Stimmung zu versetzen. Da l\u00e4sst es sich die kommende <a data-ga-on=\"click,auxclick,contextmenu\" data-ga-event-category=\"Article\" data-ga-event-action=\"Internal Link Text\" data-ga-event-label=\"Click\" title=\"Harry Potter-Serie\" href=\"https:\/\/www.moviepilot.de\/serie\/harry-potter-serie\" class=\"sc-6a922024-0 dZMhco mp_article_parsed_internal_link\" rel=\"nofollow noopener\" target=\"_blank\">Harry Potter-Serie<\/a> nat\u00fcrlich ebenfalls nicht nehmen, neue Enth\u00fcllungen aus dem Hut zu zaubern. Jetzt ver\u00f6ffentlichte der Sender HBO Max einen <b>neuen langen Teaser Trailer<\/b> zur dieses Jahr startenden Neuauflage von <a data-ga-on=\"click,auxclick,contextmenu\" data-ga-event-category=\"Article\" data-ga-event-action=\"Internal Link Text\" data-ga-event-label=\"Click\" title=\"Harry Potter und der Stein der Weisen\" href=\"https:\/\/www.moviepilot.de\/movies\/harry-potter-und-der-stein-der-weisen\" class=\"sc-6a922024-0 dZMhco mp_article_parsed_internal_link\" rel=\"nofollow noopener\" target=\"_blank\">Harry Potter und der Stein der Weisen<\/a>.<\/p>\n<p>Schaut hier den neuen Teaser Trailer zur Harry Potter-Serie:Zur\u00fcck nach Hogwarts: Neuer Harry Potter-Trailer zur Serie enth\u00fcllt endlich mehr von der Schule<\/p>\n<p><a data-ga-on=\"click,auxclick,contextmenu\" data-ga-event-category=\"Article\" data-ga-event-action=\"Internal Link Text\" data-ga-event-label=\"Click\" href=\"https:\/\/www.moviepilot.de\/news\/die-harry-potter-serie-kommt-was-ueber-start-besetzung-und-handlung-bekannt-ist-1141403\" class=\"sc-6a922024-0 dZMhco mp_article_parsed_internal_link\" rel=\"nofollow noopener\" target=\"_blank\"><b>Alles, was wir schon zur Harry Potter-Serie wissen<\/b><\/a>, deutet darauf hin, dass <a data-ga-on=\"click,auxclick,contextmenu\" data-ga-event-category=\"Article\" data-ga-event-action=\"Internal Link Text\" data-ga-event-label=\"Click\" title=\"Francesca Gardiners\" href=\"https:\/\/www.moviepilot.de\/people\/francesca-gardiner\" class=\"sc-6a922024-0 dZMhco mp_article_parsed_internal_link\" rel=\"nofollow noopener\" target=\"_blank\">Francesca Gardiners<\/a> Neuverfilmung von <a data-ga-on=\"click,auxclick,contextmenu\" data-ga-event-category=\"Article\" data-ga-event-action=\"Internal Link Text\" data-ga-event-label=\"Click\" title=\"J.K. Rowlings\" href=\"https:\/\/www.moviepilot.de\/people\/jk-rowling\" class=\"sc-6a922024-0 dZMhco mp_article_parsed_internal_link\" rel=\"nofollow noopener\" target=\"_blank\">J.K. Rowlings<\/a> erstem Band der erfolgreichen Fantasy-Buchreihe deutlich mehr ins Detail gehen wird, als der 2,5-st\u00fcndige Film es konnte. Die Geschichte bleibt trotz <a data-ga-on=\"click,auxclick,contextmenu\" data-ga-event-category=\"Article\" data-ga-event-action=\"Internal Link Text\" data-ga-event-label=\"Click\" href=\"https:\/\/www.moviepilot.de\/news\/neuer-harry-potter-star-offenbart-jetzt-schon-aenderung-wie-die-serie-von-den-filmen-und-buechern-abweicht-1160364\" class=\"sc-6a922024-0 dZMhco mp_article_parsed_internal_link\" rel=\"nofollow noopener\" target=\"_blank\">zus\u00e4tzlicher Perspektiven<\/a> aber nat\u00fcrlich dieselbe:<\/p>\n<p>Harry Potter (<a data-ga-on=\"click,auxclick,contextmenu\" data-ga-event-category=\"Article\" data-ga-event-action=\"Internal Link Text\" data-ga-event-label=\"Click\" title=\"Dominic McLaughlin\" href=\"https:\/\/www.moviepilot.de\/people\/dominic-mclaughlin\" class=\"sc-6a922024-0 dZMhco mp_article_parsed_internal_link\" rel=\"nofollow noopener\" target=\"_blank\">Dominic McLaughlin<\/a>) w\u00e4chst als Waisenkind bei seiner Tante Petunia, seinem Onkel Vernon und Cousin Dudley Dursley auf. Erst zu seinem elften Geburtstag erf\u00e4hrt der Junge, dass er in Wahrheit ein Zauberer ist und als solcher das britische Internat Hogwarts besuchen darf. Hier schlie\u00dft er dank Ron (<a data-ga-on=\"click,auxclick,contextmenu\" data-ga-event-category=\"Article\" data-ga-event-action=\"Internal Link Text\" data-ga-event-label=\"Click\" title=\"Alastair Stout\" href=\"https:\/\/www.moviepilot.de\/people\/alastair-stout\" class=\"sc-6a922024-0 dZMhco mp_article_parsed_internal_link\" rel=\"nofollow noopener\" target=\"_blank\">Alastair Stout<\/a>) und Hermine (<a data-ga-on=\"click,auxclick,contextmenu\" data-ga-event-category=\"Article\" data-ga-event-action=\"Internal Link Text\" data-ga-event-label=\"Click\" title=\"Arabella Stanton\" href=\"https:\/\/www.moviepilot.de\/people\/arabella-stanton\" class=\"sc-6a922024-0 dZMhco mp_article_parsed_internal_link\" rel=\"nofollow noopener\" target=\"_blank\">Arabella Stanton<\/a>) erstmals richtige Freundschaften. Doch B\u00f6sewicht Voldemort, der ihn seine Eltern gekostet und ihm seine markante <a data-ga-on=\"click,auxclick,contextmenu\" data-ga-event-category=\"Article\" data-ga-event-action=\"Internal Link Text\" data-ga-event-label=\"Click\" href=\"https:\/\/www.moviepilot.de\/news\/harry-potter-serie-bestatigt-jetzt-eine-der-grossten-anderungen-zu-den-filmen-1164098\" class=\"sc-6a922024-0 dZMhco mp_article_parsed_internal_link\" rel=\"nofollow noopener\" target=\"_blank\">(in der Serie ver\u00e4nderte) Blitznarbe<\/a> beschert hat, ist nicht so tot wie angenommen. Nun muss Harry verhindern, dass sein gr\u00f6\u00dfter Feind den unsterblich machenden Stein der Weisen in die Finger bekommt, der in Hogwarts versteckt ist.<\/p>\n<p>Staffel 1 (von geplanten 7) kann bereits eine <b><a data-ga-on=\"click,auxclick,contextmenu\" data-ga-event-category=\"Article\" data-ga-event-action=\"Internal Link Text\" data-ga-event-label=\"Click\" href=\"https:\/\/www.moviepilot.de\/news\/die-besetzung-der-harry-potter-serie-daher-kennt-ihr-die-neuen-stars-1151543\" class=\"sc-6a922024-0 dZMhco mp_article_parsed_internal_link\" rel=\"nofollow noopener\" target=\"_blank\">beachtliche Besetzung<\/a> <\/b>vorweisen. Nachdem der <a data-ga-on=\"click,auxclick,contextmenu\" data-ga-event-category=\"Article\" data-ga-event-action=\"Internal Link Text\" data-ga-event-label=\"Click\" href=\"https:\/\/www.moviepilot.de\/news\/der-erste-trailer-zur-harry-potter-serie-ist-da-so-anders-sieht-sie-im-vergleich-zu-den-filmen-aus-1161309\" class=\"sc-6a922024-0 dZMhco mp_article_parsed_internal_link\" rel=\"nofollow noopener\" target=\"_blank\">erste Teaser<\/a> im M\u00e4rz schon fr\u00fch Einblicke gew\u00e4hrte, geht der lange Trailer nun weiter in die Tiefe. Auch die zuvor von <a data-ga-on=\"click,auxclick,contextmenu\" data-ga-event-category=\"Article\" data-ga-event-action=\"Internal Link Text\" data-ga-event-label=\"Click\" href=\"https:\/\/www.moviepilot.de\/news\/ich-bin-riesiger-harry-potter-fan-aber-der-erste-serien-trailer-spaltet-mich-in-7-horkruxe-1161350\" class=\"sc-6a922024-0 dZMhco mp_article_parsed_internal_link\" rel=\"nofollow noopener\" target=\"_blank\">vielen kritisierten dunklen Farben<\/a> im ersten Serien-Einblick scheinen von HBO im neuen Video mit einem w\u00e4rmeren Color Grading (Tonabgleich) ersetzt worden zu sein.<\/p>\n<p>Dar\u00fcber hinaus hat die Harry Potter-Serie vorab <\/p>\n<p>zum &#8222;Schulstart&#8220; bereits das <b>neue Design der Hogwarts-Wappen<\/b> ver\u00f6ffentlicht, das Gryffindor, Ravenclaw, Hufflepuff und Slytherin optisch in die <a data-ga-on=\"click,auxclick,contextmenu\" data-ga-event-category=\"Article\" data-ga-event-action=\"Internal Link Text\" data-ga-event-label=\"Click\" href=\"https:\/\/www.moviepilot.de\/news\/harry-potter-serie-bestaetigt-offiziell-ihre-groesste-aenderung-so-grenzt-sie-sich-von-den-filmen-ab-1161564\" class=\"sc-6a922024-0 dZMhco mp_article_parsed_internal_link\" rel=\"nofollow noopener\" target=\"_blank\">Handlungszeit der 90er Jahre<\/a> zur\u00fcckversetzt:<\/p>\n<p>Empfohlener redaktioneller Inhalt<\/p>\n<p class=\"sc-b30a3730-3 buBmaA\">An dieser Stelle findest du einen externen Inhalt von <strong>Instagram<\/strong>, der den Artikel erg\u00e4nzt. Du kannst ihn dir mit einem Klick anzeigen lassen und wieder ausblenden.<\/p>\n<p><b>Mehr Harry Potter-Seriennews:<\/b><\/p>\n<p>Wann startet die Harry Potter-Serie und wo streamt sie?<\/p>\n<p>Der Start von Harry Potter als Serie wurde f\u00fcr <b>Weihnachten 2026 <\/b>verk\u00fcndet, wobei die meisten vermuten, dass es am 25. Dezember losgeht. Ob die insgesamt acht Folgen dann w\u00f6chentlich oder auf einmal kommen, wurde noch nicht verk\u00fcndet. <\/p>\n<p>Sicher ist aber, dass die Serie nur beim Streaming-Dienst <b>HBO Max<\/b> zu sehen sein wird. Warners Streaming-Plattform ist im Januar auch in Deutschland gestartet und kann mit <a data-ga-on=\"click,auxclick,contextmenu\" data-ga-event-category=\"Article\" data-ga-event-action=\"Internal Link Text\" data-ga-event-label=\"Click\" href=\"https:\/\/www.moviepilot.de\/news\/hbo-max-startet-in-3-tagen-in-deutschland-preise-programm-alle-wichtigen-infos-zu-dem-neuen-streaming-dienst-1159077\" class=\"sc-6a922024-0 dZMhco mp_article_parsed_internal_link\" rel=\"nofollow noopener\" target=\"_blank\">unterschiedlichen Abo-Modellen und Paketen<\/a> gebucht werden.<\/p>\n<p>Podcast: Hat die Harry Potter-Serie eine Chance? <\/p>\n<p>Weihnachten 2026 startet die <a data-ga-on=\"click,auxclick,contextmenu\" data-ga-event-category=\"Article\" data-ga-event-action=\"Internal Link Text\" data-ga-event-label=\"Click\" href=\"https:\/\/www.moviepilot.de\/news\/hat-die-harry-potter-serie-eine-chance-langjaehrige-filmfans-zu-ueberzeugen-1162172\" class=\"sc-6a922024-0 dZMhco mp_article_parsed_internal_link\" rel=\"nofollow noopener\" target=\"_blank\">Neuverfilmung von Harry Potter<\/a> als Serie bei HBO Max. Nachdem Staffel 1 mittlerweile abgedreht ist, geben wir euch ein Update zur erneuerten Besetzung und diskutieren die ersten Videoeindr\u00fccke des Trailers. <\/p>\n<p>Empfohlener redaktioneller Inhalt<\/p>\n<p class=\"sc-b30a3730-3 buBmaA\">An dieser Stelle findest du einen externen Inhalt, der den Artikel erg\u00e4nzt. Du kannst ihn dir mit einem Klick anzeigen lassen und wieder ausblenden.<\/p>\n<p>W\u00e4hrend wir die neuesten Entwicklungen und \u00c4nderungen besprechen, fragen wir uns als Fans der Kinofilme zugleich, ob wir die zwei Verfilmungen von Harry Potter jemals nicht miteinander vergleichen werden. <\/p>\n","protected":false},"excerpt":{"rendered":"In der Zaubererwelt von Harry Potter beginnt das neue Schuljahr stets am 1. September und so feierten auch&hellip;\n","protected":false},"author":2,"featured_media":1276894,"comment_status":"","ping_status":"","sticky":false,"template":"","format":"standard","meta":{"footnotes":"","_share_on_mastodon":"0"},"categories":[1771],"tags":[18808,1778,29,22817,214,30,3511,95,4036,12221,1777,56937,966,215],"class_list":["post-1276893","post","type-post","status-publish","format-standard","has-post-thumbnail","category-kino","tag-zauberer","tag-cinema","tag-deutschland","tag-dreharbeiten","tag-entertainment","tag-germany","tag-harry-potter","tag-kino","tag-london","tag-magie","tag-movie","tag-romanverfilmung","tag-schule","tag-unterhaltung"],"share_on_mastodon":{"url":"","error":""},"_links":{"self":[{"href":"https:\/\/www.europesays.com\/de\/wp-json\/wp\/v2\/posts\/1276893","targetHints":{"allow":["GET"]}}],"collection":[{"href":"https:\/\/www.europesays.com\/de\/wp-json\/wp\/v2\/posts"}],"about":[{"href":"https:\/\/www.europesays.com\/de\/wp-json\/wp\/v2\/types\/post"}],"author":[{"embeddable":true,"href":"https:\/\/www.europesays.com\/de\/wp-json\/wp\/v2\/users\/2"}],"replies":[{"embeddable":true,"href":"https:\/\/www.europesays.com\/de\/wp-json\/wp\/v2\/comments?post=1276893"}],"version-history":[{"count":0,"href":"https:\/\/www.europesays.com\/de\/wp-json\/wp\/v2\/posts\/1276893\/revisions"}],"wp:featuredmedia":[{"embeddable":true,"href":"https:\/\/www.europesays.com\/de\/wp-json\/wp\/v2\/media\/1276894"}],"wp:attachment":[{"href":"https:\/\/www.europesays.com\/de\/wp-json\/wp\/v2\/media?parent=1276893"}],"wp:term":[{"taxonomy":"category","embeddable":true,"href":"https:\/\/www.europesays.com\/de\/wp-json\/wp\/v2\/categories?post=1276893"},{"taxonomy":"post_tag","embeddable":true,"href":"https:\/\/www.europesays.com\/de\/wp-json\/wp\/v2\/tags?post=1276893"}],"curies":[{"name":"wp","href":"https:\/\/api.w.org\/{rel}","templated":true}]}}