{"id":1276905,"date":"2026-09-02T23:55:19","date_gmt":"2026-09-02T23:55:19","guid":{"rendered":"https:\/\/www.europesays.com\/de\/1276905\/"},"modified":"2026-09-02T23:55:19","modified_gmt":"2026-09-02T23:55:19","slug":"ukraine-krieg-aktuell-selenskyj-wuetend-auf-eigene-geheimdienste","status":"publish","type":"post","link":"https:\/\/www.europesays.com\/de\/1276905\/","title":{"rendered":"Ukraine-Krieg aktuell \u2013 Selenskyj w\u00fctend auf eigene Geheimdienste"},"content":{"rendered":"<p>Newsblog zum Krieg in der Ukraine <\/p>\n<p>&#8222;Absolut skandal\u00f6s&#8220; \u2013 Selenskyj w\u00fctend auf eigene Geheimdienste<\/p>\n<p>Aktualisiert am 03.09.2026 &#8211; 01:17 UhrLesedauer: 11 Min.<\/p>\n<p><a href=\"#focus-0\" class=\"transition-colors block text-current relative\" data-sctrack=\"FocusGalleryImage.Reference\"><img fetchpriority=\"high\" data-testid=\"Opener.Image\"   loading=\"eager\" src=\"https:\/\/www.europesays.com\/de\/wp-content\/uploads\/2026\/09\/wolodymyr-selenskyj-der-ukrainische-praesident-hat-seine-geheimdienste-kritisiert.jpg\" alt=\"urn:newsml:dpa.com:20090101:260827-935-1568614\" title=\"urn:newsml:dpa.com:20090101:260827-935-1568614\" width=\"2048\" height=\"1152\" class=\"bg-[url:var(--lqipURL)] bg-cover bg-center flex h-full w-full max-w-full\" style=\"--lqipURL:url('https:\/\/images.t-online.de\/2026\/09\/0eCyALqFQ4pq\/0x143:2048x1152\/fit-in\/150x0\/filters:blur(25)\/wolodymyr-selenskyj-der-ukrainische-praesident-hat-seine-geheimdienste-kritisiert.jpg')\" decoding=\"async\"\/><img loading=\"lazy\" src=\"https:\/\/www.t-online.de\/s\/paper\/_next\/static\/media\/zoom-in.f7dae02f.svg\" alt=\"Vergr\u00f6\u00dfern des Bildes\" title=\"Vergr\u00f6\u00dfern des Bildes\" class=\"block h-[calc(var(--height)_\/_16_*_1rem)] w-[calc(var(--width)_\/_16_*_1rem)] max-w-none absolute right-8 bottom-8 rounded-4 bg-snow p-8\" style=\"--width:32;--height:32\" decoding=\"async\"\/><\/a><\/p>\n<p>Wolodymyr Selenskyj: Der ukrainische Pr\u00e4sident hat seine Geheimdienste kritisiert. (Quelle: Leszek Szymanski\/dpa)<\/p>\n<p class=\"font-bold text-18 leading-17 user-text-lg:text-22 user-text-xl:text-24\">Der ukrainische Pr\u00e4sident kritisiert seine Geheimdienste. Der Ex-Pr\u00e4sident Russland geht Deutschland scharf an. Alle Entwicklungen im Newsblog.<\/p>\n<p>Wohnhaus in Odessa bei Angriff besch\u00e4digt<\/p>\n<p class=\"text-18 leading-17 user-text-lg:text-22 user-text-xl:text-24\">Bei einem russischen Luftangriff auf die ukrainische Schwarzmeer-Hafenstadt Odessa ist ein mehrst\u00f6ckiges Wohnhaus besch\u00e4digt worden. Das teilt die \u00f6rtliche Milit\u00e4rverwaltung auf Telegram mit. Weitere Einzelheiten werden zun\u00e4chst nicht genannt.<\/p>\n<p>Neue Warnfarben bei Luftalarm<\/p>\n<p class=\"text-18 leading-17 user-text-lg:text-22 user-text-xl:text-24\">Wegen der fast pausenlosen russischen Drohnen- und Raketenangriffe auf <a href=\"https:\/\/www.t-online.de\/themen\/kiew\/\" class=\"transition-colors cursor-pointer no-underline md:hover:text-magenta md:focus:text-magenta border-b border-solid border-current text-salemsfur md:hover:border-magenta\" data-tracking=\"{&quot;action&quot;:&quot;click&quot;,&quot;category&quot;:&quot;intextLink&quot;,&quot;label&quot;:&quot;\/themen\/kiew\/&quot;}\" data-sctrack=\"BodyAnchor\" rel=\"nofollow noopener\" target=\"_blank\">Kiew<\/a> \u00e4ndert die <a href=\"https:\/\/www.t-online.de\/themen\/ukraine\/\" class=\"transition-colors cursor-pointer no-underline md:hover:text-magenta md:focus:text-magenta border-b border-solid border-current text-salemsfur md:hover:border-magenta\" data-tracking=\"{&quot;action&quot;:&quot;click&quot;,&quot;category&quot;:&quot;intextLink&quot;,&quot;label&quot;:&quot;\/themen\/ukraine\/&quot;}\" data-sctrack=\"BodyAnchor\" rel=\"nofollow noopener\" target=\"_blank\">Ukraine<\/a> die Regeln f\u00fcr Luftalarme. K\u00fcnftig solle es eine Alarmstufe Gelb geben, wenn beispielsweise eine Drohne im Anflug sei, teilte Pr\u00e4sident <a href=\"https:\/\/www.t-online.de\/themen\/wolodymyr-selenskyj\/\" class=\"transition-colors cursor-pointer no-underline md:hover:text-magenta md:focus:text-magenta border-b border-solid border-current text-salemsfur md:hover:border-magenta\" data-tracking=\"{&quot;action&quot;:&quot;click&quot;,&quot;category&quot;:&quot;intextLink&quot;,&quot;label&quot;:&quot;\/themen\/wolodymyr-selenskyj\/&quot;}\" data-sctrack=\"BodyAnchor\" rel=\"nofollow noopener\" target=\"_blank\">Wolodymyr Selenskyj<\/a> nach einer Beratung mit der Regierung mit. Alarmstufe Rot bedeute einen Angriff mit ballistischen Raketen oder eine massive Attacke anderer Art. Entsprechend w\u00fcrden auch verschiedene Sirenensignale entwickelt.<\/p>\n<p>Selenskyj w\u00fctend: Geheimdienste greifen sich gegenseitig an<\/p>\n<p class=\"text-18 leading-17 user-text-lg:text-22 user-text-xl:text-24\">Der ukrainische Pr\u00e4sident Wolodymyr Selenskyj hat eine undurchsichtige Schie\u00dferei zwischen seinen Geheimdiensten scharf kritisiert. Er sprach von einer &#8222;absolut skandal\u00f6sen Situation&#8220;. Der Generalstaatsanwalt m\u00fcsse kl\u00e4ren, warum sich Mitarbeiter des Inlandsgeheimdienstes SBU und des Milit\u00e4rgeheimdienstes HUR in Kiew einen Schusswechsel mit Verletzten geliefert h\u00e4tten, sagte Selenskyj. &#8222;Hier in der Ukraine darf nur auf russische Besatzer geschossen werden, um die Ukraine zu verteidigen&#8220;, sagte er.<\/p>\n<p class=\"text-18 leading-17 user-text-lg:text-22 user-text-xl:text-24\">Der SBU teilte am Mittwoch zun\u00e4chst mit, gemeinsam mit dem HUR sei es gelungen, einen aus <a href=\"https:\/\/www.t-online.de\/themen\/moskau\/\" class=\"transition-colors cursor-pointer no-underline md:hover:text-magenta md:focus:text-magenta border-b border-solid border-current text-salemsfur md:hover:border-magenta\" data-tracking=\"{&quot;action&quot;:&quot;click&quot;,&quot;category&quot;:&quot;intextLink&quot;,&quot;label&quot;:&quot;\/themen\/moskau\/&quot;}\" data-sctrack=\"BodyAnchor\" rel=\"nofollow noopener\" target=\"_blank\">Moskau<\/a> gesteuerten Anschlag auf einen russischen Oppositionellen zu verhindern. Nach Kiewer Medienberichten soll es sich dabei um einen Offizier des Russischen Freiwilligenkorps RDK handeln, das auf Seiten der Ukraine k\u00e4mpft.<\/p>\n<p class=\"text-18 leading-17 user-text-lg:text-22 user-text-xl:text-24\">Sp\u00e4ter schrieb der SBU, seine Einsatzkr\u00e4fte seien bei einer Ermittlungsaktion von Unbekannten angegriffen worden. In einem Schusswechsel seien mehrere Angreifer verletzt worden. Sie h\u00e4tten sich als Armeeangeh\u00f6rige herausgestellt. Die Aufsicht \u00fcber die russischen Freiwilligen f\u00fchrt der Milit\u00e4rgeheimdienst HUR, der sich bislang nicht offiziell zu dem Vorfall \u00e4u\u00dferte.<\/p>\n<p>Medwedew: Deutschland verdient direkte Angriffe<\/p>\n<p class=\"text-18 leading-17 user-text-lg:text-22 user-text-xl:text-24\">Der Vizechef des russischen nationalen Sicherheitsrates, Dmitri Medwedew, droht Deutschland wegen der Sanktionen nach dem Fund einer Sprengstoff-Drohne auf dem <a href=\"https:\/\/www.t-online.de\/themen\/flughafen\/\" class=\"transition-colors cursor-pointer no-underline md:hover:text-magenta md:focus:text-magenta border-b border-solid border-current text-salemsfur md:hover:border-magenta\" data-tracking=\"{&quot;action&quot;:&quot;click&quot;,&quot;category&quot;:&quot;intextLink&quot;,&quot;label&quot;:&quot;\/themen\/flughafen\/&quot;}\" data-sctrack=\"BodyAnchor\" rel=\"nofollow noopener\" target=\"_blank\">Flughafen<\/a> Halle\/Leipzig mit Bestrafung. &#8222;Sie verdienen einen direkten Schlag gegen alle deutschen Produktionsst\u00e4tten f\u00fcr Milit\u00e4rtechnik&#8220;, schrieb der f\u00fcr seine scharfen \u00c4u\u00dferungen bekannte Kremlpolitiker bei Telegram. Gemeint seien R\u00fcstungsbetriebe, die f\u00fcr die Ukraine arbeiten \u2013 und &#8222;durchaus auch einige andere Orte in Berlin&#8220;.<\/p>\n<p class=\"text-18 leading-17 user-text-lg:text-22 user-text-xl:text-24\">Medwedew warf den deutschen Beh\u00f6rden vor, den Angriff auf dem Flughafen erfunden zu haben. Beweise gebe es nicht, betonte der russische Ex-Pr\u00e4sident. Medwedew beschimpfte die &#8222;derzeitige deutsche F\u00fchrung&#8220; als &#8222;neonazistisch&#8220; und &#8222;extrem russophob&#8220;. <a href=\"https:\/\/www.t-online.de\/themen\/russland\/\" class=\"transition-colors cursor-pointer no-underline md:hover:text-magenta md:focus:text-magenta border-b border-solid border-current text-salemsfur md:hover:border-magenta\" data-tracking=\"{&quot;action&quot;:&quot;click&quot;,&quot;category&quot;:&quot;intextLink&quot;,&quot;label&quot;:&quot;\/themen\/russland\/&quot;}\" data-sctrack=\"BodyAnchor\" rel=\"nofollow noopener\" target=\"_blank\">Russland<\/a> sehe den Fall um die nicht detonierte Drohne als eine &#8222;Provokation&#8220;, die den Interessen der Ukraine diene.<\/p>\n","protected":false},"excerpt":{"rendered":"Newsblog zum Krieg in der Ukraine &#8222;Absolut skandal\u00f6s&#8220; \u2013 Selenskyj w\u00fctend auf eigene Geheimdienste Aktualisiert am 03.09.2026 &#8211;&hellip;\n","protected":false},"author":2,"featured_media":1276906,"comment_status":"","ping_status":"","sticky":false,"template":"","format":"standard","meta":{"footnotes":"","_share_on_mastodon":"0"},"categories":[3],"tags":[1217,326,6079,522,296,144510,1173,29,309,1478,7563,775,325,13,5793,71,308,14,15,3129,18223,307,12,10,8,9,11,317,312,103,306,107,104],"class_list":["post-1276905","post","type-post","status-publish","format-standard","has-post-thumbnail","category-welt","tag-1217","tag-326","tag-6079","tag-522","tag-berlin","tag-bischkek","tag-bundesregierung","tag-deutschland","tag-dmitri-medwedew","tag-drohne","tag-flughafen-leipzig-halle","tag-friedrich-merz","tag-geheimdienst","tag-headlines","tag-kiew","tag-leipzig","tag-moskau","tag-nachrichten","tag-news","tag-newsblog","tag-odessa","tag-russland","tag-schlagzeilen","tag-top-news","tag-top-meldungen","tag-topmeldungen","tag-topnews","tag-ukraine","tag-ukrainekrieg","tag-welt","tag-wladimir-putin","tag-wolodymyr-selenskyj","tag-world"],"share_on_mastodon":{"url":"https:\/\/pubeurope.com\/@de\/117204154483828224","error":""},"_links":{"self":[{"href":"https:\/\/www.europesays.com\/de\/wp-json\/wp\/v2\/posts\/1276905","targetHints":{"allow":["GET"]}}],"collection":[{"href":"https:\/\/www.europesays.com\/de\/wp-json\/wp\/v2\/posts"}],"about":[{"href":"https:\/\/www.europesays.com\/de\/wp-json\/wp\/v2\/types\/post"}],"author":[{"embeddable":true,"href":"https:\/\/www.europesays.com\/de\/wp-json\/wp\/v2\/users\/2"}],"replies":[{"embeddable":true,"href":"https:\/\/www.europesays.com\/de\/wp-json\/wp\/v2\/comments?post=1276905"}],"version-history":[{"count":0,"href":"https:\/\/www.europesays.com\/de\/wp-json\/wp\/v2\/posts\/1276905\/revisions"}],"wp:featuredmedia":[{"embeddable":true,"href":"https:\/\/www.europesays.com\/de\/wp-json\/wp\/v2\/media\/1276906"}],"wp:attachment":[{"href":"https:\/\/www.europesays.com\/de\/wp-json\/wp\/v2\/media?parent=1276905"}],"wp:term":[{"taxonomy":"category","embeddable":true,"href":"https:\/\/www.europesays.com\/de\/wp-json\/wp\/v2\/categories?post=1276905"},{"taxonomy":"post_tag","embeddable":true,"href":"https:\/\/www.europesays.com\/de\/wp-json\/wp\/v2\/tags?post=1276905"}],"curies":[{"name":"wp","href":"https:\/\/api.w.org\/{rel}","templated":true}]}}