{"id":1276921,"date":"2026-09-03T00:05:21","date_gmt":"2026-09-03T00:05:21","guid":{"rendered":"https:\/\/www.europesays.com\/de\/1276921\/"},"modified":"2026-09-03T00:05:21","modified_gmt":"2026-09-03T00:05:21","slug":"fw-toenisvorst-wechsel-in-die-ehrenabteilung-stadtbrandinspektor-toni-van-cleef","status":"publish","type":"post","link":"https:\/\/www.europesays.com\/de\/1276921\/","title":{"rendered":"FW T\u00f6nisvorst: Wechsel in die Ehrenabteilung: Stadtbrandinspektor Toni van Cleef &#8230;"},"content":{"rendered":"<p class=\"date\">02.09.2026 \u2013 20:54<\/p>\n<p class=\"customer\">\n                        <a class=\"story-customer\" title=\"weiter zum newsroom von Freiwillige Feuerwehr T\u00f6nisvorst\" href=\"https:\/\/www.presseportal.de\/blaulicht\/nr\/128354\" rel=\"nofollow noopener\" target=\"_blank\">Freiwillige Feuerwehr T\u00f6nisvorst<\/a>\n                    <\/p>\n<p><a class=\"glightbox event-trigger\" href=\"https:\/\/cache.pressmailing.net\/thumbnail\/story_hires\/189ab721-8d8f-40f8-b2af-182b8679e0fb\/IMG_1616.jpeg.jpg\" data-description=\"\u00dcberstellung von Toni van Cleef (M) in die Ehrenabteilung durch die aktuelle L\u00f6schzug- und Wehrf\u00fchrung\" data-category=\"medialightbox\" data-action=\"click\" data-label=\"single\" data-value=\"6a9870e0270000fd2cc52489\" rel=\"nofollow noopener\" target=\"_blank\"><img decoding=\"async\" height=\"540\" with=\"720\" src=\"https:\/\/www.europesays.com\/de\/wp-content\/uploads\/2026\/09\/fw-t-nisvorst-wechsel-in-die-ehrenabteilung-stadtbrandinspektor-toni-van-cleef-wechselt-nach-ber-45-.jpeg\"   alt=\"FW T\u00f6nisvorst: Wechsel in die Ehrenabteilung: Stadtbrandinspektor Toni van Cleef wechselt nach \u00fcber 45 Jahren aktiver Dienstzeit\" class=\"single\"\/><\/a><\/p>\n<p><a data-category=\"citylink-story-view\" data-action=\"click\" data-label=\"Citylink in Meldungsansicht\" class=\"story-city event-trigger\" href=\"https:\/\/www.presseportal.de\/regional\/T%F6nisvorst\" title=\"News aus T\u00f6nisvorst \" rel=\"nofollow noopener\" target=\"_blank\">T\u00f6nisvorst<\/a> (ots)<\/p>\n<p>T\u00f6nisvorst-Vorst, 02.09.2026<\/p>\n<p>Eine pr\u00e4gende Pers\u00f6nlichkeit der Freiwilligen Feuerwehr T\u00f6nisvorst wechselt aus dem aktiven, ehrenamtlichen Einsatzdienst in die Ehrenabteilung: Stadtbrandinspektor Toni van Cleef blickt auf knapp 45 Jahre au\u00dferordentliches Engagement im L\u00f6schzug Vorst zur\u00fcck. Seine Laufbahn begann im Juli 1981. Bereits kurz nach seinem Eintritt absolvierte er von Herbst 1981 bis Fr\u00fchjahr 1982 seine Grundausbildung in Kempen.<br \/>\nIn den folgenden Jahrzehnten f\u00fcllte sich seine Stammakte mit insgesamt acht Seiten voller Lehrg\u00e4nge, Fortbildungen und Bef\u00f6rderungen. Neben dem regul\u00e4ren Feuerwehrdienst engagierte sich van Cleef fr\u00fch im Katastrophenschutz und \u00fcbernahm ab 1987 Verantwortung als stellvertretender Zugf\u00fchrer im ABC-Zug. Seine Fachthemen baute er stetig aus: Seit 1993 ist er bis heute als Kreisausbilder f\u00fcr Strahlenschutz sowie f\u00fcr Gef\u00e4hrliche Stoffe und G\u00fcter im Kreis Viersen t\u00e4tig. Auch im klassischen Feuerwehrwesen durchlief er s\u00e4mtliche F\u00fchrungsstufen, vom Truppf\u00fchrer \u00fcber den Gruppenf\u00fchrer bis hin zum Verbandsf\u00fchrer und Leiter einer Feuerwehr. Mit der Gr\u00fcndung der Jugendfeuerwehr im Jahr 1994 \u00fcbernahm er als stellvertretender Jugendfeuerwehrwart ma\u00dfgebliche Verantwortung f\u00fcr die Nachwuchsf\u00f6rderung.<br \/>\nIm Jahr 2008 wurde er zum Brandoberinspektor bef\u00f6rdert und \u00fcbernahm 2010 die Funktion des stellvertretenden L\u00f6schzugf\u00fchrers in Vorst. Nach dem Erreichen der h\u00f6chsten Dienstgradstufe als Stadtbrandinspektor im Jahr 2012 folgte 2015 die Ernennung zum L\u00f6schzugf\u00fchrer des L\u00f6schzuges Vorst sowie zum stellvertretenden Leiter der Feuerwehr T\u00f6nisvorst &#8211; \u00c4mter, die er bis Ende 2019 mit gro\u00dfem Einsatz aus\u00fcbte. Bis zu seinem 55. Lebensjahr war er zudem als aktiver Atemschutzger\u00e4tetr\u00e4ger im Einsatz und gab sein Erfahrungswissen stets an j\u00fcngere Kameradinnen und Kameraden weiter. Sein unerm\u00fcdliches Engagement wurde unter anderem 2012 mit dem Silbernen Verdienstabzeichen des Kreisfeuerwehrverbandes Viersen gew\u00fcrdigt.<br \/>\nDie offizielle \u00dcberstellung in die Ehrenabteilung wurde nun durch den gegenw\u00e4rtigen L\u00f6schzugf\u00fchrer Bernd Heyer vollzogen. Zu diesem besonderen Anlass hatten sich zahlreiche Weggef\u00e4hrten aus van Cleefs langj\u00e4hriger Zeit als Kreisausbilder f\u00fcr Strahlenschutz und Gef\u00e4hrliche Stoffe und G\u00fcter eingefunden, um dem verdienten Kameraden ihren Respekt zu zollen. Ein besonderer Dank galt im Rahmen der Feierstunde auch seiner Ehefrau, die ebenfalls anwesend war: Ihr wurde herzlich daf\u00fcr gedankt, dass sie \u00fcber so viele Jahre hinweg in unz\u00e4hligen Stunden auf ihren Mann verzichtet hat, um seinen Dienst zum Wohl der Bev\u00f6lkerung zu erm\u00f6glichen. Mit der \u00dcberstellung gewinnt die Ehrenabteilung des L\u00f6schzuges Vorst ein gro\u00dfes Vorbild an Verl\u00e4sslichkeit und Kameradschaft und die aktiven Kameraden verlieren einen engagierten ehrenamtlichen Mitstreiter.<\/p>\n<p class=\"contact-headline\">R\u00fcckfragen bitte an:<\/p>\n<p class=\"contact-text\">Freiwillige Feuerwehr T\u00f6nisvorst<br \/>Pressestelle<br \/>StBI David Br\u00e4uning<br \/>Telefon: 02151 &#8211; 999 398<br \/><a href=\"https:\/\/www.presseportal.de\/blaulicht\/pm\/128354\/mailto:presse@feuerwehrtoenisvorst.de\" class=\"uri-mailto\" rel=\"nofollow noopener\" target=\"_blank\">presse@feuerwehrtoenisvorst.de<\/a><br \/><a target=\"_blank\" class=\"uri-ext outbound\" rel=\"noopener nofollow\" href=\"https:\/\/www.feuerwehrtoenisvorst.de\/\">www.feuerwehrtoenisvorst.de\/<\/a><\/p>\n<p class=\"originator\">Original-Content von: Freiwillige Feuerwehr T\u00f6nisvorst, \u00fcbermittelt durch news aktuell<\/p>\n","protected":false},"excerpt":{"rendered":"02.09.2026 \u2013 20:54 Freiwillige Feuerwehr T\u00f6nisvorst T\u00f6nisvorst (ots) T\u00f6nisvorst-Vorst, 02.09.2026 Eine pr\u00e4gende Pers\u00f6nlichkeit der Freiwilligen Feuerwehr T\u00f6nisvorst wechselt&hellip;\n","protected":false},"author":2,"featured_media":1276922,"comment_status":"","ping_status":"","sticky":false,"template":"","format":"standard","meta":{"footnotes":"","_share_on_mastodon":"0"},"categories":[1849],"tags":[3364,29,548,663,3934,985,30,13,4455,14,15,1209,176,178,180,179,181,12],"class_list":["post-1276921","post","type-post","status-publish","format-standard","has-post-thumbnail","category-moenchengladbach","tag-de","tag-deutschland","tag-eu","tag-europa","tag-europe","tag-feuerwehr","tag-germany","tag-headlines","tag-moenchengladbach","tag-nachrichten","tag-news","tag-nordrhein-westfalen","tag-nrw","tag-presse","tag-pressemeldung","tag-pressemitteilung","tag-pressemitteilungen","tag-schlagzeilen"],"share_on_mastodon":{"url":"https:\/\/pubeurope.com\/@de\/117204192540249875","error":""},"_links":{"self":[{"href":"https:\/\/www.europesays.com\/de\/wp-json\/wp\/v2\/posts\/1276921","targetHints":{"allow":["GET"]}}],"collection":[{"href":"https:\/\/www.europesays.com\/de\/wp-json\/wp\/v2\/posts"}],"about":[{"href":"https:\/\/www.europesays.com\/de\/wp-json\/wp\/v2\/types\/post"}],"author":[{"embeddable":true,"href":"https:\/\/www.europesays.com\/de\/wp-json\/wp\/v2\/users\/2"}],"replies":[{"embeddable":true,"href":"https:\/\/www.europesays.com\/de\/wp-json\/wp\/v2\/comments?post=1276921"}],"version-history":[{"count":0,"href":"https:\/\/www.europesays.com\/de\/wp-json\/wp\/v2\/posts\/1276921\/revisions"}],"wp:featuredmedia":[{"embeddable":true,"href":"https:\/\/www.europesays.com\/de\/wp-json\/wp\/v2\/media\/1276922"}],"wp:attachment":[{"href":"https:\/\/www.europesays.com\/de\/wp-json\/wp\/v2\/media?parent=1276921"}],"wp:term":[{"taxonomy":"category","embeddable":true,"href":"https:\/\/www.europesays.com\/de\/wp-json\/wp\/v2\/categories?post=1276921"},{"taxonomy":"post_tag","embeddable":true,"href":"https:\/\/www.europesays.com\/de\/wp-json\/wp\/v2\/tags?post=1276921"}],"curies":[{"name":"wp","href":"https:\/\/api.w.org\/{rel}","templated":true}]}}