{"id":1276923,"date":"2026-09-03T00:07:15","date_gmt":"2026-09-03T00:07:15","guid":{"rendered":"https:\/\/www.europesays.com\/de\/1276923\/"},"modified":"2026-09-03T00:07:15","modified_gmt":"2026-09-03T00:07:15","slug":"gelsenkirchen-heimat-shoppen-in-horst-startet","status":"publish","type":"post","link":"https:\/\/www.europesays.com\/de\/1276923\/","title":{"rendered":"Gelsenkirchen: Heimat shoppen in Horst startet"},"content":{"rendered":"<p>Als Kunden in Gelsenkirchen-Horst k\u00f6nnt ihr bis zum 10. September in teilnehmenden Gesch\u00e4ften Stempel sammeln. F\u00fcr eine vollst\u00e4ndige Karte braucht ihr f\u00fcnf Stempel aus f\u00fcnf verschiedenen L\u00e4den. Die Karten gibt es kostenlos beim Textilhaus Strickling. Insgesamt stehen 250 St\u00fcck zur Verf\u00fcgung. Zu gewinnen gibt es einen Einkaufsgutschein im Wert von 100 Euro. Die Auslosung ist am 11. September beim Horster Feierabendmarkt vor der St.-Hippolytus-Kirche. Wer eine vollst\u00e4ndige Karte einreicht, aber nicht gewinnt, bekommt ebenfalls eine kleine Aufmerksamkeit.<\/p>\n","protected":false},"excerpt":{"rendered":"Als Kunden in Gelsenkirchen-Horst k\u00f6nnt ihr bis zum 10. September in teilnehmenden Gesch\u00e4ften Stempel sammeln. F\u00fcr eine vollst\u00e4ndige&hellip;\n","protected":false},"author":2,"featured_media":1276924,"comment_status":"","ping_status":"","sticky":false,"template":"","format":"standard","meta":{"footnotes":"","_share_on_mastodon":"0"},"categories":[1848],"tags":[3364,29,548,663,3934,3658,30,13,14,15,1209,12],"class_list":["post-1276923","post","type-post","status-publish","format-standard","has-post-thumbnail","category-gelsenkirchen","tag-de","tag-deutschland","tag-eu","tag-europa","tag-europe","tag-gelsenkirchen","tag-germany","tag-headlines","tag-nachrichten","tag-news","tag-nordrhein-westfalen","tag-schlagzeilen"],"share_on_mastodon":{"url":"","error":""},"_links":{"self":[{"href":"https:\/\/www.europesays.com\/de\/wp-json\/wp\/v2\/posts\/1276923","targetHints":{"allow":["GET"]}}],"collection":[{"href":"https:\/\/www.europesays.com\/de\/wp-json\/wp\/v2\/posts"}],"about":[{"href":"https:\/\/www.europesays.com\/de\/wp-json\/wp\/v2\/types\/post"}],"author":[{"embeddable":true,"href":"https:\/\/www.europesays.com\/de\/wp-json\/wp\/v2\/users\/2"}],"replies":[{"embeddable":true,"href":"https:\/\/www.europesays.com\/de\/wp-json\/wp\/v2\/comments?post=1276923"}],"version-history":[{"count":0,"href":"https:\/\/www.europesays.com\/de\/wp-json\/wp\/v2\/posts\/1276923\/revisions"}],"wp:featuredmedia":[{"embeddable":true,"href":"https:\/\/www.europesays.com\/de\/wp-json\/wp\/v2\/media\/1276924"}],"wp:attachment":[{"href":"https:\/\/www.europesays.com\/de\/wp-json\/wp\/v2\/media?parent=1276923"}],"wp:term":[{"taxonomy":"category","embeddable":true,"href":"https:\/\/www.europesays.com\/de\/wp-json\/wp\/v2\/categories?post=1276923"},{"taxonomy":"post_tag","embeddable":true,"href":"https:\/\/www.europesays.com\/de\/wp-json\/wp\/v2\/tags?post=1276923"}],"curies":[{"name":"wp","href":"https:\/\/api.w.org\/{rel}","templated":true}]}}