{"id":1276939,"date":"2026-09-03T00:18:27","date_gmt":"2026-09-03T00:18:27","guid":{"rendered":"https:\/\/www.europesays.com\/de\/1276939\/"},"modified":"2026-09-03T00:18:27","modified_gmt":"2026-09-03T00:18:27","slug":"bethel-wohnheim-brechten-anwohner-diskutieren-plaene-und-sorgen","status":"publish","type":"post","link":"https:\/\/www.europesays.com\/de\/1276939\/","title":{"rendered":"Bethel-Wohnheim Brechten: Anwohner diskutieren Pl\u00e4ne und Sorgen"},"content":{"rendered":"<p>\t\tNach Protest gegen Wohnheim-Pl\u00e4ne<br \/>\n\t\t\t\t\tBei Infoabend werden Sorgen der Brechtener erneut laut<\/p>\n<p>\t\t<img alt=\"\" src=\"https:\/\/www.europesays.com\/de\/wp-content\/uploads\/2025\/05\/630_0036_48786_.jpg\"  class=\"avatar avatar-36 photo avatar-default\" height=\"36\" width=\"36\" loading=\"eager\" decoding=\"async\"\/>\t\t<a class=\"article-author__name\" href=\"https:\/\/www.ruhrnachrichten.de\/author\/andreas-schroeter\/\" rel=\"author nofollow noopener\" target=\"_blank\">Andreas Schr\u00f6ter<\/a><br \/>\n\t\tRedakteur<\/p>\n<p>    <a href=\"https:\/\/www.ruhrnachrichten.de\/wp-content\/uploads\/2026\/09\/02\/15\/630_0900_6780712_-1648x824.jpg\" rel=\"nofollow noopener\" target=\"_blank\"><\/p>\n<p>            <img decoding=\"async\" fetchpriority=\"high\" src=\"https:\/\/www.europesays.com\/de\/wp-content\/uploads\/2026\/09\/630_0900_6780646_-640x428.jpg\" width=\"640\" height=\"428\"  alt=\"Auf gro\u00dfes Interesse stie\u00df die Informations- und Diskussionsveranstaltung zum geplanten Bethel-Behindertenheim im Baugebiet Brechtener Heide.\"\/><\/p>\n<p>    <\/a><br \/>\n    Auf gro\u00dfes Interesse stie\u00df die Informations- und Diskussionsveranstaltung zum geplanten Bethel-Behindertenheim im Baugebiet Brechtener Heide. \u00a9 Andreas Schr\u00f6ter<\/p>\n<p class=\"article__teaser-text\">Bethel stellt sich der Kritik der Anwohner. Doch viele Fragen zum Wohnangebot an der Heinrich-Heine-Stra\u00dfe bleiben offen.<\/p>\n<p>3 Min Lesezeit<\/p>\n<p>Wer hier wohnen sollNoch kein konkreter Baubeginn<\/p>\n","protected":false},"excerpt":{"rendered":"Nach Protest gegen Wohnheim-Pl\u00e4ne Bei Infoabend werden Sorgen der Brechtener erneut laut Andreas Schr\u00f6ter Redakteur Auf gro\u00dfes Interesse&hellip;\n","protected":false},"author":2,"featured_media":1276940,"comment_status":"","ping_status":"","sticky":false,"template":"","format":"standard","meta":{"footnotes":"","_share_on_mastodon":"0"},"categories":[1841],"tags":[22060,1605,3364,29,30,3566,1209],"class_list":["post-1276939","post","type-post","status-publish","format-standard","has-post-thumbnail","category-bielefeld","tag-bethel","tag-bielefeld","tag-de","tag-deutschland","tag-germany","tag-immobilien-wohnen","tag-nordrhein-westfalen"],"share_on_mastodon":{"url":"https:\/\/pubeurope.com\/@de\/117204244576953702","error":""},"_links":{"self":[{"href":"https:\/\/www.europesays.com\/de\/wp-json\/wp\/v2\/posts\/1276939","targetHints":{"allow":["GET"]}}],"collection":[{"href":"https:\/\/www.europesays.com\/de\/wp-json\/wp\/v2\/posts"}],"about":[{"href":"https:\/\/www.europesays.com\/de\/wp-json\/wp\/v2\/types\/post"}],"author":[{"embeddable":true,"href":"https:\/\/www.europesays.com\/de\/wp-json\/wp\/v2\/users\/2"}],"replies":[{"embeddable":true,"href":"https:\/\/www.europesays.com\/de\/wp-json\/wp\/v2\/comments?post=1276939"}],"version-history":[{"count":0,"href":"https:\/\/www.europesays.com\/de\/wp-json\/wp\/v2\/posts\/1276939\/revisions"}],"wp:featuredmedia":[{"embeddable":true,"href":"https:\/\/www.europesays.com\/de\/wp-json\/wp\/v2\/media\/1276940"}],"wp:attachment":[{"href":"https:\/\/www.europesays.com\/de\/wp-json\/wp\/v2\/media?parent=1276939"}],"wp:term":[{"taxonomy":"category","embeddable":true,"href":"https:\/\/www.europesays.com\/de\/wp-json\/wp\/v2\/categories?post=1276939"},{"taxonomy":"post_tag","embeddable":true,"href":"https:\/\/www.europesays.com\/de\/wp-json\/wp\/v2\/tags?post=1276939"}],"curies":[{"name":"wp","href":"https:\/\/api.w.org\/{rel}","templated":true}]}}