{"id":1276950,"date":"2026-09-03T00:26:28","date_gmt":"2026-09-03T00:26:28","guid":{"rendered":"https:\/\/www.europesays.com\/de\/1276950\/"},"modified":"2026-09-03T00:26:28","modified_gmt":"2026-09-03T00:26:28","slug":"heeresinspekteur-warnt-vor-russland-brauchen-mehr-kapazitaeten","status":"publish","type":"post","link":"https:\/\/www.europesays.com\/de\/1276950\/","title":{"rendered":"Heeresinspekteur warnt vor Russland&#8220; Brauchen mehr Kapazit\u00e4ten"},"content":{"rendered":"<p>Heeresinspekteur warnt <\/p>\n<p>&#8222;Wir m\u00fcssen in einen anderen Modus schalten&#8220;<\/p>\n<p>03.09.2026 &#8211; 00:47 UhrLesedauer: 2 Min.<\/p>\n<p><a href=\"#focus-0\" class=\"transition-colors block text-current relative\" data-sctrack=\"FocusGalleryImage.Reference\"><img fetchpriority=\"high\" data-testid=\"Opener.Image\"   loading=\"eager\" src=\"https:\/\/www.europesays.com\/de\/wp-content\/uploads\/2026\/09\/der-inspekteur-des-heeres-generalleutnant-dr-christian-freuding-in-munster-der-inspekteur-des-heeres.jpeg\" alt=\"imago images 0855556389\" title=\"imago images 0855556389\" width=\"3870\" height=\"2177\" class=\"bg-[url:var(--lqipURL)] bg-cover bg-center flex h-full w-full max-w-full\" style=\"--lqipURL:url('https:\/\/images.t-online.de\/2026\/09\/cj9a9rI6coUN\/90x0:3870x2177\/fit-in\/150x0\/filters:blur(25)\/der-inspekteur-des-heeres-generalleutnant-dr-christian-freuding-in-munster-der-inspekteur-des-heeres-generalleutnant-dr-christian-freuding-in-munster-munster-niedersachsen-deutschland-the-inspector-of-the-army-lieutenant-general-dr-christian-freuding-in-munster-the-inspector-of-the-army-lieutenant-general-dr-christian-freuding-in-munster-munster-lower-saxony-germany.jpg')\" decoding=\"async\"\/><img loading=\"lazy\" src=\"https:\/\/www.t-online.de\/s\/paper\/_next\/static\/media\/zoom-in.f7dae02f.svg\" alt=\"Vergr\u00f6\u00dfern des Bildes\" title=\"Vergr\u00f6\u00dfern des Bildes\" class=\"block h-[calc(var(--height)_\/_16_*_1rem)] w-[calc(var(--width)_\/_16_*_1rem)] max-w-none absolute right-8 bottom-8 rounded-4 bg-snow p-8\" style=\"--width:32;--height:32\" decoding=\"async\"\/><\/a><\/p>\n<p>Der Inspekteur des Heeres, Generalleutnant Dr. Christian Freuding: Er fordert mehr Kapazit\u00e4ten f\u00fcr die Bundeswehr. (Archivbild) (Quelle: IMAGO\/Bj\u00f6rn Trotzki\/imago)<\/p>\n<p><img loading=\"lazy\" src=\"https:\/\/www.t-online.de\/s\/paper\/_next\/static\/media\/audio-volume.6689034c.svg\" alt=\"\" title=\"\" class=\"block h-[calc(var(--height)_\/_16_*_1rem)] w-[calc(var(--width)_\/_16_*_1rem)] max-w-none group-hover:brightness-0 group-hover:invert\" style=\"--width:16;--height:16\" decoding=\"async\"\/>Vorlesen<\/p>\n<p>Aktuelle Zeit:0:00Gesamtdauer:0:00<\/p>\n<p>1x<img loading=\"lazy\" src=\"https:\/\/www.t-online.de\/s\/paper\/_next\/static\/media\/font-sizes.32942e33.svg\" alt=\"\" title=\"\" class=\"block h-[calc(var(--height)_\/_16_*_1rem)] w-[calc(var(--width)_\/_16_*_1rem)] max-w-none group-hover:hidden group-aria-expanded:hidden\" style=\"--width:16;--height:16\" decoding=\"async\"\/><img loading=\"lazy\" src=\"https:\/\/www.t-online.de\/s\/paper\/_next\/static\/media\/font-sizes-dark-mode.e382645c.svg\" alt=\"\" title=\"\" class=\"block h-[calc(var(--height)_\/_16_*_1rem)] w-[calc(var(--width)_\/_16_*_1rem)] max-w-none hidden group-hover:block group-aria-expanded:block\" style=\"--width:16;--height:16\" decoding=\"async\"\/><img loading=\"lazy\" src=\"https:\/\/www.t-online.de\/s\/paper\/_next\/static\/media\/sharing-menu-icon.1eb71368.svg\" alt=\"\" title=\"\" class=\"block h-[calc(var(--height)_\/_16_*_1rem)] w-[calc(var(--width)_\/_16_*_1rem)] max-w-none group-hover:brightness-0 group-hover:invert\" style=\"--width:16;--height:16\" decoding=\"async\"\/>Artikel teilen<\/p>\n<p class=\"font-bold text-18 leading-17 user-text-lg:text-22 user-text-xl:text-24\">Die Bundeswehr muss mit &#8222;H\u00f6chstgeschwindigkeit&#8220; modernisiert werden, fordert Christian Freuding. KNDS-Chef Hohenwarter warnt vor hybriden Angriffen.<\/p>\n<p class=\"text-18 leading-17 user-text-lg:text-22 user-text-xl:text-24\">Der Inspekteur des Heeres, Generalleutnant Christian Freuding, fordert angesichts der russischen Bedrohungen mehr Tempo beim Ausbau der Bundeswehr. &#8222;Wir m\u00fcssen in einen anderen Modus schalten. Wir brauchen dringend die Erh\u00f6hung von Kapazit\u00e4ten&#8220;, sagte er der &#8222;Landeszeitung f\u00fcr die L\u00fcneburger Heide&#8220;, die Partner im Redaktionsnetzwerk Deutschland (RND) ist.<\/p>\n<p class=\"text-18 leading-17 user-text-lg:text-22 user-text-xl:text-24\">Einen m\u00f6glichen Angriff m\u00fcsse Deutschland verhindern k\u00f6nnen, &#8222;indem wir zum fr\u00fchestm\u00f6glichen Zeitpunkt milit\u00e4rische St\u00e4rke demonstrieren, die glaubw\u00fcrdig abschreckt. Daher brauchen wir H\u00f6chstgeschwindigkeit&#8220;, sagte Freuding. &#8222;Der Feind wartet nicht auf unsere Fertigmeldung. Je fr\u00fcher der Krieg in der <a href=\"https:\/\/www.t-online.de\/themen\/ukraine\/\" class=\"transition-colors cursor-pointer no-underline md:hover:text-magenta md:focus:text-magenta border-b border-solid border-current text-salemsfur md:hover:border-magenta\" data-tracking=\"{&quot;action&quot;:&quot;click&quot;,&quot;category&quot;:&quot;intextLink&quot;,&quot;label&quot;:&quot;\/themen\/ukraine\/&quot;}\" data-sctrack=\"BodyAnchor\" rel=\"nofollow noopener\" target=\"_blank\">Ukraine<\/a> endet \u2013 und das w\u00fcnschen wir uns alle \u2013, desto fr\u00fcher werden die russischen Streitkr\u00e4fte zum Angriff f\u00e4hig sein.&#8220;<\/p>\n<p class=\"text-18 leading-17 user-text-lg:text-22 user-text-xl:text-24\">Zur Umstrukturierung der Bundeswehr z\u00e4hle zudem nicht nur die technologische Innovation, sondern auch die Weiterbildung des Personals. &#8222;Ich will, dass wir, wenn wir uns jetzt neu strukturieren, an Kampfkraft und an Einsatzwert gewinnen&#8220;, sagte Freuding. In der Ausbildung gebe es beispielsweise schon jetzt einen Basiskurs zur Drohnenbedienung. &#8222;Das muss jeder lernen, muss jeder k\u00f6nnen&#8220;, sagte er.<\/p>\n<ul class=\"text-18 leading-17 block pl-24 *:pb-16 *:before:inline-block *:before:size-8 *:before:bg-magenta *:before:mt-0 *:before:mr-12 *:before:mb-2 *:before:-ml-[20px]\">\n<li><strong class=\"font-bold\">Infrastruktur im Visier:<\/strong> <a href=\"https:\/\/www.t-online.de\/nachrichten\/deutschland\/innenpolitik\/id_101416554\/angriffe-auf-deutschlands-infrastruktur-befinden-uns-in-stillem-krieg-.html\" class=\"transition-colors cursor-pointer no-underline md:hover:text-magenta md:focus:text-magenta border-b border-solid border-current text-salemsfur md:hover:border-magenta\" data-tracking=\"{&quot;action&quot;:&quot;click&quot;,&quot;category&quot;:&quot;intextLink&quot;,&quot;label&quot;:&quot;\/nachrichten\/deutschland\/innenpolitik\/id_101416554\/angriffe-auf-deutschlands-infrastruktur-befinden-uns-in-stillem-krieg-.html&quot;}\" data-sctrack=\"BodyAnchor\" rel=\"nofollow noopener\" target=\"_blank\">&#8222;Man hat das alles ignoriert und jetzt trifft uns genau das&#8220;<\/a><\/li>\n<li><strong class=\"font-bold\">Wladimir Solowjow:<\/strong> <a href=\"https:\/\/www.t-online.de\/nachrichten\/deutschland\/innenpolitik\/id_101416992\/russisches-haus-putin-vertrauter-bestreitet-deutschlands-existenzrecht.html\" class=\"transition-colors cursor-pointer no-underline md:hover:text-magenta md:focus:text-magenta border-b border-solid border-current text-salemsfur md:hover:border-magenta\" data-tracking=\"{&quot;action&quot;:&quot;click&quot;,&quot;category&quot;:&quot;intextLink&quot;,&quot;label&quot;:&quot;\/nachrichten\/deutschland\/innenpolitik\/id_101416992\/russisches-haus-putin-vertrauter-bestreitet-deutschlands-existenzrecht.html&quot;}\" data-sctrack=\"BodyAnchor\" rel=\"nofollow noopener\" target=\"_blank\">Putin-Vertrauter bestreitet Deutschlands Existenzrecht<\/a><\/li>\n<\/ul>\n<p>KNDS-Chef: &#8222;Ganz Deutschland wird ausgesp\u00e4ht&#8220;<\/p>\n<p><a href=\"#focus-1\" class=\"transition-colors block text-current relative\" data-sctrack=\"FocusGalleryImage.Reference\"><img   loading=\"lazy\" src=\"https:\/\/www.europesays.com\/de\/wp-content\/uploads\/2026\/09\/21-072026-ceo-florian-hohenwarter-von-kdns-beantwortet-fragen-der-presse-21-072026-der-bundesministe.jpeg\" alt=\"imago images 0862340641\" title=\"imago images 0862340641\" width=\"3000\" height=\"1688\" class=\"h-full w-full max-w-full rounded-8\" decoding=\"async\"\/><img loading=\"lazy\" src=\"https:\/\/www.t-online.de\/s\/paper\/_next\/static\/media\/zoom-in.f7dae02f.svg\" alt=\"Vergr\u00f6\u00dfern des Bildes\" title=\"Vergr\u00f6\u00dfern des Bildes\" class=\"block h-[calc(var(--height)_\/_16_*_1rem)] w-[calc(var(--width)_\/_16_*_1rem)] max-w-none absolute right-8 bottom-8 rounded-4 bg-snow p-8\" style=\"--width:32;--height:32\" decoding=\"async\"\/>KNDS-Vorsitzender Florian Hohenwarter warnt vor hybriden Angriffen aus Russland. (Archivbild) (Quelle: IMAGO\/FRANK TURETZEK\/www.ft.photos\/imago)<\/a><\/p>\n<p class=\"text-18 leading-17 user-text-lg:text-22 user-text-xl:text-24\">Auch aus der Wirtschaft kommen Rufe nach Ma\u00dfnahmen gegen russische Aktivit\u00e4ten, vor allem bei der hybriden Kriegsf\u00fchrung. Florian Hohenwarter, Chef des R\u00fcstungskonzerns KNDS, warnt vor hybriden Bedrohungen f\u00fcr die deutsche Wirtschaft. &#8222;Ganz Deutschland wird ausgesp\u00e4ht&#8220;, sagte der Deutschlandchef des Panzerbauers KNDS im Interview mit der &#8222;S\u00fcddeutschen Zeitung&#8220;. Deutschland m\u00fcsse sich deshalb st\u00e4rker auf solche Gefahren einstellen, betonte Hohenwarter. &#8222;Uns als Gesellschaft muss endlich bewusst werden, dass wir uns in einer kritischen Situation befinden.&#8220;<\/p>\n<p class=\"text-18 leading-17 user-text-lg:text-22 user-text-xl:text-24\">Innerhalb k\u00fcrzester Zeit hatte es in dieser Woche sowohl einen Angriff auf die Stromversorgung des Umspannwerks Turnow-Preilack in S\u00fcdbrandenburg als auch eine St\u00f6rung an einem Umspannwerk in Bergheim bei <a href=\"https:\/\/koeln.t-online.de\/region\/koeln\/\" class=\"transition-colors cursor-pointer no-underline md:hover:text-magenta md:focus:text-magenta border-b border-solid border-current text-salemsfur md:hover:border-magenta\" data-tracking=\"{&quot;action&quot;:&quot;click&quot;,&quot;category&quot;:&quot;intextLink&quot;,&quot;label&quot;:&quot;https:\/\/koeln.t-online.de\/region\/koeln\/&quot;}\" data-sctrack=\"BodyAnchor\" rel=\"nofollow noopener\" target=\"_blank\">K\u00f6ln<\/a> gegeben. In der N\u00e4he beider Orte wurden nach Angaben der Beh\u00f6rden Abschussvorrichtungen und Pyrotechnik gefunden, die wom\u00f6glich bereits vor l\u00e4ngerer Zeit dort installiert worden waren. Die Ermittler gehen davon aus, dass beide Vorf\u00e4lle auf verfassungsfeindliche Sabotage zur\u00fcckzuf\u00fchren sind. Eine Verbindung zu <a href=\"https:\/\/www.t-online.de\/themen\/russland\/\" class=\"transition-colors cursor-pointer no-underline md:hover:text-magenta md:focus:text-magenta border-b border-solid border-current text-salemsfur md:hover:border-magenta\" data-tracking=\"{&quot;action&quot;:&quot;click&quot;,&quot;category&quot;:&quot;intextLink&quot;,&quot;label&quot;:&quot;\/themen\/russland\/&quot;}\" data-sctrack=\"BodyAnchor\" rel=\"nofollow noopener\" target=\"_blank\">Russland<\/a> ist bislang nicht best\u00e4tigt worden.<\/p>\n","protected":false},"excerpt":{"rendered":"Heeresinspekteur warnt &#8222;Wir m\u00fcssen in einen anderen Modus schalten&#8220; 03.09.2026 &#8211; 00:47 UhrLesedauer: 2 Min. Der Inspekteur des&hellip;\n","protected":false},"author":2,"featured_media":1276951,"comment_status":"","ping_status":"","sticky":false,"template":"","format":"standard","meta":{"footnotes":"","_share_on_mastodon":"0"},"categories":[4013],"tags":[331,332,2140,685,29,263485,13,86778,54934,14,15,4043,4044,850,307,12,317,312],"class_list":["post-1276950","post","type-post","status-publish","format-standard","has-post-thumbnail","category-russland","tag-aktuelle-nachrichten","tag-aktuelle-news","tag-angriff","tag-bundeswehr","tag-deutschland","tag-florian-hohenwarter","tag-headlines","tag-hoechstgeschwindigkeit","tag-lueneburger-heide","tag-nachrichten","tag-news","tag-russia","tag-russian-federation","tag-russische-foederation","tag-russland","tag-schlagzeilen","tag-ukraine","tag-ukrainekrieg"],"share_on_mastodon":{"url":"https:\/\/pubeurope.com\/@de\/117204276145832967","error":""},"_links":{"self":[{"href":"https:\/\/www.europesays.com\/de\/wp-json\/wp\/v2\/posts\/1276950","targetHints":{"allow":["GET"]}}],"collection":[{"href":"https:\/\/www.europesays.com\/de\/wp-json\/wp\/v2\/posts"}],"about":[{"href":"https:\/\/www.europesays.com\/de\/wp-json\/wp\/v2\/types\/post"}],"author":[{"embeddable":true,"href":"https:\/\/www.europesays.com\/de\/wp-json\/wp\/v2\/users\/2"}],"replies":[{"embeddable":true,"href":"https:\/\/www.europesays.com\/de\/wp-json\/wp\/v2\/comments?post=1276950"}],"version-history":[{"count":0,"href":"https:\/\/www.europesays.com\/de\/wp-json\/wp\/v2\/posts\/1276950\/revisions"}],"wp:featuredmedia":[{"embeddable":true,"href":"https:\/\/www.europesays.com\/de\/wp-json\/wp\/v2\/media\/1276951"}],"wp:attachment":[{"href":"https:\/\/www.europesays.com\/de\/wp-json\/wp\/v2\/media?parent=1276950"}],"wp:term":[{"taxonomy":"category","embeddable":true,"href":"https:\/\/www.europesays.com\/de\/wp-json\/wp\/v2\/categories?post=1276950"},{"taxonomy":"post_tag","embeddable":true,"href":"https:\/\/www.europesays.com\/de\/wp-json\/wp\/v2\/tags?post=1276950"}],"curies":[{"name":"wp","href":"https:\/\/api.w.org\/{rel}","templated":true}]}}