{"id":1276952,"date":"2026-09-03T00:28:27","date_gmt":"2026-09-03T00:28:27","guid":{"rendered":"https:\/\/www.europesays.com\/de\/1276952\/"},"modified":"2026-09-03T00:28:27","modified_gmt":"2026-09-03T00:28:27","slug":"ukraine-news-putin-nennt-deutsche-sanktionen-nach-drohnen-vorfall-schweren-fehler","status":"publish","type":"post","link":"https:\/\/www.europesays.com\/de\/1276952\/","title":{"rendered":"Ukraine-News: Putin nennt deutsche Sanktionen nach Drohnen-Vorfall &#8222;schweren Fehler&#8220;"},"content":{"rendered":"<p>        <img decoding=\"async\" src=\"https:\/\/www.europesays.com\/de\/wp-content\/uploads\/2026\/09\/1788395298_532_wladimir-putin-306.webp\" alt=\"Der russische Pr\u00e4sident Wladimir Putin nimmt am Gipfeltreffen der Shanghaier Organisation f\u00fcr Zusammenarbeit (SCO) in Bischkek, Kirgisistan, teil.\" title=\"Russland Pr\u00e4sident Wladimir Putin beim Gipfel der Shanghaier Organisation f\u00fcr Zusammenarbeit in Bischkek, in Kirgisistan. Dort \u00e4u\u00dferte er sich \u00fcber die deutschen Schuldzuweisungen und Sanktionen wegen der Drohnen-Anschl\u00e4ge am Flughafen Leipzig\/Halle. | picture alliance\/dpa\/Pool Sputnik Kremlin | Pyotr Kovalev\" class=\"responsive\"\/><\/p>\n<p class=\"topline\">Ukraine-News<\/p>\n<p class=\"author\">von MDR AKTUELL<\/p>\n<p>\n                Stand: 02.09.2026 23:02 Uhr<\/p>\n<p>        <img decoding=\"async\" src=\"https:\/\/www.europesays.com\/de\/wp-content\/uploads\/2026\/08\/1787969123_972_google-handy-100.webp\" alt=\"Ein Handy liegt auf einer Laptoptastatur. Das Display zeigt das Google Logo\" title=\"Ein Handy liegt auf einer Laptoptastatur. Das Display zeigt das Google Logo |  IMAGO \/ SOPA Images\" class=\"responsive\" loading=\"lazy\"\/><\/p>\n<p>Nachrichten personalisieren<\/p>\n<p>\n        02.09.2026 20:22 Uhr\n    <\/p>\n<p>    Selenskyj: Deutschland liefert Luftabwehr-Raketen<\/p>\n<p class=\"\">In seiner abendlichen Videobotschaft hat der ukrainische Pr\u00e4sident Wolodymyr Selenskyj gesagt, Deutschland habe die Bereitstellung zus\u00e4tzlicher Luftabwehr-Rakten zugesagt, w\u00e4hrend mit anderen Partnern an weiterer Unterst\u00fctzung in dem Bereich gearbeitet werde. Selenskyj hatte heute mit Bundeskanzler Friedrich Merz telefoniert. Er sagte jetzt auch, erste Fluggesellschaften h\u00e4tten begonnen, Fl\u00fcge in den russischen Luftraum zu streichen. Die Ukraine hatte zuvor offizielle <a href=\"#Selenskyj\">Warnungen wegen der ukrainischen Drohnen-Angriffe<\/a> ausgesprochen. (Quelle: EBU)<\/p>\n<p>\n        02.09.2026 18:27 Uhr\n    <\/p>\n<p>    Au\u00dfenamt: Zu viele Visa f\u00fcr Russen in der EU<\/p>\n<p class=\"\">Die Bundesregierung dr\u00e4ngt die EU-Partner zu Einschr\u00e4nkungen f\u00fcr russische Touristen in Europa. Die Zahl erteilter Visa zum Urlaub in der EU &#8222;ist zu hoch&#8220;, sagte ein Sprecher des Ausw\u00e4rtigen Amtes. Wegen des Drohnenangriffs bei Leipzig hatte die Bundesregierung gestern unter anderem angek\u00fcndigt, darauf hinzuwirken, die Reisefreiheit russischer B\u00fcrger in Europa st\u00e4rker begrenzen. (Quelle: dpa)<\/p>\n<p>\n        02.09.2026 17:41 Uhr\n    <\/p>\n<p>    Belgien bleibt bei seiner Ablehnung<\/p>\n<p class=\"\">Belgien lehnt die Nutzung der eingefrorenen russischen Verm\u00f6genswerte f\u00fcr die Ukraine weiter ab. Ein neuer Vorsto\u00df von Schweden, Spanien, den Niederlanden und Polen dazu habe &#8222;bei den Kollegen kaum gro\u00dfe Begeisterung&#8220; ausgel\u00f6st, sagte der belgische Kollege Maxime Pr\u00e9vot nach dem Treffen der EU-Au\u00dfenminister heute in Irland. Eine Verwendung der Gelder, die einer Beschlagnahmung gleichkomme, berge sehr gro\u00dfe Risiken und die belgische Haltung sei unver\u00e4ndert, da sich ihre Gr\u00fcnde &#8222;nicht wie durch Zauberhand in Luft aufgel\u00f6st&#8220; haben. In Belgien wird der gr\u00f6\u00dfte Teil russischer Auslandsverm\u00f6gen verwaltet. (Quellen: Reuters, AFP)<\/p>\n<p>\n        02.09.2026 17:28 Uhr\n    <\/p>\n<p>    Die Ukraine vergr\u00e4bt ihren Treibstoff<\/p>\n<p class=\"\">Die Ukraine legt wegen der unaufh\u00f6rlichen russischen Angriffe auf ihr Energiesystem unterirdische Treibstofflager an. Priorit\u00e4t habe die Versorgung mit Diesel, f\u00fcr Verteidigungszwecke und kritische Infrastruktur, erkl\u00e4rte Energieminister Denys Schmyhal. Mit Rum\u00e4nien sei vereinbart, die Treibstoff-Lieferungen auf der Schiene und \u00fcber verschiedene Flussh\u00e4fen auszubauen. (Quelle: Reuters)<\/p>\n<p>\n        02.09.2026 16:57 Uhr\n    <\/p>\n<p>    Rettungsdienst-Einrichtung in Cherson zerst\u00f6rt<\/p>\n<p class=\"\">Ein n\u00e4chtlicher russischer Angriff in Cherson hat dort eine Einrichtung des staatlichen Rettungsdienstes getroffen. Nach dessen Angaben brach ein gro\u00dfer Brand aus, der Feuerwehr-Ausr\u00fcstung und Geb\u00e4ude zerst\u00f6rte. (Quelle: EBU)<\/p>\n<p>\n        02.09.2026 16:17 Uhr\n    <\/p>\n<p>    Zwei Tote in Dnipro und Verletzte in Kiew<\/p>\n<p class=\"\">Bei einem russischen Raketenangriff auf die Stadt Dnipro am Tag sind heute zwei Menschen get\u00f6tet und mindestens acht verletzt worden. Laut Staatsanwaltschaft sind Feuer ausgebrochen, Wohnh\u00e4user und eine Bildungseinrichtung besch\u00e4digt worden. Ziel sollen nach Angaben Gouverneurs auch Lebensmittel-Lager gewesen. Auch die Hauptstadt Kiew wurde nach Beh\u00f6rdenangaben wieder mit Drohnen angegriffen. Mindestens neun Menschen seien verletzt und Geb\u00e4ude besch\u00e4digt worden, auch f\u00fcnf Wohnh\u00e4user, ein Kindergarten und Lager. Laut Bildungsminister Andrij Butenko gab es auch Sch\u00e4den an der Universit\u00e4t f\u00fcr Lebensmitteltechnologie. Deren 160 Studenten sollen im Schutzraum gewesen sein. (Quellen: EBU, dpa)<\/p>\n<p>\n        02.09.2026 16:00 Uhr\n    <\/p>\n<p>    B\u00fchler: Neue Strategie bei russischen Luftangriffen<\/p>\n<p class=\"\">Nach Beobachtungen von Ex-Nato-General Erhard B\u00fchler verfolgt Russland eine neue Strategie bei seinen n\u00e4chtlichen und t\u00e4glichen Luftangriffen auf die Ukraine. Statt gro\u00dffl\u00e4chig werde nun gezielter attackiert. Das stelle die geschw\u00e4chte Luftabwehr der Ukraine vor neue Probleme. Au\u00dferdem Thema der neuen Podcast-Folge mit B\u00fchler bei MDR AKTUELL: Das russische Dauerfeuer auf Cherson.<\/p>\n<p>        <img decoding=\"async\" src=\"https:\/\/www.europesays.com\/de\/wp-content\/uploads\/2026\/06\/podcast-cover-was-tun-herr-general-100.webp\" alt=\"Der fr\u00fchere NATO-General und Generalleutnant a.D. Erhard B\u00fchler\" title=\"Der fr\u00fchere NATO-General und Generalleutnant a.D. Erhard B\u00fchler | MDR \/ Erhard B\u00fchler \" class=\"responsive\" loading=\"lazy\"\/><\/p>\n<p>Was tun, Herr General? Podcast<\/p>\n<p>\n        02.09.2026 15:50 Uhr\n    <\/p>\n<p>    Gemeinsame Entwicklung von Drohnen kommt<\/p>\n<p class=\"\">Die Ukraine und Deutschland stehen kurz vor einer Vereinbarung \u00fcber eine gemeinsame Drohnen-Entwicklung. Das teilte Pr\u00e4sident Wolodymyr Selenskyj nach einem Telefonat mit Bundeskanzler Friedrich Merz mit. (Quelle: Reuters)<\/p>\n<p>\n        02.09.2026 14:53 Uhr\n    <\/p>\n<p>    Ukraine braucht mehr Geld f\u00fcr Luftabwehr<\/p>\n<p class=\"\">Die EU-Staaten pr\u00fcfen einen Antrag der Ukraine auf mehr Geld f\u00fcr neue Flugabwehr. Das sagte EU-Kommissionspr\u00e4sidentin Ursula von der Leyen in Br\u00fcssel bei einem Pressetermin mit Nato-Generalsekret\u00e4r Mark Rutte. Es geht demnach um mehrere Milliarden Euro und auch PAC-3-Patriot-Luftverteidigungssysteme. Aus dem Unterst\u00fctzungskredit in H\u00f6he von 90 Milliarden Euro f\u00fcr die Ukraine seien seit Juni bereits 8,5 Milliarden Euro bereitgestellt worden. (Quelle: dpa)<\/p>\n<p>\n        02.09.2026 14:00 Uhr\n    <\/p>\n<p>    Russland bestellt deutschen Botschafter ein<\/p>\n<p class=\"\">Russland hat den deutschen Botschafter in Moskau, Clemens von Goetze, einbestellt. Das teilte das russische Au\u00dfenministerium mit. Was ihm mitgeteilt worden ist, wurde zun\u00e4chst nicht bekannt. Es d\u00fcrfte sich jedoch um eine Reaktion auf die Einbestellung des russischen Botschafters in Berlin und die gestrigen deutschen Schuldzuweisungen wegen des versuchten Drohnen-Anschlags vom Flughafen Leipzig\/Halle an Russland gehandelt haben. (Quelle: Reuters)<\/p>\n<p>\n        02.09.2026 13:20 Uhr\n    <\/p>\n<p>    Neuer Befehlshaber f\u00fcr ukrainische Landstreitkr\u00e4fte<\/p>\n<p class=\"\">Der ukrainische Pr\u00e4sident Wolodymyr Selenskyj wechselt den Kommandeur der Landstreitkr\u00e4fte aus. Neuer Befehlshaber wird Oberst Swjatoslaw Sajiz, der bisher die Luftlandetruppen f\u00fchrte. Das teilte das Pr\u00e4sidialamt mit. (Quelle: Reuters)<\/p>\n<p>\n        02.09.2026 13:11 Uhr\n    <\/p>\n<p>    Wadephul: Weitere Personen auf Sanktionsliste<\/p>\n<p class=\"\">Bundesau\u00dfenminister Johann Wadephul hat beim EU-Treffen in Irland neue Vorschl\u00e4ge f\u00fcr Sanktionen gegen Russland angek\u00fcndigt. In den n\u00e4chsten Wochen werde daran gearbeitet, weitere Personen auf die Sanktionsliste zu setzen. Grund ist den Angaben zufolge auch der versuchte Anschlag mit Sprengstoffdrohnen am Flughafen Leipzig\/Halle Anfang August, f\u00fcr den Deutschland gestern offiziell Russland verantwortlich gemacht hat. (Quelle: Reuters)<\/p>\n<p>        <img decoding=\"async\" src=\"https:\/\/www.europesays.com\/de\/wp-content\/uploads\/2026\/09\/drohne-leipzig-118.webp\" alt=\"Drohne Leipzig\" title=\"Drohne Leipzig | picture alliance\/dpa | Hendrik Schmidt\" class=\"responsive\" loading=\"lazy\"\/><\/p>\n<p>\n        02.09.2026 12:20 Uhr\n    <\/p>\n<p>    Gro\u00dfer Stromausfall in der Region Odessa<\/p>\n<p class=\"\">Nach einem russischen <a href=\"#Odessa\">Angriff auf Energie-Anlagen in der ukrainischen Region Odessa<\/a> sind vor\u00fcbergehend mehr als 350.000 Haushalte ohne Strom. Das teilte der Energieversorger DTEK mit. (Quelle: Reuters)<\/p>\n<p>\n        02.09.2026 09:02 Uhr\n    <\/p>\n<p>    Putin: Sch\u00e4den an 100 russischen Schiffen<\/p>\n<p class=\"\">Russlands Pr\u00e4sident Wladimir Putin hat Sch\u00e4den an etwa 100 \u00d6l-Tankern und Getreide-Frachtern durch ukrainische Drohnen-Angriffe einger\u00e4umt. In der kirgisischen Hauptstadt Bischkek sagte er vor Journalisten, es seien Seeleute gestorben, auch ausl\u00e4ndische. Zugleich betonte er, dass der gesamte Schaden nach vorl\u00e4ufigen Berechnungen bisher bei einem Prozent des Bruttoinlandsprodukts liege: &#8222;Das ist kein kritischer Schaden f\u00fcr uns&#8220;, sagte Putin. (Quelle: dpa)<\/p>\n<p>\n        02.09.2026 07:19 Uhr\n    <\/p>\n<p>    Acht Verletzte bei Angriffen auf Odessa<\/p>\n<p class=\"\">Russland hat nach ukrainischen Angaben erneut die Schwarzmeer-Hafenstadt Odessa attackiert. Dabei seien acht Menschen verletzt worden, teilt der Leiter der Milit\u00e4rverwaltung der Stadt, Serhij Lyssak, per Telegram mit. Infrastruktur und Wohngeb\u00e4ude seien besch\u00e4digt, unter anderem ein 24-st\u00f6ckiges Hochhaus getroffen worden. (Quelle: Reuters)<\/p>\n<p>\n            <strong>Video:<\/strong><br \/>\n            Verletzte nach Luftangriffen auf Odessa (1 Min)\n        <\/p>\n<p>\n        02.09.2026 04:01 Uhr\n    <\/p>\n<p>    Selenskyj warnt vor Drohnen im russischen Luftraum<\/p>\n<p class=\"\">Der ukrainische Pr\u00e4sident Wolodymyr Selenskyj hat Fluggesellschaften, Versicherer und Passagiere vor zunehmenden Gefahren im russischen Luftraum gewarnt. Dort werde k\u00fcnftig mit Drohnen in einem Ausma\u00df zu rechnen sein: &#8222;Die sicheren Tage im russischen Luftraum sind vorbei.&#8220; Russlands Pr\u00e4sident Wladimir Putin wertete die \u00c4u\u00dferung als Ank\u00fcndigung von &#8222;Staatsterrorismus&#8220;. (Quelle: AFP)<\/p>\n<p>\n        02.09.2026 03:14 Uhr\n    <\/p>\n<p>    Putin spricht von Vormarsch in der Ukraine<\/p>\n<p class=\"\">Russlands Pr\u00e4sident Wladimir Putin hat von milit\u00e4rischen Erfolgen in der Ukraine gesprochen. Sie seien in der Region Donezk bis auf wenige Kilometer an Slowjansk, Kramatorsk und Druschkiwka heranger\u00fcckt. Auch in den Regionen Saporischschja, Sumy und Charkiw gebe es weitere Gel\u00e4ndegewinne. Ukrainische und westliche Beobachter widersprechen dieser Darstellung. (Quelle: dpa)<\/p>\n<p>        <img decoding=\"async\" src=\"https:\/\/www.europesays.com\/de\/wp-content\/uploads\/2026\/09\/russland-ukraine-210.webp\" alt=\"russland ukraine\" title=\"russland ukraine | picture alliance\/dpa\/AP | Efrem Lukatsky\" class=\"responsive\" loading=\"lazy\"\/><\/p>\n<p>Was tun, Herr General? Das Briefing<\/p>\n<p>\n        02.09.2026 02:37 Uhr\n    <\/p>\n<p>    Deutsche Marine testet Mittelstrecken-Rakete<\/p>\n<p class=\"\">Die deutsche Marine hat im Nordatlantik erstmals erfolgreich eine ballistische Rakete des israelischen Systems &#8222;Lora&#8220; von einer Fregatte abgefeuert. Die Waffe hat eine Reichweite von mehr als 500 Kilometern. Nach dem erfolgreichen Test sollen nun die Pl\u00e4ne f\u00fcr eine Beschaffung vorangetrieben werden. Marine-Inspekteur Jan Christian Kaack sprach von einem &#8222;neuen Kapitel&#8220; bei der Abschreckung durch Verteidigungsbereitschaft. Mit &#8222;Lora&#8220; k\u00f6nne die Marine k\u00fcnftig auch weit entfernte Landziele von Schiffen aus bek\u00e4mpfen. (Quelle: dpa)<\/p>\n<p>\n        02.09.2026 01:16 Uhr\n    <\/p>\n<p>    Putin nennt Sanktionen &#8222;schweren Fehler&#8220;<\/p>\n<p class=\"\">Russlands Pr\u00e4sident Wladimir Putin hat die von Deutschland angek\u00fcndigten Strafma\u00dfnahmen nach dem Drohnen-Vorfall am Flughafen Leipzig\/Halle als &#8222;schweren Fehler&#8220; bezeichnet. Die deutschen Vorw\u00fcrfe gegen Russland wies er zur\u00fcck und stellte die vorgelegten Belege als gef\u00e4lscht dar. Die Reaktion der Bundesregierung sei vor allem innenpolitisch motiviert.<\/p>\n<p class=\"\">Die Bundesregierung hatte Russland f\u00fcr den versuchten Anschlag mit einer Sprengstoff-Drohne verantwortlich gemacht. Als Reaktion soll unter anderem das letzte noch offene russische Generalkonsulat in Deutschland in Bonn geschlossen werden, ebenso das Russische Haus in Berlin. (Quellen: AFP, dpa)<\/p>\n<p>\n            <strong>Video:<\/strong><br \/>\n            Putin kritisiert von Deutschland angek\u00fcndigte Sanktionen (1 Min)\n        <\/p>\n<p>\n        02.09.2026 00:32 Uhr\n    <\/p>\n<p>    Macron unterst\u00fctzt neue EU-Sanktionen<\/p>\n<p class=\"\">Frankreichs Pr\u00e4sident Emmanuel Macron unterst\u00fctzt nach dem versuchten Drohnenangriff am Flughafen Leipzig\/Halle neue EU-Sanktionen gegen Russland. Frankreich sei &#8222;uneingeschr\u00e4nkt solidarisch mit Deutschland&#8220;, erkl\u00e4rte Macron. Zugleich rief er dazu auf, bei der Unterst\u00fctzung der Ukraine geschlossen zu bleiben. Frankreich werde dazu weiterhin seinen Beitrag leisten. (Quellen: Reuters, AFP)<\/p>\n<p>\n        02.09.2026 00:05 Uhr\n    <\/p>\n<p>    Die Ereignisse gestern \u2013 1. September 2026<\/p>\n<p class=\"\">Bei russischen Angriffen auf Kiew und weitere Teile der Ukraine sind mindestens zw\u00f6lf Menschen get\u00f6tet und 21 verletzt worden. Allein in der Hauptstadt starben nach ukrainischen Angaben acht Menschen. Eine Rakete traf dort unter anderem ein Eisenbahndepot und weitere Bahnanlagen. Vier weitere Menschen wurden in der Region Kiew get\u00f6tet. Angriffe wurden auch aus den Regionen Odessa, Charkiw, Sumy und Saporischschja gemeldet. Die Attacken fielen mit dem Beginn des neuen Schuljahres in der Ukraine zusammen.<\/p>\n<p>\n            <strong>Video:<\/strong><br \/>\n            Mindestens zw\u00f6lf Tote in Ukraine nach russischen Luftangriffen (1 Min)\n        <\/p>\n<p class=\"\">Deutschland machte gestern Russland f\u00fcr den versuchten Anschlag mit Drohnen auf dem Flughafen Leipzig\/Halle verantwortlich. Bundesinnenminister Alexander Dobrindt verwies auf Erkenntnisse von Polizei und Geheimdiensten. Als Reaktion wurden weitere Ma\u00dfnahmen gegen Russland angek\u00fcndigt. Unter anderem sollen Einreisekontrollen f\u00fcr Russen versch\u00e4rft werden.<\/p>\n<p>\n            <strong>Video:<\/strong><br \/>\n            Bundesregierung: Russland f\u00fcr Drohnen-Angriff verantwortlich (2 Min)\n        <\/p>\n<p>\n        02.09.2026 00:01 Uhr\n    <\/p>\n<p>    Ukraine-News am Dienstag, 2. September 2026<\/p>\n<p class=\"\">Guten Tag! In unseren Ukraine-News halten wir Sie \u00fcber die Entwicklungen im Krieg gegen die Ukraine auf dem aktuellen Stand. Alle wichtigen Nachrichten dazu erscheinen hier im Lauf des <a name=\"Tag\">Tag<\/a>es.<\/p>\n<p class=\"\">Die Berichterstattung \u00fcber den Russland-Ukraine-Krieg ist komplex. Angaben zu Kriegsverlauf, Beschuss und Opfern durch offizielle Stellen der russischen und der ukrainischen Konfliktparteien k\u00f6nnen in der aktuellen Lage nicht unmittelbar von unabh\u00e4ngiger Stelle \u00fcberpr\u00fcft werden. Es gibt eine Vielzahl von Medienvertretern vor Ort, darunter auch unabh\u00e4ngige Journalisten aus verschiedenen L\u00e4ndern. Bei der Bewertung von Informationen sind verschiedene Quellen und eine kritische Haltung unerl\u00e4sslich, um ein m\u00f6glichst umfassendes Bild zu erhalten. Alles das ber\u00fccksichtigt der MDR in seinen Berichten \u00fcber den Russland-Ukraine-Krieg.<\/p>\n<p>        <img decoding=\"async\" src=\"https:\/\/www.europesays.com\/de\/wp-content\/uploads\/2026\/06\/ukraine-276.webp\" alt=\"Rettungskr\u00e4fte beseitigen Tr\u00fcmmer und suchen nach Menschen in einem Wohnblock, der von einer Rakete getroffen wurde.\" title=\"Rettungskr\u00e4fte beseitigen Tr\u00fcmmer und suchen nach Menschen in einem Wohnblock, der von einer Rakete getroffen wurde. | picture alliance\/dpa\/Ukrinform | -\" class=\"responsive\" loading=\"lazy\"\/><\/p>\n<p>        <img decoding=\"async\" src=\"https:\/\/www.europesays.com\/de\/wp-content\/uploads\/2026\/06\/podcast-cover-was-tun-herr-general-100.webp\" alt=\"Der fr\u00fchere NATO-General und Generalleutnant a.D. Erhard B\u00fchler\" title=\"Der fr\u00fchere NATO-General und Generalleutnant a.D. Erhard B\u00fchler | MDR \/ Erhard B\u00fchler \" class=\"responsive\" loading=\"lazy\"\/><\/p>\n<p>        <img decoding=\"async\" src=\"https:\/\/www.europesays.com\/de\/wp-content\/uploads\/2026\/06\/podcast-putins-krieg-100.webp\" alt=\"Podcast Putins Krieg\" title=\"Podcast Putins Krieg | dpa\/MDR\" class=\"responsive\" loading=\"lazy\"\/><\/p>\n","protected":false},"excerpt":{"rendered":"Ukraine-News von MDR AKTUELL Stand: 02.09.2026 23:02 Uhr Nachrichten personalisieren 02.09.2026 20:22 Uhr Selenskyj: Deutschland liefert Luftabwehr-Raketen In&hellip;\n","protected":false},"author":2,"featured_media":1276953,"comment_status":"","ping_status":"","sticky":false,"template":"","format":"standard","meta":{"footnotes":"","_share_on_mastodon":"0"},"categories":[4012],"tags":[331,332,3280,6077,10068,548,2109,13,4046,71,263235,7301,29955,14,15,111,1170,307,1155,12,116,317,14733],"class_list":["post-1276952","post","type-post","status-publish","format-standard","has-post-thumbnail","category-ukraine","tag-aktuelle-nachrichten","tag-aktuelle-news","tag-deutsche","tag-donezk","tag-drohnen","tag-eu","tag-flughafen","tag-headlines","tag-krieg","tag-leipzig","tag-lora","tag-macron","tag-marine","tag-nachrichten","tag-news","tag-putin","tag-rakete","tag-russland","tag-sanktionen","tag-schlagzeilen","tag-selenskyj","tag-ukraine","tag-vorfall"],"share_on_mastodon":{"url":"","error":""},"_links":{"self":[{"href":"https:\/\/www.europesays.com\/de\/wp-json\/wp\/v2\/posts\/1276952","targetHints":{"allow":["GET"]}}],"collection":[{"href":"https:\/\/www.europesays.com\/de\/wp-json\/wp\/v2\/posts"}],"about":[{"href":"https:\/\/www.europesays.com\/de\/wp-json\/wp\/v2\/types\/post"}],"author":[{"embeddable":true,"href":"https:\/\/www.europesays.com\/de\/wp-json\/wp\/v2\/users\/2"}],"replies":[{"embeddable":true,"href":"https:\/\/www.europesays.com\/de\/wp-json\/wp\/v2\/comments?post=1276952"}],"version-history":[{"count":0,"href":"https:\/\/www.europesays.com\/de\/wp-json\/wp\/v2\/posts\/1276952\/revisions"}],"wp:featuredmedia":[{"embeddable":true,"href":"https:\/\/www.europesays.com\/de\/wp-json\/wp\/v2\/media\/1276953"}],"wp:attachment":[{"href":"https:\/\/www.europesays.com\/de\/wp-json\/wp\/v2\/media?parent=1276952"}],"wp:term":[{"taxonomy":"category","embeddable":true,"href":"https:\/\/www.europesays.com\/de\/wp-json\/wp\/v2\/categories?post=1276952"},{"taxonomy":"post_tag","embeddable":true,"href":"https:\/\/www.europesays.com\/de\/wp-json\/wp\/v2\/tags?post=1276952"}],"curies":[{"name":"wp","href":"https:\/\/api.w.org\/{rel}","templated":true}]}}