{"id":1276954,"date":"2026-09-03T00:29:15","date_gmt":"2026-09-03T00:29:15","guid":{"rendered":"https:\/\/www.europesays.com\/de\/1276954\/"},"modified":"2026-09-03T00:29:15","modified_gmt":"2026-09-03T00:29:15","slug":"mexiko-draengt-die-usa-in-treffen-mit-lutnick-auf-fortschritte-bei-auto-und-stahlzoellen","status":"publish","type":"post","link":"https:\/\/www.europesays.com\/de\/1276954\/","title":{"rendered":"Mexiko dr\u00e4ngt die USA in Treffen mit Lutnick auf Fortschritte bei Auto- und Stahlz\u00f6llen"},"content":{"rendered":"<p>                    Mexikos Wirtschaftsminister Marcelo Ebrard traf am Mittwoch den US-Handelsminister Howard Lutnick, w\u00e4hrend Mexiko auf Fortschritte bei den US-Z\u00f6llen auf Autos und Stahl dr\u00e4ngte &#8211; einem zentralen Reibungspunkt in den Handelsbeziehungen beider L\u00e4nder.<\/p>\n<p>Pr\u00e4sidentin Claudia Sheinbaum sagte in ihrer t\u00e4glichen morgendlichen Pressekonferenz, Ebrard halte sich in den Vereinigten Staaten auf, um Vereinbarungen zu den Z\u00f6llen zu erreichen. Mexikos Wirtschaftsministerium erg\u00e4nzte, dass er und Lutnick zudem \u00fcber den bilateralen Handel sowie \u00fcber regionale technologische Innovation sprachen.<\/p>\n<p>\n              Das Treffen fand am Rande eines G20-Innovationstreffens in Chapel Hill im US-Bundesstaat North Carolina statt, das Lutnick im Rahmen des von den USA gef\u00fchrten Ministertreffens ausrichtete.<\/p>\n<p>\n              Die Gespr\u00e4che erfolgen zu einem Zeitpunkt, da Mexiko und die Vereinigten Staaten die Verhandlungen im Zusammenhang mit der \u00dcberpr\u00fcfung des Handelsabkommens zwischen den USA, Mexiko und Kanada (USMCA) fortsetzen.<\/p>\n<p>\n              Mexiko argumentiert, die US-Z\u00f6lle auf Stahl und Aluminium seien nicht gerechtfertigt, und hat zudem Einw\u00e4nde gegen Ma\u00dfnahmen erhoben, die Automobile betreffen. Diese liefen dem Geist der eng integrierten Produktions- und Lieferketten in Nordamerika zuwider.<\/p>\n","protected":false},"excerpt":{"rendered":"Mexikos Wirtschaftsminister Marcelo Ebrard traf am Mittwoch den US-Handelsminister Howard Lutnick, w\u00e4hrend Mexiko auf Fortschritte bei den US-Z\u00f6llen&hellip;\n","protected":false},"author":2,"featured_media":1276955,"comment_status":"","ping_status":"","sticky":false,"template":"","format":"standard","meta":{"footnotes":"","_share_on_mastodon":"0"},"categories":[3977],"tags":[331,332,665,13,14,15,12,4017,4018,4016,64,4019,4020],"class_list":["post-1276954","post","type-post","status-publish","format-standard","has-post-thumbnail","category-usa","tag-aktuelle-nachrichten","tag-aktuelle-news","tag-boerse","tag-headlines","tag-nachrichten","tag-news","tag-schlagzeilen","tag-united-states","tag-united-states-of-america","tag-us","tag-usa","tag-vereinigte-staaten","tag-vereinigte-staaten-von-amerika"],"share_on_mastodon":{"url":"https:\/\/pubeurope.com\/@de\/117204285279473691","error":""},"_links":{"self":[{"href":"https:\/\/www.europesays.com\/de\/wp-json\/wp\/v2\/posts\/1276954","targetHints":{"allow":["GET"]}}],"collection":[{"href":"https:\/\/www.europesays.com\/de\/wp-json\/wp\/v2\/posts"}],"about":[{"href":"https:\/\/www.europesays.com\/de\/wp-json\/wp\/v2\/types\/post"}],"author":[{"embeddable":true,"href":"https:\/\/www.europesays.com\/de\/wp-json\/wp\/v2\/users\/2"}],"replies":[{"embeddable":true,"href":"https:\/\/www.europesays.com\/de\/wp-json\/wp\/v2\/comments?post=1276954"}],"version-history":[{"count":0,"href":"https:\/\/www.europesays.com\/de\/wp-json\/wp\/v2\/posts\/1276954\/revisions"}],"wp:featuredmedia":[{"embeddable":true,"href":"https:\/\/www.europesays.com\/de\/wp-json\/wp\/v2\/media\/1276955"}],"wp:attachment":[{"href":"https:\/\/www.europesays.com\/de\/wp-json\/wp\/v2\/media?parent=1276954"}],"wp:term":[{"taxonomy":"category","embeddable":true,"href":"https:\/\/www.europesays.com\/de\/wp-json\/wp\/v2\/categories?post=1276954"},{"taxonomy":"post_tag","embeddable":true,"href":"https:\/\/www.europesays.com\/de\/wp-json\/wp\/v2\/tags?post=1276954"}],"curies":[{"name":"wp","href":"https:\/\/api.w.org\/{rel}","templated":true}]}}