{"id":1276977,"date":"2026-09-03T00:44:23","date_gmt":"2026-09-03T00:44:23","guid":{"rendered":"https:\/\/www.europesays.com\/de\/1276977\/"},"modified":"2026-09-03T00:44:23","modified_gmt":"2026-09-03T00:44:23","slug":"kinofest-2026-in-nuernberg-fuerth-und-erlangen-diese-kinos-zeigen-filme-fuer-5-euro","status":"publish","type":"post","link":"https:\/\/www.europesays.com\/de\/1276977\/","title":{"rendered":"Kinofest 2026 in N\u00fcrnberg, F\u00fcrth und Erlangen: Diese Kinos zeigen Filme f\u00fcr 5 Euro"},"content":{"rendered":"<p>                                &#8211;                                Zum Kinofest 2026 wird N\u00fcrnberg zum Treffpunkt f\u00fcr Filmfans \u2013 mit Blockbustern, Previews und Tickets zum Schn\u00e4ppchenpreis. Aber auch Filmh\u00e4user in F\u00fcrth und Erlangen bieten g\u00fcnstige Vorstellungen an.<\/p>\n<p>                Popcorn raus, Licht aus, und der Alltag hat Pause: Am <strong>12. und 13. September 2026<\/strong> steigt wieder das <strong>bundesweite Kinofest<\/strong>. Auch in N\u00fcrnberg, F\u00fcrth und Erlangen k\u00f6nnen Filmfans dann f\u00fcr <strong>kleines Geld gro\u00dfes Kino<\/strong> erleben. Das <strong>Ticket<\/strong> kostet f\u00fcr die inbegriffenen Vorstellungen<strong> f\u00fcnf Euro<\/strong> \u2013 egal, ob Blockbuster, Familienfilm oder die Sorte Streifen, bei der man hinterher erst einmal f\u00fcnf Minuten \u00fcber das Ende diskutieren muss.<\/p>\n<p>In <strong>N\u00fcrnberg<\/strong> sind nach aktuellem Stand das <strong>Cinecitta\u2018, Metropolis, Manhattan, die Meisengeige<\/strong> dabei. Das Cineplex N\u00fcrnberg &#8211; also das Admiral Boutique Kino Deluxe, das <a href=\"https:\/\/www.nordbayern.de\/kultur\/film-ab-nurnberger-kult-kino-offnet-nach-langer-zeit-wieder-seine-sale-rep-1-1.14515320\" target=\"_blank\" onclick=\"trackClickEventForLink(&#039;Article Link Click&#039;, &#039;Film ab! N\u00fcrnberger Kult-Kino \u00f6ffnet nach langer Zeit wieder seine S\u00e4le&#039;, &#039;article&#039;, \" https:=\"\" euro=\"\" kinos=\"\" und=\"\" ganz=\"\" viel=\"\" leinwandliebe:=\"\" hier=\"\" kannst=\"\" du=\"\" das=\"\" kinofest=\"\" in=\"\" n=\"\" erleben=\"\" erlebe rel=\"nofollow noopener\">seit Ende 2024 in neuem Glanz<\/a> erstrahlt &#8211; bietet zwar einen Online-Gutschein an, der 50 Prozent Rabatt auf das erste Ticket gew\u00e4hrt, an der generellen 5-Euro-Aktion wird das Haus jedoch nicht teilnehmen.<\/p>\n<p>Die N\u00fcrnberger Kinos wollen an dem Wochenende ihr <strong>regul\u00e4res Programm<\/strong> zeigen und zus\u00e4tzlich mit Previews aufwarten. Hei\u00dft: Wer schon lange auf den n\u00e4chsten gro\u00dfen Kinomoment wartet, bekommt wom\u00f6glich nicht nur Nachos, sondern auch einen kleinen Vorgeschmack auf kommende Filmhighlights serviert.<\/p>\n<p>Das <strong>Prinzip des Kinofests<\/strong> ist einfach erkl\u00e4rt: Lieblingsfilm aussuchen, Platz sichern, f\u00fcnf Euro bezahlen. Das gilt in den teilnehmenden Kinos f\u00fcr die daf\u00fcr vorgesehenen Filme und Vorstellungen \u2013 und zwar <strong>auf allen Pl\u00e4tzen<\/strong>. Wer sonst beim Blick auf den Ticketpreis kurz \u00fcberlegt, ob der heimische Fernseher nicht doch gro\u00df genug ist, kann sich an diesem Wochenende besseren Gewissens auf den Weg in die Lichtspielh\u00e4user machen.<\/p>\n<p>Gerade in N\u00fcrnberg ist die Auswahl traditionell breit: Im Cinecitta\u2018 darf es der gro\u00dfe Leinwand-Donner sein, in den Innenstadtkinos lockt eher feine Filmkost. Das Cinemagnum im Cinecitta\u2018 wird vor seiner Umbaupause in diesem Rahmen nochmal geb\u00fchrend bespielt \u2013 sp\u00e4testens Anfang Oktober f\u00e4llt die bisherige 600 Quadratmeter gro\u00dfe, silberbeschichtete Leinwand. Ab Herbst\/Winter 2026 entsteht hier n\u00e4mlich ein Weltrekord: <a href=\"https:\/\/www.nordbayern.de\/nuernberg\/30-meter-breit-16-meter-hoch-cinecitta-nuernberg-bekommt-die-groesste-led-kinoleinwand-der-welt-shog-rep-2-1.15203912\" target=\"_blank\" onclick=\"trackClickEventForLink(&#039;Article Link Click&#039;, &#039;30 Meter breit, 16 Meter hoch: Cinecitta N\u00fcrnberg bekommt die gr\u00f6\u00dfte LED-Kinoleinwand der Welt&#039;, &#039;article&#039;, \" https:=\"\" euro=\"\" kinos=\"\" und=\"\" ganz=\"\" viel=\"\" leinwandliebe:=\"\" hier=\"\" kannst=\"\" du=\"\" das=\"\" kinofest=\"\" in=\"\" n=\"\" erleben=\"\" erlebe rel=\"nofollow noopener\">In N\u00fcrnberg wird die gr\u00f6\u00dfte LED-Kinoleinwand der Welt aufgebaut<\/a>. Das Casablanca in der Brosamerstra\u00dfe in N\u00fcrnbergs S\u00fcden ist derzeit nicht gelistet, auch auf der Webseite finden sich bislang (noch) keine Informationen zu einer Beteiligung am Kinofest 2026.<\/p>\n<p>                                                        Filme f\u00fcr einen F\u00fcnfer: Diese Kinos in Erlangen und F\u00fcrth beteiligen sich am Kinofest 2026<\/p>\n<p>Direkt in der Nachbarschaft (St\u00e4dteregion) nehmen ebenfalls Kinos an der allj\u00e4hrlichen Aktion teil: Das <a href=\"https:\/\/www.cineplex.de\/fuerth\/page\/kinofest\" target=\"_blank\" onclick=\"trackClickEventForLink(&#039;Article Link Click&#039;, &#039;Cineplex F\u00fcrth&#039;, &#039;&#039;, &#039;https:\/\/www.cineplex.de\/fuerth\/page\/kinofest&#039;, &#039;1.15240761&#039;, &#039;5 Euro, 5 Kinos und ganz viel Leinwandliebe: Hier kannst du das Kinofest 2026 in N\u00fcrnberg erleben&#039;)\" rel=\"nofollow noopener\">Cineplex F\u00fcrth<\/a> bietet neben den 5-Euro-Filmen ein gro\u00dfes Rahmenprogramm mit Cosplayern, einer H\u00fcpfburg, einem Kino-Quiz und einem Plakatflohmarkt. Auch das <a href=\"https:\/\/www.cinestar.de\/kino-erlangen\/das-kinofest\" target=\"_blank\" onclick=\"trackClickEventForLink(&#039;Article Link Click&#039;, &#039;CineStar Erlangen&#039;, &#039;&#039;, &#039;https:\/\/www.cinestar.de\/kino-erlangen\/das-kinofest&#039;, &#039;1.15240761&#039;, &#039;5 Euro, 5 Kinos und ganz viel Leinwandliebe: Hier kannst du das Kinofest 2026 in N\u00fcrnberg erleben&#039;)\" rel=\"nofollow noopener\">CineStar Erlangen<\/a> bietet die Tickets f\u00fcr 5 Euro an.<\/p>\n<p>                                                        Kinofest 2026 in N\u00fcrnberg: Fr\u00fches Buchen lohnt sich<\/p>\n<p>Der Andrang d\u00fcrfte gro\u00df werden, schlie\u00dflich kostet der Kinobesuch sonst sehr viel mehr. Deshalb empfiehlt es sich, die Programme der einzelnen Kinos im Blick zu behalten und Tickets m\u00f6glichst fr\u00fch online oder direkt an der Kinokasse zu kaufen. Manche Vorstellungen sind vermutlich z\u00fcgig ausverkauft. Tickets erh\u00e4ltst du direkt in den teilnehmenden Kinos oder \u00fcber deren jeweilige Online-Buchungssysteme. Karten f\u00fcr die Wochenend-Vorstellungen im Cinecitta stehen ab <strong>Montag, 7. September abends<\/strong> f\u00fcr die Buchungen zur Verf\u00fcgung. Im Cinecitta\u2018 gelten die Aktions-Preise schon ab Freitag, 11. September, f\u00fcr die Sp\u00e4tvorstellungen ab 23 Uhr.<\/p>\n<p>                                                        Welche Filme sind Teil des Kinofests 2026 in N\u00fcrnberg?<\/p>\n<p>Konkrete Details sowie <strong>konkrete Vorstellungen<\/strong> sind derzeit <strong>noch nicht \u00f6ffentlich<\/strong> zug\u00e4nglich. Das Cinecitta in N\u00fcrnberg und seine dazugeh\u00f6rigen H\u00e4user wie die Meisengeige beispielsweise f\u00fchren allerdings bereits folgende Filme an: Neben aktuellen Hits und den Filmen, die bis zum Filmfest laufen werden, wie \u201eDie Odyssee\u201c, \u201eMinions und Monster 3D\u201c, \u201eToy Story 5 \u2013 3D\u201c, \u201eSpider-Man: Brand New Day 3D\u201c, \u201eInsidious: Out of the Further\u201c, \u201eMarsupilami\u201c, \u201eDas Ende der Sterne\u201c oder \u201eZauberhafte Schwestern 2\u201c gibt es Previews von kommenden Filmen wie \u201eRunner\u201c, \u201eCoyote vs. Acme\u201c, und \u201eAdams Acht\u201c. Weitere kommende Streifen findest du auch auf der <a href=\"https:\/\/www.cinecitta.de\/programm\/demnaechst\" target=\"_blank\" onclick=\"trackClickEventForLink(&#039;Article Link Click&#039;, &#039;Webseite des N\u00fcrnberger Kinos&#039;, &#039;&#039;, &#039;https:\/\/www.cinecitta.de\/programm\/demnaechst&#039;, &#039;1.15240761&#039;, &#039;5 Euro, 5 Kinos und ganz viel Leinwandliebe: Hier kannst du das Kinofest 2026 in N\u00fcrnberg erleben&#039;)\" rel=\"nofollow noopener\">Webseite des N\u00fcrnberger Kinos<\/a>.<\/p>\n<p>                                            <a class=\"box\" href=\"https:\/\/www.nordbayern.de\/nuernberg\/hundebadetag-nurnberg-2026-bald-ist-es-wieder-soweit-tre-shog-rep-1-1.15262062\" rel=\"nofollow noopener\" target=\"_blank\"><\/p>\n<p>                <img decoding=\"async\" loading=\"lazy\" src=\"https:\/\/www.europesays.com\/de\/wp-content\/uploads\/2026\/09\/1788396261_635_Hundebadetag.jpg\" alt=\"Hundebadetag 2026 in N\u00fcrnberg: Wenn das Stadionbad pl\u00f6tzlich nur noch Vierbeinern geh\u00f6rt\" class=\"\" title=\"Hundebadetag 2026 in N\u00fcrnberg: Wenn das Stadionbad pl\u00f6tzlich nur noch Vierbeinern geh\u00f6rt\" data-id=\"115262063\"\/><\/p>\n<p>                                    <\/a><\/p>\n<p>                                            <a class=\"box\" href=\"https:\/\/www.nordbayern.de\/service\/urlaub\/blaue-nacht-2027-mit-bahnbrechender-neuerung-hier-konnen-burger-selbst-mitgestalten-und-abstimmen-1.15263297\" rel=\"nofollow noopener\" target=\"_blank\"><\/p>\n<p>                <img decoding=\"async\" loading=\"lazy\" src=\"https:\/\/www.europesays.com\/de\/wp-content\/uploads\/2026\/09\/20250517blauenacht25_di_195.jpg\" alt=\"Blaue Nacht 2027 mit bahnbrechender Neuerung - hier k\u00f6nnen B\u00fcrger selbst mitgestalten und abstimmen\" class=\"\" title=\"Blaue Nacht 2027 mit bahnbrechender Neuerung - hier k\u00f6nnen B\u00fcrger selbst mitgestalten und abstimmen\" data-id=\"115263298\"\/><\/p>\n<p>                                    <\/a><\/p>\n<p>                                            <a class=\"box\" href=\"https:\/\/www.nordbayern.de\/nuernberg\/schlangen-achterbahn-und-co-so-sah-das-nuernberger-volksfest-frueher-aus-eine-zeitreise-shog-rep-1-1.15260657\" rel=\"nofollow noopener\" target=\"_blank\"><\/p>\n<p>                <img decoding=\"async\" loading=\"lazy\" src=\"https:\/\/www.europesays.com\/de\/wp-content\/uploads\/2026\/09\/G20180823120029_ADDE6_img11.jpg\" alt=\"200 Jahre Volksfest N\u00fcrnberg: Diese alten Fotos zeigen, wie verr\u00fcckt es fr\u00fcher zuging\" class=\"\" title=\"200 Jahre Volksfest N\u00fcrnberg: Diese alten Fotos zeigen, wie verr\u00fcckt es fr\u00fcher zuging\" data-id=\"115260658\"\/><\/p>\n<p>                                    <\/a><\/p>\n<p>Dieser Artikel wurde am 24. Augst 2026 aktualisiert, das Admiral Boutique Kino Deluxe hat uns frische Informationen zu seiner Beteiligung am Kinofest mitgeteilt. <\/p>\n","protected":false},"excerpt":{"rendered":"&#8211; Zum Kinofest 2026 wird N\u00fcrnberg zum Treffpunkt f\u00fcr Filmfans \u2013 mit Blockbustern, Previews und Tickets zum Schn\u00e4ppchenpreis.&hellip;\n","protected":false},"author":2,"featured_media":1276978,"comment_status":"","ping_status":"","sticky":false,"template":"","format":"standard","meta":{"footnotes":"","_share_on_mastodon":"0"},"categories":[1837],"tags":[772,3364,29,30,3783],"class_list":["post-1276977","post","type-post","status-publish","format-standard","has-post-thumbnail","category-nuernberg","tag-bayern","tag-de","tag-deutschland","tag-germany","tag-nuernberg"],"share_on_mastodon":{"url":"https:\/\/pubeurope.com\/@de\/117204346504143391","error":""},"_links":{"self":[{"href":"https:\/\/www.europesays.com\/de\/wp-json\/wp\/v2\/posts\/1276977","targetHints":{"allow":["GET"]}}],"collection":[{"href":"https:\/\/www.europesays.com\/de\/wp-json\/wp\/v2\/posts"}],"about":[{"href":"https:\/\/www.europesays.com\/de\/wp-json\/wp\/v2\/types\/post"}],"author":[{"embeddable":true,"href":"https:\/\/www.europesays.com\/de\/wp-json\/wp\/v2\/users\/2"}],"replies":[{"embeddable":true,"href":"https:\/\/www.europesays.com\/de\/wp-json\/wp\/v2\/comments?post=1276977"}],"version-history":[{"count":0,"href":"https:\/\/www.europesays.com\/de\/wp-json\/wp\/v2\/posts\/1276977\/revisions"}],"wp:featuredmedia":[{"embeddable":true,"href":"https:\/\/www.europesays.com\/de\/wp-json\/wp\/v2\/media\/1276978"}],"wp:attachment":[{"href":"https:\/\/www.europesays.com\/de\/wp-json\/wp\/v2\/media?parent=1276977"}],"wp:term":[{"taxonomy":"category","embeddable":true,"href":"https:\/\/www.europesays.com\/de\/wp-json\/wp\/v2\/categories?post=1276977"},{"taxonomy":"post_tag","embeddable":true,"href":"https:\/\/www.europesays.com\/de\/wp-json\/wp\/v2\/tags?post=1276977"}],"curies":[{"name":"wp","href":"https:\/\/api.w.org\/{rel}","templated":true}]}}