{"id":1276979,"date":"2026-09-03T00:45:30","date_gmt":"2026-09-03T00:45:30","guid":{"rendered":"https:\/\/www.europesays.com\/de\/1276979\/"},"modified":"2026-09-03T00:45:30","modified_gmt":"2026-09-03T00:45:30","slug":"prozess-in-nuernberg-junge-maenner-wegen-handels-mit-waffen-und-drogen-verurteilt-2","status":"publish","type":"post","link":"https:\/\/www.europesays.com\/de\/1276979\/","title":{"rendered":"Prozess in N\u00fcrnberg: Junge M\u00e4nner wegen Handels mit Waffen und Drogen verurteilt"},"content":{"rendered":"<p class=\"mb-6 text-xs-varying md:text-m lg:text-l font-serif group-[.font-sans]:font-sans \">\n    Weil sie mit Schusswaffen und Drogen gehandelt haben, hat das Landgericht N\u00fcrnberg-F\u00fcrth drei Heranwachsende verurteilt. Gegen einen heute 21-J\u00e4hrigen wurde nach Angaben eines Gerichtssprechers eine Jugendstrafe von vier Jahren und zehn Monaten verh\u00e4ngt. Ein 22-J\u00e4hriger wurde zu einem Jahr und drei Monaten auf Bew\u00e4hrung verurteilt, ein weiterer 21-J\u00e4hriger zu acht Monaten auf Bew\u00e4hrung.\n  <\/p>\n<p class=\"mb-6 text-xs-varying md:text-m lg:text-l font-serif group-[.font-sans]:font-sans \">\n    Die Staatsanwaltschaft warf einem der zwei 21-J\u00e4hrigen vor, sp\u00e4testens seit dem Fr\u00fchjahr 2024 \u201eeinen bl\u00fchenden illegalen Handel mit Schusswaffen und Rauschgift\u201c betrieben zu haben. Waffen und Drogen habe er in der Regel aus den Niederlanden bezogen und in vielen F\u00e4llen per Paket verschickt. Sp\u00e4ter habe er auch Schreckschusswaffen zu funktionsf\u00e4higen Schusswaffen umgebaut. Bei den Drogen habe es sich unter anderem um Cannabis, Ecstasy und Kokain gehandelt.\n  <\/p>\n<p class=\"mb-6 text-xs-varying md:text-m lg:text-l font-serif group-[.font-sans]:font-sans \">\n    Der mitangeklagte 22-J\u00e4hrige soll unter anderem sein Bankkonto f\u00fcr die Verk\u00e4ufe und seine Anschrift f\u00fcr Sendungen zur Verf\u00fcgung gestellt haben. Zudem soll er am Versand der Pakete beteiligt gewesen sein. Der Dritte soll beim Umbau der Schreckschusswaffen geholfen haben und sein Zimmer soll als Lager f\u00fcr Waffen und Munition genutzt worden sein.\n  <\/p>\n","protected":false},"excerpt":{"rendered":"Weil sie mit Schusswaffen und Drogen gehandelt haben, hat das Landgericht N\u00fcrnberg-F\u00fcrth drei Heranwachsende verurteilt. Gegen einen heute&hellip;\n","protected":false},"author":2,"featured_media":1276980,"comment_status":"","ping_status":"","sticky":false,"template":"","format":"standard","meta":{"footnotes":"","_share_on_mastodon":"0"},"categories":[1837],"tags":[772,652,3364,29,433,3572,30,1346,965,3783,2466,1997],"class_list":["post-1276979","post","type-post","status-publish","format-standard","has-post-thumbnail","category-nuernberg","tag-bayern","tag-cannabis","tag-de","tag-deutschland","tag-drogen","tag-ecstasy","tag-germany","tag-kokain","tag-niederlande","tag-nuernberg","tag-schusswaffe","tag-staatsanwaltschaft"],"share_on_mastodon":{"url":"https:\/\/pubeurope.com\/@de\/117204348269523047","error":""},"_links":{"self":[{"href":"https:\/\/www.europesays.com\/de\/wp-json\/wp\/v2\/posts\/1276979","targetHints":{"allow":["GET"]}}],"collection":[{"href":"https:\/\/www.europesays.com\/de\/wp-json\/wp\/v2\/posts"}],"about":[{"href":"https:\/\/www.europesays.com\/de\/wp-json\/wp\/v2\/types\/post"}],"author":[{"embeddable":true,"href":"https:\/\/www.europesays.com\/de\/wp-json\/wp\/v2\/users\/2"}],"replies":[{"embeddable":true,"href":"https:\/\/www.europesays.com\/de\/wp-json\/wp\/v2\/comments?post=1276979"}],"version-history":[{"count":0,"href":"https:\/\/www.europesays.com\/de\/wp-json\/wp\/v2\/posts\/1276979\/revisions"}],"wp:featuredmedia":[{"embeddable":true,"href":"https:\/\/www.europesays.com\/de\/wp-json\/wp\/v2\/media\/1276980"}],"wp:attachment":[{"href":"https:\/\/www.europesays.com\/de\/wp-json\/wp\/v2\/media?parent=1276979"}],"wp:term":[{"taxonomy":"category","embeddable":true,"href":"https:\/\/www.europesays.com\/de\/wp-json\/wp\/v2\/categories?post=1276979"},{"taxonomy":"post_tag","embeddable":true,"href":"https:\/\/www.europesays.com\/de\/wp-json\/wp\/v2\/tags?post=1276979"}],"curies":[{"name":"wp","href":"https:\/\/api.w.org\/{rel}","templated":true}]}}