{"id":1276989,"date":"2026-09-03T00:56:21","date_gmt":"2026-09-03T00:56:21","guid":{"rendered":"https:\/\/www.europesays.com\/de\/1276989\/"},"modified":"2026-09-03T00:56:21","modified_gmt":"2026-09-03T00:56:21","slug":"fussgaengerin-bei-zusammenstoss-mit-auto-leicht-verletzt","status":"publish","type":"post","link":"https:\/\/www.europesays.com\/de\/1276989\/","title":{"rendered":"Fu\u00dfg\u00e4ngerin bei Zusammensto\u00df mit Auto leicht verletzt"},"content":{"rendered":"<p>In Ritterhude ist eine Fu\u00dfg\u00e4ngerin bei einem Unfall leicht verletzt worden. Sie wurde zur weiteren Behandlung ins Krankenhaus gebracht. <\/p>\n<p>In Ritterhude ist es am Dienstagabend gegen 19 Uhr zu einem Verkehrsunfall auf der Stra\u00dfe Auf den Rathen gekommen. Nach bisherigen Erkenntnissen befuhr ein 32-j\u00e4hriger Mercedes-Fahrer die Stra\u00dfe Deelst\u00fccke und wollte nach links in die Stra\u00dfe Auf den Rathen abbiegen. Beim Anfahren \u00fcbersah er eine von links kommende 35-j\u00e4hrige Fu\u00dfg\u00e4ngerin, die auf dem Fu\u00dfweg unterwegs war. <\/p>\n<p>            &#13;<br \/>\n              Unfall beim Abbiegen auf der Stra\u00dfe Auf den Rathen <\/p>\n<p>Es kam zum Zusammensto\u00df, wodurch die 35-J\u00e4hrige st\u00fcrzte und sich leicht verletzte. Sie wurde zur weiteren Behandlung in ein Krankenhaus gebracht. Weitere Angaben zu m\u00f6glichen Folgen f\u00fcr den Verkehr machte die Polizei nicht. (pm\/na) <\/p>\n","protected":false},"excerpt":{"rendered":"In Ritterhude ist eine Fu\u00dfg\u00e4ngerin bei einem Unfall leicht verletzt worden. Sie wurde zur weiteren Behandlung ins Krankenhaus&hellip;\n","protected":false},"author":2,"featured_media":1276990,"comment_status":"","ping_status":"","sticky":false,"template":"","format":"standard","meta":{"footnotes":"","_share_on_mastodon":"0"},"categories":[1824],"tags":[37994,2420,3364,29,30,121,29746,601,20719,2627],"class_list":["post-1276989","post","type-post","status-publish","format-standard","has-post-thumbnail","category-bremen","tag-fugngerin","tag-bremen","tag-de","tag-deutschland","tag-germany","tag-polizei","tag-ritterhude","tag-verkehr","tag-verkehrsunflle","tag-verletzungen"],"share_on_mastodon":{"url":"https:\/\/pubeurope.com\/@de\/117204391384531657","error":""},"_links":{"self":[{"href":"https:\/\/www.europesays.com\/de\/wp-json\/wp\/v2\/posts\/1276989","targetHints":{"allow":["GET"]}}],"collection":[{"href":"https:\/\/www.europesays.com\/de\/wp-json\/wp\/v2\/posts"}],"about":[{"href":"https:\/\/www.europesays.com\/de\/wp-json\/wp\/v2\/types\/post"}],"author":[{"embeddable":true,"href":"https:\/\/www.europesays.com\/de\/wp-json\/wp\/v2\/users\/2"}],"replies":[{"embeddable":true,"href":"https:\/\/www.europesays.com\/de\/wp-json\/wp\/v2\/comments?post=1276989"}],"version-history":[{"count":0,"href":"https:\/\/www.europesays.com\/de\/wp-json\/wp\/v2\/posts\/1276989\/revisions"}],"wp:featuredmedia":[{"embeddable":true,"href":"https:\/\/www.europesays.com\/de\/wp-json\/wp\/v2\/media\/1276990"}],"wp:attachment":[{"href":"https:\/\/www.europesays.com\/de\/wp-json\/wp\/v2\/media?parent=1276989"}],"wp:term":[{"taxonomy":"category","embeddable":true,"href":"https:\/\/www.europesays.com\/de\/wp-json\/wp\/v2\/categories?post=1276989"},{"taxonomy":"post_tag","embeddable":true,"href":"https:\/\/www.europesays.com\/de\/wp-json\/wp\/v2\/tags?post=1276989"}],"curies":[{"name":"wp","href":"https:\/\/api.w.org\/{rel}","templated":true}]}}