{"id":1276991,"date":"2026-09-03T00:57:24","date_gmt":"2026-09-03T00:57:24","guid":{"rendered":"https:\/\/www.europesays.com\/de\/1276991\/"},"modified":"2026-09-03T00:57:24","modified_gmt":"2026-09-03T00:57:24","slug":"sv-werder-bremen-rb-leipzig-bremen-draengt-auf-wiedergutmachung-bundesliga","status":"publish","type":"post","link":"https:\/\/www.europesays.com\/de\/1276991\/","title":{"rendered":"SV Werder Bremen &#8211; RB Leipzig: Bremen dr\u00e4ngt auf Wiedergutmachung &#8211; Bundesliga"},"content":{"rendered":"<p class=\"is-first-paragraph\" data-external=\"Article.FirstParagraph\">Daher wird sich Bremen alle M\u00fche geben, um den ersten Erfolg der neuen Saison zu feiern. Leipzig siegte im letzten Spiel souver\u00e4n mit 3:0 gegen Borussia M\u00f6nchengladbach und muss sich deshalb nicht verstecken.<\/p>\n<p>Nach 34 Matches stand der SV Werder Bremen in der letzten Spielzeit mit 32 Punkten auf Platz 15. Die Heimmannschaft entschied nur acht Spiele f\u00fcr sich.<\/p>\n<p>Die 20 Siege, f\u00fcnf Unentschieden und neun Niederlagen brachten RB am Ende auf Platz drei.<\/p>\n<p><b>Dieser Artikel wurde automatisch von unserem Partner Retresco anhand von Spieldaten erstellt.<\/b><\/p>\n","protected":false},"excerpt":{"rendered":"Daher wird sich Bremen alle M\u00fche geben, um den ersten Erfolg der neuen Saison zu feiern. Leipzig siegte&hellip;\n","protected":false},"author":2,"featured_media":1276992,"comment_status":"","ping_status":"","sticky":false,"template":"","format":"standard","meta":{"footnotes":"","_share_on_mastodon":"0"},"categories":[1824],"tags":[2420,3364,29,30,3694,45],"class_list":["post-1276991","post","type-post","status-publish","format-standard","has-post-thumbnail","category-bremen","tag-bremen","tag-de","tag-deutschland","tag-germany","tag-textengine","tag-texttospeech"],"share_on_mastodon":{"url":"","error":""},"_links":{"self":[{"href":"https:\/\/www.europesays.com\/de\/wp-json\/wp\/v2\/posts\/1276991","targetHints":{"allow":["GET"]}}],"collection":[{"href":"https:\/\/www.europesays.com\/de\/wp-json\/wp\/v2\/posts"}],"about":[{"href":"https:\/\/www.europesays.com\/de\/wp-json\/wp\/v2\/types\/post"}],"author":[{"embeddable":true,"href":"https:\/\/www.europesays.com\/de\/wp-json\/wp\/v2\/users\/2"}],"replies":[{"embeddable":true,"href":"https:\/\/www.europesays.com\/de\/wp-json\/wp\/v2\/comments?post=1276991"}],"version-history":[{"count":0,"href":"https:\/\/www.europesays.com\/de\/wp-json\/wp\/v2\/posts\/1276991\/revisions"}],"wp:featuredmedia":[{"embeddable":true,"href":"https:\/\/www.europesays.com\/de\/wp-json\/wp\/v2\/media\/1276992"}],"wp:attachment":[{"href":"https:\/\/www.europesays.com\/de\/wp-json\/wp\/v2\/media?parent=1276991"}],"wp:term":[{"taxonomy":"category","embeddable":true,"href":"https:\/\/www.europesays.com\/de\/wp-json\/wp\/v2\/categories?post=1276991"},{"taxonomy":"post_tag","embeddable":true,"href":"https:\/\/www.europesays.com\/de\/wp-json\/wp\/v2\/tags?post=1276991"}],"curies":[{"name":"wp","href":"https:\/\/api.w.org\/{rel}","templated":true}]}}