{"id":1277002,"date":"2026-09-03T01:04:20","date_gmt":"2026-09-03T01:04:20","guid":{"rendered":"https:\/\/www.europesays.com\/de\/1277002\/"},"modified":"2026-09-03T01:04:20","modified_gmt":"2026-09-03T01:04:20","slug":"italien-prueft-spur-zu-mutmasslichem-leipzig-saboteur","status":"publish","type":"post","link":"https:\/\/www.europesays.com\/de\/1277002\/","title":{"rendered":"Italien pr\u00fcft Spur zu mutma\u00dflichem Leipzig-Saboteur"},"content":{"rendered":"<p>Sprengstoffdrohne an Flughafen <\/p>\n<p>Italien pr\u00fcft Spur zu mutma\u00dflichem Leipzig-Saboteur<\/p>\n<p>02.09.2026 &#8211; 23:29 UhrLesedauer: 1 Min.<\/p>\n<p><a href=\"#focus-0\" class=\"transition-colors block text-current relative\" data-sctrack=\"FocusGalleryImage.Reference\"><img fetchpriority=\"high\" data-testid=\"Opener.Image\"   loading=\"eager\" src=\"https:\/\/www.europesays.com\/de\/wp-content\/uploads\/2026\/09\/schkeuditz-sprengstoff-an-drohne-generalstaatsanwaltschaft-uebernimmt-ermittlungen-am-flughafen-leip.jpeg\" alt=\"imago images 0863429048\" title=\"imago images 0863429048\" width=\"1048\" height=\"590\" class=\"bg-[url:var(--lqipURL)] bg-cover bg-center flex h-full w-full max-w-full\" style=\"--lqipURL:url('https:\/\/images.t-online.de\/2026\/08\/D1oXDwCP0vsP\/478x271:1048x590\/fit-in\/150x0\/filters:blur(25)\/schkeuditz-sprengstoff-an-drohne-generalstaatsanwaltschaft-uebernimmt-ermittlungen-am-flughafen-leipzig-05-082026-gegen-15-uhr-schkeuditz-flughafen-leipzig-halle-nach-dem-fund-einer-drohne-mit-einer-unbekannten-sprengvorrichtung-am-flughafen-leipzig-halle-haben-die-zentralstelle-extremismus-sachsen-und-das-landeskriminalamt-die-ermittlungen-uebernommen-die-drohne-war-in-der-nacht-zum-mittwoch-im-sicherheitsbereich-des-frachtflugbetriebs-nahe-der-suedpiste-entdeckt-worden-spezialkraefte-der-bundespolizei.jpg')\" decoding=\"async\"\/><img loading=\"lazy\" src=\"https:\/\/www.t-online.de\/s\/paper\/_next\/static\/media\/zoom-in.f7dae02f.svg\" alt=\"Vergr\u00f6\u00dfern des Bildes\" title=\"Vergr\u00f6\u00dfern des Bildes\" class=\"block h-[calc(var(--height)_\/_16_*_1rem)] w-[calc(var(--width)_\/_16_*_1rem)] max-w-none absolute right-8 bottom-8 rounded-4 bg-snow p-8\" style=\"--width:32;--height:32\" decoding=\"async\"\/><\/a><\/p>\n<p>Ein Beamter der Polizei am Flughafen Leizpig, wo eine Drohne mit Sprengstoff entdeckt wurde. (Archivbild) (Quelle: IMAGO\/EHL Media\/imago)<\/p>\n<p class=\"font-bold text-18 leading-17 user-text-lg:text-22 user-text-xl:text-24\">Ein Verd\u00e4chtiger soll \u00fcber Minsk in die EU eingereist sein. Die Erkenntnisse l\u00f6sen in Br\u00fcssel eine Debatte aus.<\/p>\n<p class=\"text-18 leading-17 user-text-lg:text-22 user-text-xl:text-24\">Im Fall des mutma\u00dflich russischen Anschlagsversuchs mit einer Sprengstoffdrohne am <a href=\"https:\/\/www.t-online.de\/themen\/flughafen-leipzig-halle\/\" class=\"transition-colors cursor-pointer no-underline md:hover:text-magenta md:focus:text-magenta border-b border-solid border-current text-salemsfur md:hover:border-magenta\" data-tracking=\"{&quot;action&quot;:&quot;click&quot;,&quot;category&quot;:&quot;intextLink&quot;,&quot;label&quot;:&quot;\/themen\/flughafen-leipzig-halle\/&quot;}\" data-sctrack=\"BodyAnchor\" rel=\"nofollow noopener\" target=\"_blank\">Flughafen Leipzig\/Halle<\/a> hat <a href=\"https:\/\/www.t-online.de\/themen\/italien\/\" class=\"transition-colors cursor-pointer no-underline md:hover:text-magenta md:focus:text-magenta border-b border-solid border-current text-salemsfur md:hover:border-magenta\" data-tracking=\"{&quot;action&quot;:&quot;click&quot;,&quot;category&quot;:&quot;intextLink&quot;,&quot;label&quot;:&quot;\/themen\/italien\/&quot;}\" data-sctrack=\"BodyAnchor\" rel=\"nofollow noopener\" target=\"_blank\">Italien<\/a> Untersuchungen zu einem Tatverd\u00e4chtigen angek\u00fcndigt. Das sagte Italiens Au\u00dfenminister Antonio Tajani am Rande eines EU-Treffens in <a href=\"https:\/\/www.t-online.de\/themen\/irland\/\" class=\"transition-colors cursor-pointer no-underline md:hover:text-magenta md:focus:text-magenta border-b border-solid border-current text-salemsfur md:hover:border-magenta\" data-tracking=\"{&quot;action&quot;:&quot;click&quot;,&quot;category&quot;:&quot;intextLink&quot;,&quot;label&quot;:&quot;\/themen\/irland\/&quot;}\" data-sctrack=\"BodyAnchor\" rel=\"nofollow noopener\" target=\"_blank\">Irland<\/a>.<\/p>\n<p class=\"text-18 leading-17 user-text-lg:text-22 user-text-xl:text-24\">Ermittlern des Bundeskriminalamtes soll es inzwischen gelungen sein, Tatverd\u00e4chtige zu identifizieren, wie <a href=\"https:\/\/www.t-online.de\/themen\/ndr\/\" class=\"transition-colors cursor-pointer no-underline md:hover:text-magenta md:focus:text-magenta border-b border-solid border-current text-salemsfur md:hover:border-magenta\" data-tracking=\"{&quot;action&quot;:&quot;click&quot;,&quot;category&quot;:&quot;intextLink&quot;,&quot;label&quot;:&quot;\/themen\/ndr\/&quot;}\" data-sctrack=\"BodyAnchor\" rel=\"nofollow noopener\" target=\"_blank\">NDR<\/a>, WDR und &#8222;S\u00fcddeutsche Zeitung&#8220; berichteten. Es werde gegen zwei Beschuldigte ermittelt, berichtete die &#8222;Zeit&#8220;.<\/p>\n<p class=\"text-18 leading-17 user-text-lg:text-22 user-text-xl:text-24\">Einer der Verd\u00e4chtigen soll den Recherchen zufolge mit einem italienischen Touristenvisum in den Schengenraum eingereist sein. Das Dokument sei nach Erkenntnissen der Beh\u00f6rden Ende April an einer italienischen Auslandsvertretung in Minsk ausgestellt worden.<\/p>\n<p class=\"text-18 leading-17 user-text-lg:text-22 user-text-xl:text-24\">Die Berichte l\u00f6sten beim EU-Au\u00dfenministertreffen Diskussionen \u00fcber eine Versch\u00e4rfung der Visa-Regeln aus. Sollte es stimmen, dass einer der Verd\u00e4chtigen mit einem italienischen Touristenvisum in die EU gereist sei, zeige dies deutlich, dass der EU mit Hilfe von Visa Schaden zugef\u00fcgt werden k\u00f6nne, sagte EU-Chefdiplomatin Kaja Kallas. Sie hoffe im Fall einer Best\u00e4tigung auf eine Versch\u00e4rfung der Visabeschr\u00e4nkungen. &#8222;Denn hier geht es tats\u00e4chlich auch um unsere eigene Sicherheit&#8220;, sagte Kallas.<\/p>\n<p class=\"text-18 leading-17 user-text-lg:text-22 user-text-xl:text-24\">Italienische, franz\u00f6sische und spanische Konsulate in <a href=\"https:\/\/www.t-online.de\/themen\/russland\/\" class=\"transition-colors cursor-pointer no-underline md:hover:text-magenta md:focus:text-magenta border-b border-solid border-current text-salemsfur md:hover:border-magenta\" data-tracking=\"{&quot;action&quot;:&quot;click&quot;,&quot;category&quot;:&quot;intextLink&quot;,&quot;label&quot;:&quot;\/themen\/russland\/&quot;}\" data-sctrack=\"BodyAnchor\" rel=\"nofollow noopener\" target=\"_blank\">Russland<\/a> vergaben zuletzt weiterhin eine sechsstellige Zahl an Schengen-Visa.<\/p>\n","protected":false},"excerpt":{"rendered":"Sprengstoffdrohne an Flughafen Italien pr\u00fcft Spur zu mutma\u00dflichem Leipzig-Saboteur 02.09.2026 &#8211; 23:29 UhrLesedauer: 1 Min. Ein Beamter der&hellip;\n","protected":false},"author":2,"featured_media":1277003,"comment_status":"","ping_status":"","sticky":false,"template":"","format":"standard","meta":{"footnotes":"","_share_on_mastodon":"0"},"categories":[1832],"tags":[722,1217,17161,62142,937,3364,29,548,2109,7563,30,5300,355,71,11171,438,121,859,4403,225],"class_list":["post-1277002","post","type-post","status-publish","format-standard","has-post-thumbnail","category-leipzig","tag-722","tag-1217","tag-17161","tag-antonio-tajani","tag-bruessel","tag-de","tag-deutschland","tag-eu","tag-flughafen","tag-flughafen-leipzig-halle","tag-germany","tag-irland","tag-italien","tag-leipzig","tag-minsk","tag-ndr","tag-polizei","tag-sachsen","tag-sz","tag-wdr"],"share_on_mastodon":{"url":"https:\/\/pubeurope.com\/@de\/117204426293790397","error":""},"_links":{"self":[{"href":"https:\/\/www.europesays.com\/de\/wp-json\/wp\/v2\/posts\/1277002","targetHints":{"allow":["GET"]}}],"collection":[{"href":"https:\/\/www.europesays.com\/de\/wp-json\/wp\/v2\/posts"}],"about":[{"href":"https:\/\/www.europesays.com\/de\/wp-json\/wp\/v2\/types\/post"}],"author":[{"embeddable":true,"href":"https:\/\/www.europesays.com\/de\/wp-json\/wp\/v2\/users\/2"}],"replies":[{"embeddable":true,"href":"https:\/\/www.europesays.com\/de\/wp-json\/wp\/v2\/comments?post=1277002"}],"version-history":[{"count":0,"href":"https:\/\/www.europesays.com\/de\/wp-json\/wp\/v2\/posts\/1277002\/revisions"}],"wp:featuredmedia":[{"embeddable":true,"href":"https:\/\/www.europesays.com\/de\/wp-json\/wp\/v2\/media\/1277003"}],"wp:attachment":[{"href":"https:\/\/www.europesays.com\/de\/wp-json\/wp\/v2\/media?parent=1277002"}],"wp:term":[{"taxonomy":"category","embeddable":true,"href":"https:\/\/www.europesays.com\/de\/wp-json\/wp\/v2\/categories?post=1277002"},{"taxonomy":"post_tag","embeddable":true,"href":"https:\/\/www.europesays.com\/de\/wp-json\/wp\/v2\/tags?post=1277002"}],"curies":[{"name":"wp","href":"https:\/\/api.w.org\/{rel}","templated":true}]}}