{"id":1277006,"date":"2026-09-03T01:06:19","date_gmt":"2026-09-03T01:06:19","guid":{"rendered":"https:\/\/www.europesays.com\/de\/1277006\/"},"modified":"2026-09-03T01:06:19","modified_gmt":"2026-09-03T01:06:19","slug":"duesseldorf-flughafen-erwartet-im-september-mehr-passagiere-pro-tag-als-in-den-sommerferien","status":"publish","type":"post","link":"https:\/\/www.europesays.com\/de\/1277006\/","title":{"rendered":"D\u00fcsseldorf: Flughafen erwartet im September mehr Passagiere pro Tag als in den Sommerferien"},"content":{"rendered":"<p class=\"text_ohne_einzug richtext text-em-55 !leading-serif mx-6 desktop:mx-0\"> Mit den <a href=\"https:\/\/rp-online.de\/thema\/sommerferien\/\" rel=\"nofollow noopener\" target=\"_blank\">Sommerferien<\/a> liegt hinter dem D\u00fcsseldorfer Flughafen gerade erst eine besucherstarke Zeit. F\u00fcr September erwartet das Team des Airports nun aber ein noch h\u00f6heres Aufkommen pro Tag: Rund 73.000 Passagiere werden im Durchschnitt erwartet. Das liegt auch daran, dass mehrere Fluggesellschaften ihre Angebote vergr\u00f6\u00dfern. Nach l\u00e4ngerer Unterbrechung ist zum Beispiel die direkte Verbindung in die syrische Hauptstadt <a href=\"https:\/\/rp-online.de\/thema\/damaskus\/\" rel=\"nofollow noopener\" target=\"_blank\">Damaskus<\/a> wieder aufgenommen worden. <\/p>\n<p class=\"richtext text-em-55 !leading-serif mx-6 desktop:mx-0\">Geplant sind nach Angaben des Flughafens knapp 14.800 Starts und Landungen im September. W\u00e4hrend der Ferien waren etwa Fl\u00fcge von Air France nach <a href=\"https:\/\/rp-online.de\/thema\/paris\/\" rel=\"nofollow noopener\" target=\"_blank\">Paris<\/a> oder von <a href=\"https:\/\/rp-online.de\/thema\/eurowings\/\" rel=\"nofollow noopener\" target=\"_blank\">Eurowings<\/a> nach Genf reduziert worden. Deren Anzahl erh\u00f6ht sich nun ebenso wie beispielsweise einige Verbindungen nach Z\u00fcrich oder Kopenhagen. In den vergangenen Wochen hat \u201eLeav Aviation\u201c au\u00dferdem das Angebot nach Damaskus wieder aufgenommen. Zuvor war ein solches wegen des B\u00fcrgerkrieges in <a href=\"https:\/\/rp-online.de\/thema\/syrien\/\" rel=\"nofollow noopener\" target=\"_blank\">Syrien<\/a> jahrelang nicht m\u00f6glich.<\/p>\n<p class=\"richtext text-em-55 !leading-serif mx-6 desktop:mx-0\">Der D\u00fcsseldorfer Airport rechnet f\u00fcr diesen Monat mit insgesamt 2,2 Millionen Passagieren. Das sind weniger als in den sechsw\u00f6chigen Sommerferien: Zwischen Mitte Juli und Anfang September waren rund 3,4 Millionen Reisende in Lohausen unterwegs. Die Bilanz des Flughafens f\u00fcr diesen Zeitraum f\u00e4llt trotz wetterbedingter Schwierigkeiten positiv aus. Demnach passierten 91 Prozent der Flugg\u00e4ste die Sicherheitskontrollen in weniger als zehn Minuten, beim Check-in waren es 84 Prozent.<\/p>\n<p class=\"richtext text-em-55 !leading-serif mx-6 desktop:mx-0\">Gewitterfronten f\u00fchrten w\u00e4hrend der Ferien allerdings zeitweise zu Einschr\u00e4nkungen im europ\u00e4ischen Luftverkehr. Auch die <a href=\"https:\/\/rp-online.de\/thema\/hitze\/\" rel=\"nofollow noopener\" target=\"_blank\">Hitze<\/a> sorgte f\u00fcr Probleme. \u201eBesonders fordernd waren die hohen Temperaturen f\u00fcr die Besch\u00e4ftigten auf dem Vorfeld\u201c, hei\u00dft es vom Flughafen. Vereinzelt habe sich dadurch die Gep\u00e4ckausgabezeit verl\u00e4ngert. Nach Ankunft des Flugzeugs an der Parkposition dauerte es im Schnitt 14 Minuten, bis das erste Gep\u00e4ckst\u00fcck auf dem Ausgabeband lag. Das letzte folgte nach 33 Minuten.<\/p>\n<p class=\"richtext text-em-55 !leading-serif mx-6 desktop:mx-0\">Die beliebtesten Urlaubsziele der vergangenen Wochen waren <a href=\"https:\/\/rp-online.de\/thema\/palma-de-mallorca\/\" rel=\"nofollow noopener\" target=\"_blank\">Palma<\/a> de <a href=\"https:\/\/rp-online.de\/thema\/mallorca\/\" rel=\"nofollow noopener\" target=\"_blank\">Mallorca<\/a> und Antalya. Gemessen an der Zahl der Abfl\u00fcge war die <a href=\"https:\/\/rp-online.de\/thema\/tuerkei\/\" rel=\"nofollow noopener\" target=\"_blank\">T\u00fcrkei<\/a> mit rund 2100 Starts das st\u00e4rkste Reiseland vor Spanien und Griechenland. Ganz neu aufgenommen wird nun ab dem 16. September die \u00e4gyptische Stadt Assuan als w\u00f6chentliches Ziel. <\/p>\n","protected":false},"excerpt":{"rendered":"Mit den Sommerferien liegt hinter dem D\u00fcsseldorfer Flughafen gerade erst eine besucherstarke Zeit. F\u00fcr September erwartet das Team&hellip;\n","protected":false},"author":2,"featured_media":1277007,"comment_status":"","ping_status":"","sticky":false,"template":"","format":"standard","meta":{"footnotes":"","_share_on_mastodon":"0"},"categories":[1831],"tags":[263487,32321,3364,29,79792,3405,33642,4532,2109,2162,30,1209,10500,11290,153831,56968],"class_list":["post-1277006","post","type-post","status-publish","format-standard","has-post-thumbnail","category-duesseldorf","tag-73-000","tag-damaskus","tag-de","tag-deutschland","tag-durchschnitt","tag-duesseldorf","tag-erwartet","tag-ferien","tag-flughafen","tag-flughafens","tag-germany","tag-nordrhein-westfalen","tag-passagiere","tag-sommerferien","tag-starts","tag-verbindung"],"share_on_mastodon":{"url":"https:\/\/pubeurope.com\/@de\/117204430774635888","error":""},"_links":{"self":[{"href":"https:\/\/www.europesays.com\/de\/wp-json\/wp\/v2\/posts\/1277006","targetHints":{"allow":["GET"]}}],"collection":[{"href":"https:\/\/www.europesays.com\/de\/wp-json\/wp\/v2\/posts"}],"about":[{"href":"https:\/\/www.europesays.com\/de\/wp-json\/wp\/v2\/types\/post"}],"author":[{"embeddable":true,"href":"https:\/\/www.europesays.com\/de\/wp-json\/wp\/v2\/users\/2"}],"replies":[{"embeddable":true,"href":"https:\/\/www.europesays.com\/de\/wp-json\/wp\/v2\/comments?post=1277006"}],"version-history":[{"count":0,"href":"https:\/\/www.europesays.com\/de\/wp-json\/wp\/v2\/posts\/1277006\/revisions"}],"wp:featuredmedia":[{"embeddable":true,"href":"https:\/\/www.europesays.com\/de\/wp-json\/wp\/v2\/media\/1277007"}],"wp:attachment":[{"href":"https:\/\/www.europesays.com\/de\/wp-json\/wp\/v2\/media?parent=1277006"}],"wp:term":[{"taxonomy":"category","embeddable":true,"href":"https:\/\/www.europesays.com\/de\/wp-json\/wp\/v2\/categories?post=1277006"},{"taxonomy":"post_tag","embeddable":true,"href":"https:\/\/www.europesays.com\/de\/wp-json\/wp\/v2\/tags?post=1277006"}],"curies":[{"name":"wp","href":"https:\/\/api.w.org\/{rel}","templated":true}]}}