{"id":1277024,"date":"2026-09-03T01:17:24","date_gmt":"2026-09-03T01:17:24","guid":{"rendered":"https:\/\/www.europesays.com\/de\/1277024\/"},"modified":"2026-09-03T01:17:24","modified_gmt":"2026-09-03T01:17:24","slug":"hbl-hc-hamburg-noch-ohne-sieg-in-der-neuen-saison","status":"publish","type":"post","link":"https:\/\/www.europesays.com\/de\/1277024\/","title":{"rendered":"HBL: HC Hamburg noch ohne Sieg in der neuen Saison"},"content":{"rendered":"<p>        <img decoding=\"async\" src=\"https:\/\/www.europesays.com\/de\/wp-content\/uploads\/2026\/04\/hsvhamburg-handball-100.webp\" alt=\"Spielszene aus der Partie HC Erlangen gegen HSV Hamburg in der Handball-Bundesliga.\" title=\"Spielszene aus der Partie HC Erlangen gegen HSV Hamburg in der Handball-Bundesliga. | picture alliance \/ Sportfoto Zink \/ Daniel Marr \" class=\"responsive\"\/><\/p>\n<p>AUDIO: HC Hamburg mit Remis gegen Stuttgart (1 Min)<\/p>\n<p class=\"topline\">Handball-Bundesliga<\/p>\n<p>\n                Stand: 03.09.2026 00:30 Uhr<\/p>\n<p class=\"preface\">Die Handballer des HC Hamburg haben den Fehlstart in die neue Bundesliga-Saison verhindert. Nach der Auftaktniederlage bei Aufsteiger HBW Balingen-Weilstetten gab es im ersten Heimspiel zumindest ein 34:34 (12:14) gegen den TVB Stuttgart. <\/p>\n<p class=\"\">Beste Werfer vor 3.546 Zuschauern in der gro\u00dfen Arena waren am Mittwochabend Nicolaj J\u00f6rgensen mit zehn Treffern f\u00fcr Hamburg sowie Kai H\u00e4fner und Mohamed Amine Darmoul mit je acht Toren f\u00fcr Stuttgart.<\/p>\n<p><strong>Tore f\u00fcr Hamburg<\/strong>: J\u00f6rgensen 10\/1, Norlyk 7, F. B. Andersen 4\/2, Beyer 3\/1, Kofler 3, Sauter 3, Gadza 2, Axmann 1, Hovde 1 <br \/><strong>Tore f\u00fcr Stuttgart<\/strong>: Darmoul 8, K. H\u00e4fner 8\/4, Lien 5, S. Mengon 5, Zieker 4, Matzken 3, M. H\u00e4fner 1 <br \/><strong>Zuschauer<\/strong>: 3.546 <\/p>\n<p class=\"\">Beide Teams setzten zun\u00e4chst in der Abwehr die Akzente. Die G\u00e4ste versuchten dabei, durch st\u00e4ndig wechselnde Formationen den Angriffsschwung des HCH zu stoppen. Fast sechs Minuten lang gelang keiner Mannschaft ein Treffer.<\/p>\n<p>    HCH verspielt F\u00fchrung in der Schlussphase<\/p>\n<p class=\"\">Bezeichnend f\u00fcr die Angriffsschw\u00e4che: Erst vergab Stuttgart kurz vor der Pause durch einen technischen Fehler die Chance, auf drei Tore davonzuziehen. Direkt im Anschluss verfehlte der Hamburger Martin Hovde das leere TVB-Tor.<\/p>\n<p class=\"\">Es dauerte bis weit in die zweite H\u00e4lfte hinein, ehe die Gastgeber das Spiel allm\u00e4hlich auf ihre Seite zogen. Nach einer Balleroberung traf Dominik Axmann zum 27:25 (47.) f\u00fcr den HCH. Zum Sieg reichte es dennoch nicht. 16 Sekunden vor Schluss kam Stuttgart beim 34:34 sogar noch einmal in Ballbesitz. Der Siegtreffer gelang den Schwaben aber nicht mehr.<\/p>\n<p>        <img decoding=\"async\" src=\"https:\/\/www.europesays.com\/de\/wp-content\/uploads\/2026\/03\/handball2560.webp.webp\" alt=\"Ein Handball liegt im Tornetz.\" title=\"Ein Handball liegt im Tornetz. | picture-alliance, Frank Hoermann \/ Sven Simon\" class=\"responsive\" loading=\"lazy\"\/><\/p>\n<p>Ergebnisse, Tabellenst\u00e4nde und die Spieltage im \u00dcberblick.<\/p>\n","protected":false},"excerpt":{"rendered":"AUDIO: HC Hamburg mit Remis gegen Stuttgart (1 Min) Handball-Bundesliga Stand: 03.09.2026 00:30 Uhr Die Handballer des HC&hellip;\n","protected":false},"author":2,"featured_media":1277025,"comment_status":"","ping_status":"","sticky":false,"template":"","format":"standard","meta":{"footnotes":"","_share_on_mastodon":"0"},"categories":[1826],"tags":[29,30,692,1391,5009,262513,7492],"class_list":["post-1277024","post","type-post","status-publish","format-standard","has-post-thumbnail","category-hamburg","tag-deutschland","tag-germany","tag-hamburg","tag-handball","tag-hbl","tag-hc-hamburg","tag-hsv-hamburg"],"share_on_mastodon":{"url":"https:\/\/pubeurope.com\/@de\/117204476174696284","error":""},"_links":{"self":[{"href":"https:\/\/www.europesays.com\/de\/wp-json\/wp\/v2\/posts\/1277024","targetHints":{"allow":["GET"]}}],"collection":[{"href":"https:\/\/www.europesays.com\/de\/wp-json\/wp\/v2\/posts"}],"about":[{"href":"https:\/\/www.europesays.com\/de\/wp-json\/wp\/v2\/types\/post"}],"author":[{"embeddable":true,"href":"https:\/\/www.europesays.com\/de\/wp-json\/wp\/v2\/users\/2"}],"replies":[{"embeddable":true,"href":"https:\/\/www.europesays.com\/de\/wp-json\/wp\/v2\/comments?post=1277024"}],"version-history":[{"count":0,"href":"https:\/\/www.europesays.com\/de\/wp-json\/wp\/v2\/posts\/1277024\/revisions"}],"wp:featuredmedia":[{"embeddable":true,"href":"https:\/\/www.europesays.com\/de\/wp-json\/wp\/v2\/media\/1277025"}],"wp:attachment":[{"href":"https:\/\/www.europesays.com\/de\/wp-json\/wp\/v2\/media?parent=1277024"}],"wp:term":[{"taxonomy":"category","embeddable":true,"href":"https:\/\/www.europesays.com\/de\/wp-json\/wp\/v2\/categories?post=1277024"},{"taxonomy":"post_tag","embeddable":true,"href":"https:\/\/www.europesays.com\/de\/wp-json\/wp\/v2\/tags?post=1277024"}],"curies":[{"name":"wp","href":"https:\/\/api.w.org\/{rel}","templated":true}]}}