{"id":1277039,"date":"2026-09-03T01:27:21","date_gmt":"2026-09-03T01:27:21","guid":{"rendered":"https:\/\/www.europesays.com\/de\/1277039\/"},"modified":"2026-09-03T01:27:21","modified_gmt":"2026-09-03T01:27:21","slug":"blauer-panther-johannes-b-kerner-bekommt-ehrenpreis","status":"publish","type":"post","link":"https:\/\/www.europesays.com\/de\/1277039\/","title":{"rendered":"Blauer Panther: Johannes B. Kerner bekommt Ehrenpreis"},"content":{"rendered":"<p>Johannes B. Kerner wird in diesem Jahr mit dem Ehrenpreis des Bayerischen Ministerpr\u00e4sidenten beim Blauen Panther geehrt. Der Moderator steht seit vielen Jahren f\u00fcr das ZDF vor der Kamera &#8211; allen voran bei &#8222;Der Quiz-Champion&#8220;. In diesem Jahr stand er au\u00dferdem f\u00fcr die Berichterstattung zur Fu\u00dfball-WM bei MagentaTV zusammen mit J\u00fcrgen Klopp vor der Kamera, der inzwischen bekanntlich zum Bundestrainer aufgestiegen ist.<\/p>\n<p>&#13;<br \/>\n&#13;<\/p>\n<p>&#8222;Ob Quiz, Talk oder nat\u00fcrlich Sport: Johannes B. Kerner kann einfach alles&#8220;, lobte Ministerpr\u00e4sident Markus S\u00f6der (CSU). &#8222;Er ist unser &#8218;Mr. TV&#8216; und zurecht der diesj\u00e4hrige Ehrenpreistr\u00e4ger beim Blauen Panther. Johannes B. Kerner ist beim Publikum gleicherma\u00dfen bekannt wie beliebt. Auch ich war schon vor mehr als 15 Jahren als Generalsekret\u00e4r in seiner Talkshow zu Gast und schaue bis heute vor dem Fernseher immer wieder gerne rein.&#8220;<\/p>\n<p>&#13;<\/p>\n<p>Kerners Interviews und der Humor bei der diesj\u00e4hrigen WM seien &#8222;besonders stark&#8220; gewesen, so S\u00f6der weiter. &#8222;Seine Interviews und der Humor bei der diesj\u00e4hrigen Fu\u00dfball-WM. Auch aus bestens geschulten Fu\u00dfballstars, Trainern und Experten kitzelt er immer wieder etwas Neues heraus. Das Talkshow-Genre am sp\u00e4ten Abend hat Johannes B. Kerner damals neu erfunden und die Sportberichterstattung mehr als einmal weiterentwickelt. Johannes B. Kerner steht dabei stets f\u00fcr Charme, Witz und journalistische Tiefe. Er verbindet qualitativen Anspruch mit gro\u00dfem Respekt, pers\u00f6nlicher Wertsch\u00e4tzung und Menschlichkeit gegen\u00fcber seinen Gespr\u00e4chspartnern. Bodenst\u00e4ndig, sympathisch und immer cool: Das zeichnet ihn aus.&#8220;<\/p>\n<p>&#13;<br \/>\n&#13;<\/p>\n<p>Nur bei der \u00dcberraschungsschalte zur Bekanntgabe der Auszeichnung habe man ihn ihn &#8222;ein klein wenig aus der Ruhe gebracht&#8220;, so S\u00f6der. Zu sehen ist dieser Moment am Mittwoch, den 21. Oktober bei der Preisverleihung des Blauen Panthers in M\u00fcnchen.<\/p>\n<p>&#13;<\/p>\n<p><p>\n\t\t\t\t\t\t\t\t\tMehr zum Thema\n\t\t\t\t\t\t\t\t<\/p><\/p>\n","protected":false},"excerpt":{"rendered":"Johannes B. Kerner wird in diesem Jahr mit dem Ehrenpreis des Bayerischen Ministerpr\u00e4sidenten beim Blauen Panther geehrt. Der&hellip;\n","protected":false},"author":2,"featured_media":1277040,"comment_status":"","ping_status":"","sticky":false,"template":"","format":"standard","meta":{"footnotes":"","_share_on_mastodon":"0"},"categories":[1773],"tags":[29,214,30,471,1780,215],"class_list":["post-1277039","post","type-post","status-publish","format-standard","has-post-thumbnail","category-serien","tag-deutschland","tag-entertainment","tag-germany","tag-serien","tag-series","tag-unterhaltung"],"share_on_mastodon":{"url":"","error":""},"_links":{"self":[{"href":"https:\/\/www.europesays.com\/de\/wp-json\/wp\/v2\/posts\/1277039","targetHints":{"allow":["GET"]}}],"collection":[{"href":"https:\/\/www.europesays.com\/de\/wp-json\/wp\/v2\/posts"}],"about":[{"href":"https:\/\/www.europesays.com\/de\/wp-json\/wp\/v2\/types\/post"}],"author":[{"embeddable":true,"href":"https:\/\/www.europesays.com\/de\/wp-json\/wp\/v2\/users\/2"}],"replies":[{"embeddable":true,"href":"https:\/\/www.europesays.com\/de\/wp-json\/wp\/v2\/comments?post=1277039"}],"version-history":[{"count":0,"href":"https:\/\/www.europesays.com\/de\/wp-json\/wp\/v2\/posts\/1277039\/revisions"}],"wp:featuredmedia":[{"embeddable":true,"href":"https:\/\/www.europesays.com\/de\/wp-json\/wp\/v2\/media\/1277040"}],"wp:attachment":[{"href":"https:\/\/www.europesays.com\/de\/wp-json\/wp\/v2\/media?parent=1277039"}],"wp:term":[{"taxonomy":"category","embeddable":true,"href":"https:\/\/www.europesays.com\/de\/wp-json\/wp\/v2\/categories?post=1277039"},{"taxonomy":"post_tag","embeddable":true,"href":"https:\/\/www.europesays.com\/de\/wp-json\/wp\/v2\/tags?post=1277039"}],"curies":[{"name":"wp","href":"https:\/\/api.w.org\/{rel}","templated":true}]}}