{"id":1277043,"date":"2026-09-03T01:29:23","date_gmt":"2026-09-03T01:29:23","guid":{"rendered":"https:\/\/www.europesays.com\/de\/1277043\/"},"modified":"2026-09-03T01:29:23","modified_gmt":"2026-09-03T01:29:23","slug":"die-mumie-schlaegt-zurueck-erscheint-im-september-als-limited-edition-mit-schlefaz-fassung-auf-blu-ray","status":"publish","type":"post","link":"https:\/\/www.europesays.com\/de\/1277043\/","title":{"rendered":"&#8222;Die Mumie schl\u00e4gt zur\u00fcck&#8220; erscheint im September als Limited Edition mit SchleFaZ-Fassung auf Blu-ray"},"content":{"rendered":"<p>&#13;<br \/>\n                        &#13;<br \/>\n                        &#13;<br \/>\n                                                 &#13;<br \/>\n                        \t\t\t\t\t\t\t\t\t\t                        &#13;<br \/>\n                                &#13;<br \/>\n                                                  &#13;<br \/>\n&#13;<br \/>\n                        <img fetchpriority=\"high\" width=\"800\" height=\"800\" src=\"https:\/\/www.europesays.com\/de\/wp-content\/uploads\/2026\/09\/Die-Mumie-schlaegt-zurueck-Limited-Edition-DVD-Schlefaz-Fassung-Blu-ray-Disc.jpg\" class=\"cj-featured-inline wp-post-image\" alt=\"\u201eDie Mumie schl\u00e4gt zur\u00fcck\u201c erscheint im September als Limited Edition mit SchleFaZ-Fassung auf Blu-ray\" loading=\"eager\" decoding=\"async\"  \/><\/p>\n<p>DigiDreams Studios bringt im September dieses Jahres \u201eDie Mumie schl\u00e4gt zur\u00fcck\u201c als Limited Edition mit Blu-ray und DVD heraus. Enthalten ist die SchleFaZ-Fassung des Films, dessen Originaltitel \u201eThe Mummy Theme Park\u201c lautet. Das Bild liegt in HD vor. Regie f\u00fchrte Al Paseri, vor der Kamera stehen Adam O\u2019Neil, Holly Laningham, Cyrus Elias und Helen Preest.<\/p>\n<p><strong>Tonspuren<\/strong><\/p>\n<ul>\n<li>Deutsch DD 5.1<\/li>\n<li>Deutsch DD 2.0<\/li>\n<li>Englisch DD 2.0<\/li>\n<\/ul>\n<p><strong>Handlung<\/strong><\/p>\n<p>Durch ein mysteri\u00f6ses Erdbeben in \u00c4gypten wird die uralte Kultst\u00e4tte Necropolis freigelegt. Der wohlhabende Scheich El Sahid plant, das unterirdische Bauwerk in einen Abenteuerfreizeitpark zu verwandeln und dabei selbst die dort befindlichen Mumien mithilfe moderner Technik als Attraktion einzusetzen. Zwei amerikanische Fotografen sollen den ungew\u00f6hnlichen Park fotografieren, doch schon bald kommt es zu unerkl\u00e4rlichen Zwischenf\u00e4llen. Ein alter Fluch warnt davor, die Ruhe der Mumie zu st\u00f6ren und damit ihren Zorn auf sich zu ziehen.<\/p>\n<p>Der Release ist voraussichtlich am 29.09.2026.<\/p>\n<p>Jetzt bestellen<\/p>\n<p>&#13;<\/p>\n","protected":false},"excerpt":{"rendered":"&#13; &#13; &#13; &#13; &#13; &#13; &#13; &#13; DigiDreams Studios bringt im September dieses Jahres \u201eDie Mumie schl\u00e4gt&hellip;\n","protected":false},"author":2,"featured_media":1277044,"comment_status":"","ping_status":"","sticky":false,"template":"","format":"standard","meta":{"footnotes":"","_share_on_mastodon":"0"},"categories":[1771],"tags":[1778,29,214,30,95,1777,215],"class_list":["post-1277043","post","type-post","status-publish","format-standard","has-post-thumbnail","category-kino","tag-cinema","tag-deutschland","tag-entertainment","tag-germany","tag-kino","tag-movie","tag-unterhaltung"],"share_on_mastodon":{"url":"https:\/\/pubeurope.com\/@de\/117204521385816618","error":""},"_links":{"self":[{"href":"https:\/\/www.europesays.com\/de\/wp-json\/wp\/v2\/posts\/1277043","targetHints":{"allow":["GET"]}}],"collection":[{"href":"https:\/\/www.europesays.com\/de\/wp-json\/wp\/v2\/posts"}],"about":[{"href":"https:\/\/www.europesays.com\/de\/wp-json\/wp\/v2\/types\/post"}],"author":[{"embeddable":true,"href":"https:\/\/www.europesays.com\/de\/wp-json\/wp\/v2\/users\/2"}],"replies":[{"embeddable":true,"href":"https:\/\/www.europesays.com\/de\/wp-json\/wp\/v2\/comments?post=1277043"}],"version-history":[{"count":0,"href":"https:\/\/www.europesays.com\/de\/wp-json\/wp\/v2\/posts\/1277043\/revisions"}],"wp:featuredmedia":[{"embeddable":true,"href":"https:\/\/www.europesays.com\/de\/wp-json\/wp\/v2\/media\/1277044"}],"wp:attachment":[{"href":"https:\/\/www.europesays.com\/de\/wp-json\/wp\/v2\/media?parent=1277043"}],"wp:term":[{"taxonomy":"category","embeddable":true,"href":"https:\/\/www.europesays.com\/de\/wp-json\/wp\/v2\/categories?post=1277043"},{"taxonomy":"post_tag","embeddable":true,"href":"https:\/\/www.europesays.com\/de\/wp-json\/wp\/v2\/tags?post=1277043"}],"curies":[{"name":"wp","href":"https:\/\/api.w.org\/{rel}","templated":true}]}}