{"id":1277053,"date":"2026-09-03T01:34:34","date_gmt":"2026-09-03T01:34:34","guid":{"rendered":"https:\/\/www.europesays.com\/de\/1277053\/"},"modified":"2026-09-03T01:34:34","modified_gmt":"2026-09-03T01:34:34","slug":"gaspreise-steigen-auf-vierjahreshoch-speicher-werden-kaum-aufgefuellt","status":"publish","type":"post","link":"https:\/\/www.europesays.com\/de\/1277053\/","title":{"rendered":"Gaspreise steigen auf Vierjahreshoch: Speicher werden kaum aufgef\u00fcllt"},"content":{"rendered":"<p>Merz macht sich Sorgen <\/p>\n<p>Gas so teuer wie seit Beginn des Ukraine-Kriegs nicht mehr<\/p>\n<p>02.09.2026 &#8211; 18:06 UhrLesedauer: 3 Min.<\/p>\n<p><a href=\"#focus-0\" class=\"transition-colors block text-current relative\" data-sctrack=\"FocusGalleryImage.Reference\"><img fetchpriority=\"high\" data-testid=\"Opener.Image\"   loading=\"eager\" src=\"https:\/\/www.europesays.com\/de\/wp-content\/uploads\/2026\/09\/symbolfoto-zum-thema-kochen-mit-gas-eine-blaue-gasflamme-brennt-auf-einem-gasherd-in-einer-kueche-be.jpeg\" alt=\"imago images 0863460176\" title=\"imago images 0863460176\" width=\"3852\" height=\"2167\" class=\"bg-[url:var(--lqipURL)] bg-cover bg-center flex h-full w-full max-w-full\" style=\"--lqipURL:url('https:\/\/images.t-online.de\/2026\/09\/hBE7QNi43BX0\/0x201:3852x2167\/fit-in\/150x0\/filters:blur(25)\/symbolfoto-zum-thema-kochen-mit-gas-eine-blaue-gasflamme-brennt-auf-einem-gasherd-in-einer-kueche-berlin-06-082026-berlin-deutschland-stock-photo-on-the-topic-of-cooking-with-gas-a-blue-gas-flame-burns-on-a-gas-stove-in-a-kitchen-berlin-august-6-2026-berlin-germany-copyright-xthomasxtrutschelx.jpg')\" decoding=\"async\"\/><img loading=\"lazy\" src=\"https:\/\/www.t-online.de\/s\/paper\/_next\/static\/media\/zoom-in.f7dae02f.svg\" alt=\"Vergr\u00f6\u00dfern des Bildes\" title=\"Vergr\u00f6\u00dfern des Bildes\" class=\"block h-[calc(var(--height)_\/_16_*_1rem)] w-[calc(var(--width)_\/_16_*_1rem)] max-w-none absolute right-8 bottom-8 rounded-4 bg-snow p-8\" style=\"--width:32;--height:32\" decoding=\"async\"\/><\/a><\/p>\n<p>Gas wird wieder teuer: Durch den Iran-Krieg steigen die Preise erneut an. (Quelle: Thomas Trutschel\/imago)<\/p>\n<p><img loading=\"lazy\" src=\"https:\/\/www.t-online.de\/s\/paper\/_next\/static\/media\/audio-volume.6689034c.svg\" alt=\"\" title=\"\" class=\"block h-[calc(var(--height)_\/_16_*_1rem)] w-[calc(var(--width)_\/_16_*_1rem)] max-w-none group-hover:brightness-0 group-hover:invert\" style=\"--width:16;--height:16\" decoding=\"async\"\/>Vorlesen<\/p>\n<p>Aktuelle Zeit:0:00Gesamtdauer:0:00<\/p>\n<p>1x<img loading=\"lazy\" src=\"https:\/\/www.t-online.de\/s\/paper\/_next\/static\/media\/font-sizes.32942e33.svg\" alt=\"\" title=\"\" class=\"block h-[calc(var(--height)_\/_16_*_1rem)] w-[calc(var(--width)_\/_16_*_1rem)] max-w-none group-hover:hidden group-aria-expanded:hidden\" style=\"--width:16;--height:16\" decoding=\"async\"\/><img loading=\"lazy\" src=\"https:\/\/www.t-online.de\/s\/paper\/_next\/static\/media\/font-sizes-dark-mode.e382645c.svg\" alt=\"\" title=\"\" class=\"block h-[calc(var(--height)_\/_16_*_1rem)] w-[calc(var(--width)_\/_16_*_1rem)] max-w-none hidden group-hover:block group-aria-expanded:block\" style=\"--width:16;--height:16\" decoding=\"async\"\/><img loading=\"lazy\" src=\"https:\/\/www.t-online.de\/s\/paper\/_next\/static\/media\/sharing-menu-icon.1eb71368.svg\" alt=\"\" title=\"\" class=\"block h-[calc(var(--height)_\/_16_*_1rem)] w-[calc(var(--width)_\/_16_*_1rem)] max-w-none group-hover:brightness-0 group-hover:invert\" style=\"--width:16;--height:16\" decoding=\"async\"\/>Artikel teilen<\/p>\n<p class=\"font-bold text-18 leading-17 user-text-lg:text-22 user-text-xl:text-24\">Kurz vor Herbstbeginn wird Gas in Europa wieder teuer. So teuer, dass die Speicher f\u00fcr den Winter nicht mehr aufgef\u00fcllt werden.<\/p>\n<p class=\"text-18 leading-17 user-text-lg:text-22 user-text-xl:text-24\">Der <a href=\"https:\/\/www.t-online.de\/heim-garten\/aktuelles\/id_101414614\/gaspreis-klettert-auf-dreijahreshoch-das-zahlen-haushalte-jetzt-mehr.html\" class=\"transition-colors cursor-pointer no-underline md:hover:text-magenta md:focus:text-magenta border-b border-solid border-current text-salemsfur md:hover:border-magenta\" data-tracking=\"{&quot;action&quot;:&quot;click&quot;,&quot;category&quot;:&quot;intextLink&quot;,&quot;label&quot;:&quot;\/heim-garten\/aktuelles\/id_101414614\/gaspreis-klettert-auf-dreijahreshoch-das-zahlen-haushalte-jetzt-mehr.html&quot;}\" data-sctrack=\"BodyAnchor\" rel=\"nofollow noopener\" target=\"_blank\">Preis f\u00fcr Erdgas in Europa hat den H\u00f6henflug am Mittwoch fortgesetzt<\/a> und den h\u00f6chsten Stand seit Beginn des Iran-Kriegs erreicht. Die Notierung stieg den dritten Tag in Folge, da die Angriffe der <a href=\"https:\/\/www.t-online.de\/themen\/usa\/\" class=\"transition-colors cursor-pointer no-underline md:hover:text-magenta md:focus:text-magenta border-b border-solid border-current text-salemsfur md:hover:border-magenta\" data-tracking=\"{&quot;action&quot;:&quot;click&quot;,&quot;category&quot;:&quot;intextLink&quot;,&quot;label&quot;:&quot;\/themen\/usa\/&quot;}\" data-sctrack=\"BodyAnchor\" rel=\"nofollow noopener\" target=\"_blank\">USA<\/a> und des <a href=\"https:\/\/www.t-online.de\/themen\/iran\/\" class=\"transition-colors cursor-pointer no-underline md:hover:text-magenta md:focus:text-magenta border-b border-solid border-current text-salemsfur md:hover:border-magenta\" data-tracking=\"{&quot;action&quot;:&quot;click&quot;,&quot;category&quot;:&quot;intextLink&quot;,&quot;label&quot;:&quot;\/themen\/iran\/&quot;}\" data-sctrack=\"BodyAnchor\" rel=\"nofollow noopener\" target=\"_blank\">Iran<\/a> die Hoffnungen auf eine Wiederaufnahme der Energielieferungen \u00fcber die <a href=\"https:\/\/www.t-online.de\/themen\/strasse-von-hormus\/\" class=\"transition-colors cursor-pointer no-underline md:hover:text-magenta md:focus:text-magenta border-b border-solid border-current text-salemsfur md:hover:border-magenta\" data-tracking=\"{&quot;action&quot;:&quot;click&quot;,&quot;category&quot;:&quot;intextLink&quot;,&quot;label&quot;:&quot;\/themen\/strasse-von-hormus\/&quot;}\" data-sctrack=\"BodyAnchor\" rel=\"nofollow noopener\" target=\"_blank\">Stra\u00dfe von Hormus<\/a> d\u00e4mpften. Der richtungweisende Erdgas-Terminkontrakt TTF zur Lieferung in einem Monat an der B\u00f6rse in Amsterdam kletterte bis auf 74,43 Euro je Megawattstunde (MWh). Das sind gut drei Prozent mehr als am Vortag.<\/p>\n<p class=\"text-18 leading-17 user-text-lg:text-22 user-text-xl:text-24\">Damit ist Erdgas teurer als zu Beginn des Iran-Kriegs, als die Notierung im M\u00e4rz zeitweise \u00fcber 70 Euro je MWh gestiegen war. H\u00f6her war der Preis zuletzt 2022, als er nach einem russischen Lieferstopp infolge des Ukraine-Kriegs zeitweise \u00fcber 300 Euro nach oben geschossen war.<\/p>\n<p>Trump hat angeblich kein Interesse an Ende des Iran-Kriegs<\/p>\n<p class=\"text-18 leading-17 user-text-lg:text-22 user-text-xl:text-24\">Die <a href=\"https:\/\/www.t-online.de\/nachrichten\/ausland\/internationale-politik\/id_101416676\/iran-wuetet-gegen-usa-nach-bericht-ueber-angriff-auf-hochzeitsfeier.html\" class=\"transition-colors cursor-pointer no-underline md:hover:text-magenta md:focus:text-magenta border-b border-solid border-current text-salemsfur md:hover:border-magenta\" data-tracking=\"{&quot;action&quot;:&quot;click&quot;,&quot;category&quot;:&quot;intextLink&quot;,&quot;label&quot;:&quot;\/nachrichten\/ausland\/internationale-politik\/id_101416676\/iran-wuetet-gegen-usa-nach-bericht-ueber-angriff-auf-hochzeitsfeier.html&quot;}\" data-sctrack=\"BodyAnchor\" rel=\"nofollow noopener\" target=\"_blank\">USA f\u00fchrten den zweiten Tag in Folge Luftangriffe auf den Iran<\/a> durch. Durch den Krieg und die Blockade der Stra\u00dfe von Hormus ist ein gro\u00dfer Teil der weltweiten Lieferungen an Erdgas ausgefallen. Das US-Milit\u00e4r attackierte nach eigenen Angaben in der Nacht Luftabwehrstellungen und Radarsysteme der iranischen Revolutionsgarden sowie Ger\u00e4t zum Verlegen von Seeminen. Der Iran reagierte mit Raketen- und Drohnenangriffen auf <a href=\"https:\/\/www.t-online.de\/themen\/jordanien\/\" class=\"transition-colors cursor-pointer no-underline md:hover:text-magenta md:focus:text-magenta border-b border-solid border-current text-salemsfur md:hover:border-magenta\" data-tracking=\"{&quot;action&quot;:&quot;click&quot;,&quot;category&quot;:&quot;intextLink&quot;,&quot;label&quot;:&quot;\/themen\/jordanien\/&quot;}\" data-sctrack=\"BodyAnchor\" rel=\"nofollow noopener\" target=\"_blank\">Jordanien<\/a>, Kuwait und Bahrain.<\/p>\n<p class=\"text-18 leading-17 user-text-lg:text-22 user-text-xl:text-24\">Pr\u00e4sident <a href=\"https:\/\/www.t-online.de\/themen\/donald-trump\/\" class=\"transition-colors cursor-pointer no-underline md:hover:text-magenta md:focus:text-magenta border-b border-solid border-current text-salemsfur md:hover:border-magenta\" data-tracking=\"{&quot;action&quot;:&quot;click&quot;,&quot;category&quot;:&quot;intextLink&quot;,&quot;label&quot;:&quot;\/themen\/donald-trump\/&quot;}\" data-sctrack=\"BodyAnchor\" rel=\"nofollow noopener\" target=\"_blank\">Donald Trump<\/a> spielte die Chancen auf eine Einigung zur Beendigung des seit mehr als sechs Monaten andauernden Krieges herunter. Es sei ihm &#8222;v\u00f6llig egal&#8220;, ob die iranische F\u00fchrung ein Abkommen unterzeichne, das f\u00fcr sie wertlos sei, schrieb Trump weiter. &#8222;Mir gef\u00e4llt unsere derzeitige Position viel besser: Wir haben fast die vollst\u00e4ndige Kontrolle \u00fcber die Stra\u00dfe von Hormus, und ihre Wirtschaft bricht v\u00f6llig zusammen&#8220;, meinte Trump und f\u00fcgte hinzu: &#8222;Wann wird das iranische Volk endlich aufstehen und k\u00e4mpfen?&#8220;<\/p>\n<p>Gaspreise steigen \u2013 Speicher k\u00f6nnten leer bleiben<\/p>\n<p class=\"text-18 leading-17 user-text-lg:text-22 user-text-xl:text-24\">Preistreiber ist die Sorge, dass Lieferungen von Fl\u00fcssigerdgas (LNG) aus den F\u00f6rdergebieten am Persischen Golf dauerhaft blockiert sein k\u00f6nnten. Seit etwa drei Wochen geht es mit dem <a href=\"https:\/\/www.t-online.de\/themen\/gaspreis\/\" class=\"transition-colors cursor-pointer no-underline md:hover:text-magenta md:focus:text-magenta border-b border-solid border-current text-salemsfur md:hover:border-magenta\" data-tracking=\"{&quot;action&quot;:&quot;click&quot;,&quot;category&quot;:&quot;intextLink&quot;,&quot;label&quot;:&quot;\/themen\/gaspreis\/&quot;}\" data-sctrack=\"BodyAnchor\" rel=\"nofollow noopener\" target=\"_blank\">Gaspreis<\/a> tendenziell nach oben. In dieser Zeit hat sich der Rohstoff um \u00fcber 40 Prozent verteuert.<\/p>\n<p><a href=\"#focus-1\" class=\"transition-colors block text-current relative\" data-sctrack=\"FocusGalleryImage.Reference\"><img   loading=\"lazy\" src=\"https:\/\/www.europesays.com\/de\/wp-content\/uploads\/2026\/09\/1788399274_672_image.png\" alt=\"Die europ\u00e4ischen Gaspreise am 2. September 2026.\" title=\"Die europ\u00e4ischen Gaspreise am 2. September 2026.\" width=\"1500\" height=\"1040\" class=\"h-full w-full max-w-full rounded-8\" decoding=\"async\"\/><img loading=\"lazy\" src=\"https:\/\/www.t-online.de\/s\/paper\/_next\/static\/media\/zoom-in.f7dae02f.svg\" alt=\"Vergr\u00f6\u00dfern des Bildes\" title=\"Vergr\u00f6\u00dfern des Bildes\" class=\"block h-[calc(var(--height)_\/_16_*_1rem)] w-[calc(var(--width)_\/_16_*_1rem)] max-w-none absolute right-8 bottom-8 rounded-4 bg-snow p-8\" style=\"--width:32;--height:32\" decoding=\"async\"\/>Die europ\u00e4ischen Gaspreise am 2. September 2026. (Quelle: TTF\/t-online)<\/a><\/p>\n<p class=\"text-18 leading-17 user-text-lg:text-22 user-text-xl:text-24\">Mit der j\u00fcngsten Eskalation im Iran-Krieg steigt der Preis f\u00fcr europ\u00e4isches Erdgas zudem st\u00e4rker als f\u00fcr Roh\u00f6l. <a href=\"https:\/\/www.t-online.de\/mobilitaet\/aktuelles\/id_101417314\/spritpreise-benzin-teurer-diesel-guenstiger.html\" class=\"transition-colors cursor-pointer no-underline md:hover:text-magenta md:focus:text-magenta border-b border-solid border-current text-salemsfur md:hover:border-magenta\" data-tracking=\"{&quot;action&quot;:&quot;click&quot;,&quot;category&quot;:&quot;intextLink&quot;,&quot;label&quot;:&quot;\/mobilitaet\/aktuelles\/id_101417314\/spritpreise-benzin-teurer-diesel-guenstiger.html&quot;}\" data-sctrack=\"BodyAnchor\" rel=\"nofollow noopener\" target=\"_blank\">W\u00e4hrend die \u00d6lpreise in den vergangenen Wochen auch zeitweise deutlich gefallen waren<\/a>, haben sich die Notierungen f\u00fcr den Erdgas-Terminkontrakt auf hohem Niveau gehalten. Neben der Blockade der Stra\u00dfe von Hormus als wichtige Transportroute f\u00fcr Energierohstoffe wird der Gaspreis auch durch eine vergleichsweise geringe F\u00fcllmenge der Gasspeicher in Europa gest\u00fctzt.<\/p>\n","protected":false},"excerpt":{"rendered":"Merz macht sich Sorgen Gas so teuer wie seit Beginn des Ukraine-Kriegs nicht mehr 02.09.2026 &#8211; 18:06 UhrLesedauer:&hellip;\n","protected":false},"author":2,"featured_media":1277054,"comment_status":"","ping_status":"","sticky":false,"template":"","format":"standard","meta":{"footnotes":"","_share_on_mastodon":"0"},"categories":[134],"tags":[1593,113703,550,15825,175,170,169,29,106,1137,663,775,1213,30,345,186871,22814,30157,171,174,29839,317,173,172,14953,64],"class_list":["post-1277053","post","type-post","status-publish","format-standard","has-post-thumbnail","category-unternehmen-maerkte","tag-1593","tag-113703","tag-amsterdam","tag-bahrain","tag-business","tag-companies","tag-companies-markets","tag-deutschland","tag-donald-trump","tag-erdgas","tag-europa","tag-friedrich-merz","tag-gas","tag-germany","tag-iran","tag-iran-krieg","tag-jordanien","tag-kuwait","tag-markets","tag-maerkte","tag-strasse-von-hormus","tag-ukraine","tag-unternehmen","tag-unternehmen-maerkte","tag-us-militaer","tag-usa"],"share_on_mastodon":{"url":"https:\/\/pubeurope.com\/@de\/117204544101662699","error":""},"_links":{"self":[{"href":"https:\/\/www.europesays.com\/de\/wp-json\/wp\/v2\/posts\/1277053","targetHints":{"allow":["GET"]}}],"collection":[{"href":"https:\/\/www.europesays.com\/de\/wp-json\/wp\/v2\/posts"}],"about":[{"href":"https:\/\/www.europesays.com\/de\/wp-json\/wp\/v2\/types\/post"}],"author":[{"embeddable":true,"href":"https:\/\/www.europesays.com\/de\/wp-json\/wp\/v2\/users\/2"}],"replies":[{"embeddable":true,"href":"https:\/\/www.europesays.com\/de\/wp-json\/wp\/v2\/comments?post=1277053"}],"version-history":[{"count":0,"href":"https:\/\/www.europesays.com\/de\/wp-json\/wp\/v2\/posts\/1277053\/revisions"}],"wp:featuredmedia":[{"embeddable":true,"href":"https:\/\/www.europesays.com\/de\/wp-json\/wp\/v2\/media\/1277054"}],"wp:attachment":[{"href":"https:\/\/www.europesays.com\/de\/wp-json\/wp\/v2\/media?parent=1277053"}],"wp:term":[{"taxonomy":"category","embeddable":true,"href":"https:\/\/www.europesays.com\/de\/wp-json\/wp\/v2\/categories?post=1277053"},{"taxonomy":"post_tag","embeddable":true,"href":"https:\/\/www.europesays.com\/de\/wp-json\/wp\/v2\/tags?post=1277053"}],"curies":[{"name":"wp","href":"https:\/\/api.w.org\/{rel}","templated":true}]}}