{"id":1277057,"date":"2026-09-03T01:37:20","date_gmt":"2026-09-03T01:37:20","guid":{"rendered":"https:\/\/www.europesays.com\/de\/1277057\/"},"modified":"2026-09-03T01:37:20","modified_gmt":"2026-09-03T01:37:20","slug":"zoff-um-zahnspange-eskaliert-schuelerin-bedroht-aerztin-mit-messer-regional","status":"publish","type":"post","link":"https:\/\/www.europesays.com\/de\/1277057\/","title":{"rendered":"Zoff um Zahnspange eskaliert: Sch\u00fclerin bedroht \u00c4rztin mit Messer | Regional"},"content":{"rendered":"<p><a class=\"skip-content skip-content--link\" href=\"#in-content-skip-link-target-v-0-0\">TTS-Player \u00fcberspringen\u21b5<\/a><a id=\"in-content-skip-link-target-v-0-0\" class=\"skip-content--target-link-hidden skip-content skip-content--target-link\" href=\"#in-content-skip-link-target-v-0-0\">Artikel weiterlesen<\/a><\/p>\n<p>Erlangen (Bayern) \u2013 <b>Gef\u00e4hrlicher Zwischenfall in einer Praxis in Erlangen! Ein gew\u00f6hnlicher Termin beim Kieferorthop\u00e4den endete mit einer gef\u00e4hrlichen Messer-Drohung. Die T\u00e4terin ist gerade mal 14 Jahre.<\/b><\/p>\n<p>Weil ihr die Behandlung zu lange dauerte, hat die Sch\u00fclerin am Montagmittag ihre Kieferorthop\u00e4din in ihrer Praxis in <a href=\"https:\/\/www.bild.de\/regional\/bayern\/home-F0nY8r5b4CmXLAXAmTuS\" class=\"text-link\" rel=\"nofollow noopener\" target=\"_blank\">Bayern<\/a> mit einem Messer bedroht. Statt \u00fcber die n\u00e4chsten Schritte zu sprechen, forderte die Sch\u00fclerin ultimativ das Ende ihrer Behandlungszeit, drohte der Medizinerin. Die Jugendliche forderte: Die Zahnspange m\u00fcsse endlich weg.<\/p>\n<p>Behandlung dauerte ihr zu lange<\/p>\n<p>Nach Angaben der <a href=\"https:\/\/www.bild.de\/regional\/aktuelles\/polizei\/polizeieinsatz-alle-infos-76681760.bild.html\" class=\"text-link\" rel=\"nofollow noopener\" target=\"_blank\">Polizei<\/a> dauerte der Jugendlichen die Behandlung schlicht zu lange. Deshalb verlangte sie von ihrer \u00c4rztin (44), sie solle ihren Eltern erkl\u00e4ren, die Behandlung sei bereits abgeschlossen. Doch die Medizinerin lie\u00df sich darauf nicht ein.<\/p>\n<p>Was dann geschah, d\u00fcrfte selbst erfahrene Praxis-Mitarbeiter sprachlos gemacht haben. Die 14-J\u00e4hrige zog laut Polizei pl\u00f6tzlich ein <a href=\"https:\/\/www.bild.de\/themen\/specials\/messerangriff\/news-fotos-videos-0h8oWhiUnMNXfTNwVJ1r\" class=\"text-link\" rel=\"nofollow noopener\" target=\"_blank\">Messer<\/a> hervor und bedrohte die Kieferorthop\u00e4din, um ihrer Forderung Nachdruck zu verleihen.<\/p>\n<p>Teenie haute aus Praxis ab<\/p>\n<p>Ein Sprecher der Polizeiinspektion Erlangen-Stadt best\u00e4tigte den Vorfall gegen\u00fcber BILD: \u201eEs ist richtig, dass die Patientin die <a href=\"https:\/\/www.bild.de\/themen\/specials\/zaehne\/ratgeber-gesundheit-news-fotos-videos-2-42103364.bild.html\" class=\"text-link\" rel=\"nofollow noopener\" target=\"_blank\">Zahn\u00e4rztin<\/a> mit einer Stichwaffe bedrohte und dann aus der Praxis verschwand.\u201c<\/p>\n<p>Als die alarmierten Beamten eintrafen, fanden sie die Jugendliche weder vor noch in der Praxis. Die \u00c4rztin und ihre Mitarbeiter blieben bei dem Vorfall gl\u00fccklicherweise unverletzt. Gegen die 14-J\u00e4hrige wurde inzwischen ein Ermittlungsverfahren wegen <a href=\"https:\/\/www.bild.de\/themen\/ereignisse\/straftaten\/news-fotos-videos-17026252.bild.html\" class=\"text-link\" rel=\"nofollow noopener\" target=\"_blank\">Bedrohung<\/a> eingeleitet.<\/p>\n","protected":false},"excerpt":{"rendered":"TTS-Player \u00fcberspringen\u21b5Artikel weiterlesen Erlangen (Bayern) \u2013 Gef\u00e4hrlicher Zwischenfall in einer Praxis in Erlangen! Ein gew\u00f6hnlicher Termin beim Kieferorthop\u00e4den&hellip;\n","protected":false},"author":2,"featured_media":1277058,"comment_status":"","ping_status":"","sticky":false,"template":"","format":"standard","meta":{"footnotes":"","_share_on_mastodon":"0"},"categories":[2],"tags":[2623,29,30,1000,13,1981,14,15,121,12,3269,138370,10,8,9,11,1995,21254],"class_list":["post-1277057","post","type-post","status-publish","format-standard","has-post-thumbnail","category-deutschland","tag-bianca-weiner","tag-deutschland","tag-germany","tag-gewalt","tag-headlines","tag-messer","tag-nachrichten","tag-news","tag-polizei","tag-schlagzeilen","tag-stichwaffen","tag-team-first","tag-top-news","tag-top-meldungen","tag-topmeldungen","tag-topnews","tag-verbrechen","tag-zahnarzt"],"share_on_mastodon":{"url":"https:\/\/pubeurope.com\/@de\/117204552639313400","error":""},"_links":{"self":[{"href":"https:\/\/www.europesays.com\/de\/wp-json\/wp\/v2\/posts\/1277057","targetHints":{"allow":["GET"]}}],"collection":[{"href":"https:\/\/www.europesays.com\/de\/wp-json\/wp\/v2\/posts"}],"about":[{"href":"https:\/\/www.europesays.com\/de\/wp-json\/wp\/v2\/types\/post"}],"author":[{"embeddable":true,"href":"https:\/\/www.europesays.com\/de\/wp-json\/wp\/v2\/users\/2"}],"replies":[{"embeddable":true,"href":"https:\/\/www.europesays.com\/de\/wp-json\/wp\/v2\/comments?post=1277057"}],"version-history":[{"count":0,"href":"https:\/\/www.europesays.com\/de\/wp-json\/wp\/v2\/posts\/1277057\/revisions"}],"wp:featuredmedia":[{"embeddable":true,"href":"https:\/\/www.europesays.com\/de\/wp-json\/wp\/v2\/media\/1277058"}],"wp:attachment":[{"href":"https:\/\/www.europesays.com\/de\/wp-json\/wp\/v2\/media?parent=1277057"}],"wp:term":[{"taxonomy":"category","embeddable":true,"href":"https:\/\/www.europesays.com\/de\/wp-json\/wp\/v2\/categories?post=1277057"},{"taxonomy":"post_tag","embeddable":true,"href":"https:\/\/www.europesays.com\/de\/wp-json\/wp\/v2\/tags?post=1277057"}],"curies":[{"name":"wp","href":"https:\/\/api.w.org\/{rel}","templated":true}]}}