{"id":1277059,"date":"2026-09-03T01:38:18","date_gmt":"2026-09-03T01:38:18","guid":{"rendered":"https:\/\/www.europesays.com\/de\/1277059\/"},"modified":"2026-09-03T01:38:18","modified_gmt":"2026-09-03T01:38:18","slug":"der-wahlkampf-von-friedrich-merz-im-osten","status":"publish","type":"post","link":"https:\/\/www.europesays.com\/de\/1277059\/","title":{"rendered":"Der Wahlkampf von Friedrich Merz im Osten"},"content":{"rendered":"\n<p>2. September 2026 | Lesezeit: 12 Min.<\/p>\n<p>Friedrich Merz ist nirgends zu sehen. Auf keinem Plakat, in keiner \u00f6ffentlichen Ank\u00fcndigung, nicht mal ein Deutschlandf\u00e4hnchen k\u00fcndet vom bevorstehenden Wahlkampfauftritt des Bundeskanzlers in Quedlinburg, Sachsen-Anhalt. Und die Warnung \u201eKlippen \u2013 Vorsicht Steinschlag\u201c auf einem Stra\u00dfenschild an der Auffahrt zum Stiftsberg, die Merz\u2019 Wagenkolonne am Montagabend passiert, wirkt wie ein Kommentar zur Lage seiner Partei in diesem Wahlkampf. Aber was soll er machen?<\/p>\n","protected":false},"excerpt":{"rendered":"2. September 2026 | Lesezeit: 12 Min. Friedrich Merz ist nirgends zu sehen. Auf keinem Plakat, in keiner&hellip;\n","protected":false},"author":2,"featured_media":1277060,"comment_status":"","ping_status":"","sticky":false,"template":"","format":"standard","meta":{"footnotes":"","_share_on_mastodon":"0"},"categories":[5],"tags":[186,31,87416,775,13,1351,182,14,15,3877,860,12,10,8,9,11,95401],"class_list":["post-1277059","post","type-post","status-publish","format-standard","has-post-thumbnail","category-nachrichten","tag-afd","tag-cdu","tag-die-seite-drei","tag-friedrich-merz","tag-headlines","tag-mecklenburg-vorpommern","tag-merz","tag-nachrichten","tag-news","tag-sddeutsche-zeitung","tag-sachsen-anhalt","tag-schlagzeilen","tag-top-news","tag-top-meldungen","tag-topmeldungen","tag-topnews","tag-ulrich-siegmund"],"share_on_mastodon":{"url":"https:\/\/pubeurope.com\/@de\/117204556743882331","error":""},"_links":{"self":[{"href":"https:\/\/www.europesays.com\/de\/wp-json\/wp\/v2\/posts\/1277059","targetHints":{"allow":["GET"]}}],"collection":[{"href":"https:\/\/www.europesays.com\/de\/wp-json\/wp\/v2\/posts"}],"about":[{"href":"https:\/\/www.europesays.com\/de\/wp-json\/wp\/v2\/types\/post"}],"author":[{"embeddable":true,"href":"https:\/\/www.europesays.com\/de\/wp-json\/wp\/v2\/users\/2"}],"replies":[{"embeddable":true,"href":"https:\/\/www.europesays.com\/de\/wp-json\/wp\/v2\/comments?post=1277059"}],"version-history":[{"count":0,"href":"https:\/\/www.europesays.com\/de\/wp-json\/wp\/v2\/posts\/1277059\/revisions"}],"wp:featuredmedia":[{"embeddable":true,"href":"https:\/\/www.europesays.com\/de\/wp-json\/wp\/v2\/media\/1277060"}],"wp:attachment":[{"href":"https:\/\/www.europesays.com\/de\/wp-json\/wp\/v2\/media?parent=1277059"}],"wp:term":[{"taxonomy":"category","embeddable":true,"href":"https:\/\/www.europesays.com\/de\/wp-json\/wp\/v2\/categories?post=1277059"},{"taxonomy":"post_tag","embeddable":true,"href":"https:\/\/www.europesays.com\/de\/wp-json\/wp\/v2\/tags?post=1277059"}],"curies":[{"name":"wp","href":"https:\/\/api.w.org\/{rel}","templated":true}]}}