{"id":1277064,"date":"2026-09-03T01:41:29","date_gmt":"2026-09-03T01:41:29","guid":{"rendered":"https:\/\/www.europesays.com\/de\/1277064\/"},"modified":"2026-09-03T01:41:29","modified_gmt":"2026-09-03T01:41:29","slug":"auf-400-jahre-altem-schloss-herbstmarkt-bietet-fuelle-von-bezaubernden-angeboten","status":"publish","type":"post","link":"https:\/\/www.europesays.com\/de\/1277064\/","title":{"rendered":"Auf 400 Jahre altem Schloss: Herbstmarkt bietet \u201eF\u00fclle von bezaubernden Angeboten\u201c"},"content":{"rendered":"<ol class=\"id-DonaldBreadcrumb lp_west_breadcrumb id-DonaldBreadcrumb--default\" data-k5a-pos=\"west_breadcrumb\">\n<li class=\"id-Breadcrumb-item\"><a href=\"https:\/\/www.kreiszeitung.de\/\" class=\"id-Breadcrumb-link\" data-id-ec=\"{\" shn=\"\" textlink=\"\" data-k5a-pos=\"1_startseite\" rel=\"nofollow noopener\" target=\"_blank\">Startseite<\/a><\/li>\n<li class=\"id-Breadcrumb-item\"><a href=\"https:\/\/www.kreiszeitung.de\/lokales\/\" class=\"id-Breadcrumb-link\" data-id-ec=\"{\" shn=\"\" textlink=\"\" data-k5a-pos=\"2_lokales\" rel=\"nofollow noopener\" target=\"_blank\">Lokales<\/a><\/li>\n<li class=\"id-Breadcrumb-item\"><a href=\"https:\/\/www.kreiszeitung.de\/lokales\/schleswig-holstein\/\" class=\"id-Breadcrumb-link\" data-id-ec=\"{\" shn=\"\" textlink=\"\" data-k5a-pos=\"3_schleswigHolstein\" rel=\"nofollow noopener\" target=\"_blank\">Schleswig-Holstein<\/a><\/li>\n<\/ol>\n<p class=\"id-Story-timestamp id-Story-timestamp--default\">Stand: 02.09.2026, 17:30 Uhr<\/p>\n<p class=\"id-Story-authors id-Story-authors--default\">Von: <a class=\"id-Story-authors-link lp_west_author\" href=\"https:\/\/www.kreiszeitung.de\/autor\/ulrike-hagen-6t32g0are.html\" title=\"Zur Autorenseite von Ulrike Hagen\" data-id-ec=\"{\" shn=\"\" author-link=\"\" hagen=\"\" data-k5a-pos=\"west_author\" rel=\"nofollow noopener\" target=\"_blank\">Ulrike Hagen<\/a><\/p>\n<p class=\"id-Story-interactionBar id-Story-interactionBar--default\">DruckenTeilen<\/p>\n<p><a href=\"https:\/\/profile.google.com\/cp\/Cg0vZy8xMWNzcWI1bHo3GgA\" class=\"id-Story-googleFollowButton id-Story-googleFollowButton--default\" target=\"_blank\" data-id-ec=\"{\" shn=\"\" google-follow=\"\" auf=\"\" google=\"\" folgen=\"\" rel=\"nofollow noopener\">Uns auf Google folgen<\/a><img decoding=\"async\" class=\"id-RatioPlaceholder-element wv_story_el_image\" src=\"https:\/\/www.europesays.com\/de\/wp-content\/uploads\/2026\/09\/43951166-kunsthandwerk-und-kulinarik-vor-eindrucksvoller-kulisse-am-26-und-27-september-verwandelt-s.jpeg\" loading=\"eager\" fetchpriority=\"high\"   height=\"792\" width=\"1408\" alt=\"Kunsthandwerk und Kulinarik vor eindrucksvoller Kulisse: Am 26. und 27. September verwandelt sich das Schloss Hagen wieder in ein Paradies f&#xFC;r Bauernmarktfans. \"\/>Kunsthandwerk und Kulinarik vor eindrucksvoller Kulisse: Am 26. und 27. September verwandelt sich das Schloss Hagen wieder in ein Paradies f\u00fcr Bauernmarktfans. \u00a9\u00a0Schloss Hagen\/Facebook<\/p>\n<p class=\"id-StoryElement-leadText\">Zwischen 400 Jahre alten Mauern schlendern, st\u00f6bern und genie\u00dfen: Der beliebte Herbst- und Bauernmarkt auf Schloss Hagen \u00f6ffnet am letzten Septemberwochenende wieder seine Pforten.<\/p>\n<p class=\"id-StoryElement-paragraph\">Kunsthandwerk und Kulinarik vor eindrucksvoller Kulisse: Am 26. und 27. September verwandelt sich das Schloss Hagen wieder in ein Paradies f\u00fcr Bauernmarktfans \u2013 und bietet eine \u201eF\u00fclle von bezaubernden Angeboten\u201c, wie die Veranstalter versprechen. Beim <a href=\"https:\/\/www.kreiszeitung.de\/lokales\/schleswig-holstein\/herbstmarkt-zwischen-historischen-mauern-800-jahre-altes-gut-wird-bald-zur-grossen-event-flaeche-93939294.html\" class=\"id-import-Link\" data-id-ec=\"{&quot;sht&quot;:&quot;Container&quot;,&quot;shn&quot;:&quot;Story&quot;,&quot;p&quot;:{&quot;containerType&quot;:&quot;Paragraph&quot;,&quot;displayType&quot;:&quot;Paragraph InlineLink&quot;,&quot;type&quot;:&quot;INLINE_LINK&quot;,&quot;value&quot;:&quot;Herbstmarkt-und Bauernmarkt zwischen historischen Mauern&quot;,&quot;variant&quot;:&quot;standardLink&quot;,&quot;sponsored&quot;:false,&quot;linkHref&quot;:&quot;https:\/\/www.kreiszeitung.de\/lokales\/schleswig-holstein\/herbstmarkt-zwischen-historischen-mauern-800-jahre-altes-gut-wird-bald-zur-grossen-event-flaeche-93939294.html&quot;,&quot;storyElementPosition&quot;:8,&quot;storyElementCount&quot;:21}}\" rel=\"nofollow noopener\" target=\"_blank\">Herbstmarkt-und Bauernmarkt zwischen historischen Mauern<\/a> vor dem jahrhundertealten Geb\u00e4ude in Probsteierhagen erwartet Besucherinnen und Besucher ein ganz besonderes Wochenende \u2013 inklusive Spaziergang durch den weitl\u00e4ufigen Schlosspark.<\/p>\n<p>Herbst- und Bauernmarkt auf 400 Jahre altem Schloss startet bald \u2013 Park-Spaziergang inklusive<\/p>\n<p class=\"id-StoryElement-paragraph\">Der Sommer geht ins Finale \u2013 und damit beginnt im Norden Deutschlands wieder die Zeit der traditionellen Herbstm\u00e4rkte. Ein Highlight d\u00fcrfte auch in diesem Jahr der<a href=\"https:\/\/www.kreiszeitung.de\/lokales\/schleswig-holstein\/auf-400-jahre-altem-schloss-startet-bald-park-spaziergang-inklusive-herbst-und-bauernmarkt-93939950.html\" class=\"id-import-Link\" data-id-ec=\"{&quot;sht&quot;:&quot;Container&quot;,&quot;shn&quot;:&quot;Story&quot;,&quot;p&quot;:{&quot;containerType&quot;:&quot;Paragraph&quot;,&quot;displayType&quot;:&quot;Paragraph InlineLink&quot;,&quot;type&quot;:&quot;INLINE_LINK&quot;,&quot;value&quot;:&quot; Herbst- und Bauernmarkt auf dem rund 400 Jahre alten Schloss Hagen&quot;,&quot;variant&quot;:&quot;standardLink&quot;,&quot;sponsored&quot;:false,&quot;linkHref&quot;:&quot;https:\/\/www.kreiszeitung.de\/lokales\/schleswig-holstein\/auf-400-jahre-altem-schloss-startet-bald-park-spaziergang-inklusive-herbst-und-bauernmarkt-93939950.html&quot;,&quot;storyElementPosition&quot;:12,&quot;storyElementCount&quot;:21}}\" rel=\"nofollow noopener\" target=\"_blank\"> Herbst- und Bauernmarkt auf dem rund 400 Jahre alten Schloss Hagen<\/a> sein. Untermalt von den melodischen Kl\u00e4ngen einer Handpan zeigen Aussteller auch in diesem Jahr Kunsthandwerk, Mode, Kosmetik, Schmuck, Gew\u00fcrze, Dekoration und vieles mehr. Wer gern st\u00f6bert, d\u00fcrfte hier voll auf seine Kosten kommen.<\/p>\n<p class=\"id-StoryElement-paragraph\">F\u00fcr das leibliche Wohl ist ebenso gesorgt: Klassische Bratwurst, herzhafte Erbsensuppe, saftige Burger, frischer Kaffee und duftender Kuchen laden zum Verweilen zwischen den St\u00e4nden ein.<\/p>\n<p class=\"id-StoryElement-paragraph\">Das Schloss Hagen bei Kiel, mitten in <a href=\"https:\/\/www.kreiszeitung.de\/deutschland\/schleswig-holstein-bundesland-wind-nord-ostsee-kanal-wattenmeer-leuchttuerme-91263841.html\" class=\"id-import-Link\" data-id-ec=\"{&quot;sht&quot;:&quot;Container&quot;,&quot;shn&quot;:&quot;Story&quot;,&quot;p&quot;:{&quot;containerType&quot;:&quot;Paragraph&quot;,&quot;displayType&quot;:&quot;Paragraph InlineLink&quot;,&quot;type&quot;:&quot;INLINE_LINK&quot;,&quot;value&quot;:&quot;Schleswig-Holstein&quot;,&quot;variant&quot;:&quot;standardLink&quot;,&quot;sponsored&quot;:false,&quot;linkHref&quot;:&quot;https:\/\/www.kreiszeitung.de\/deutschland\/schleswig-holstein-bundesland-wind-nord-ostsee-kanal-wattenmeer-leuchttuerme-91263841.html&quot;,&quot;storyElementPosition&quot;:15,&quot;storyElementCount&quot;:21}}\" rel=\"nofollow noopener\" target=\"_blank\">Schleswig-Holstein<\/a>, ist eigentlich das Herrenhaus des einstigen \u201eAdligen Guts\u201c Hagen \u2013 und bildet die eindrucksvolle Kulisse f\u00fcr den allj\u00e4hrlichen Markt. Erbaut wurde es nach der Hochzeit der letzten Hagen-Gutserbin Lucia von Pogwisch mit Hinrich von Blome. 1649 war das Schloss fertiggestellt \u2013 wie es die gro\u00dfen, als Maueranker dienenden Buchstaben an der Fassade zeigen.<\/p>\n<p>Herbst- und Bauernmarkt auf Schloss Hagen<\/p>\n<p class=\"id-StoryElement-factBox-paragraph\"><strong>Adresse:<\/strong> Schloss Hagen<br \/>Schlossstr. 16<br \/>24253 Probsteierhagen\u00a0<\/p>\n<p><strong>\u00d6ffnungszeiten: <\/strong>26. und 27. September 2026, jeweils 11 bis 18Uhr<\/p>\n<p class=\"id-StoryElement-factBox-paragraph\"><strong>Eintritt: <\/strong>1 Euro<\/p>\n<p class=\"id-StoryElement-factBox-paragraph\"><strong>Parken:<\/strong> F\u00fcr Menschen mit k\u00f6rperlichen Beeintr\u00e4chtigungen stehen direkt am Schloss separate Parkpl\u00e4tze zur Verf\u00fcgung.<\/p>\n<p>Buntes Markttreiben am Schloss Hagen \u2013 wandeln und shoppen vor historischer Kulisse<\/p>\n<p class=\"id-StoryElement-paragraph\">Fast vier Jahrhunderte sp\u00e4ter k\u00f6nnen Besucherinnen und Besucher am letzten Septemberwochenende zwischen 11 und 18 Uhr durch die historische Kulisse schlendern, an liebevoll arrangierten St\u00e4nden st\u00f6bern und das eine oder andere Fundst\u00fcck mit nach Hause nehmen. Der Eintritt betr\u00e4gt wie gewohnt den symbolischen Betrag von einem Euro.<\/p>\n<p class=\"id-StoryElement-paragraph\">Wer nach dem Bummel \u00fcber den Markt noch Zeit und Lust hat, sollte dem weitl\u00e4ufigen, 4,5 Hektar gro\u00dfen Schlosspark einen Besuch abstatten. Er l\u00e4dt zum Lustwandeln ein und bietet einen tollen Blick auf das imposante Bauwerk. Auf der gro\u00dfen Gr\u00fcnfl\u00e4che finden \u00fcber das Jahr regelm\u00e4\u00dfig Veranstaltungen wie das Sommerfest statt.<\/p>\n<p>Jetzt kostenlos herunterladen<img decoding=\"async\" class=\"id-RatioPlaceholder-element wv_story_el_image\" src=\"https:\/\/www.europesays.com\/de\/wp-content\/uploads\/2026\/07\/1784204844_727_43090400-das-cover-des-magazins-heimatperlen-RyBG.jpg\" loading=\"lazy\"   height=\"619\" width=\"1100\" alt=\"Das Cover des Magazins Heimatperlen\"\/>Jetzt herunterladen \u00a9\u00a0Ippen.Media &amp; blickwinkel\/Imago<\/p>\n<p class=\"id-StoryElement-factBox-paragraph\">Im kostenlosen Ausflugsmagazin Heimatperlen stellen wir 28 sch\u00f6ne Ausflugsziele in Niedersachsen vor.<\/p>\n<p class=\"id-StoryElement-factBox-paragraph\"><a href=\"https:\/\/store.merkur.de\/product-detail?purchase=\/offers2\/8a28fb6d96a4a2c00196ab1a35db6665\" target=\"_blank\" class=\"id-import-Link--action id-pageApi-Link--externalDomain\" data-id-ec=\"{&quot;sht&quot;:&quot;Container&quot;,&quot;shn&quot;:&quot;Story&quot;,&quot;p&quot;:{&quot;containerType&quot;:&quot;FactBox&quot;,&quot;displayType&quot;:&quot;FactBox InlineLink&quot;,&quot;type&quot;:&quot;INLINE_LINK&quot;,&quot;value&quot;:&quot;Laden Sie die Heimatperlen HIER herunter&quot;,&quot;variant&quot;:&quot;callToAction&quot;,&quot;sponsored&quot;:false,&quot;linkHref&quot;:&quot;https:\/\/store.merkur.de\/product-detail?purchase=\/offers2\/8a28fb6d96a4a2c00196ab1a35db6665&quot;,&quot;storyElementPosition&quot;:21,&quot;storyElementCount&quot;:21}}\" data-id-av=\"{&quot;sht&quot;:&quot;Container&quot;,&quot;shn&quot;:&quot;Story&quot;,&quot;p&quot;:{&quot;containerType&quot;:&quot;FactBox&quot;,&quot;displayType&quot;:&quot;FactBox InlineLink&quot;,&quot;type&quot;:&quot;INLINE_LINK&quot;,&quot;value&quot;:&quot;Laden Sie die Heimatperlen HIER herunter&quot;,&quot;variant&quot;:&quot;callToAction&quot;,&quot;sponsored&quot;:false,&quot;linkHref&quot;:&quot;https:\/\/store.merkur.de\/product-detail?purchase=\/offers2\/8a28fb6d96a4a2c00196ab1a35db6665&quot;,&quot;storyElementPosition&quot;:21,&quot;storyElementCount&quot;:21}}\" rel=\"nofollow noopener\">Laden Sie die Heimatperlen HIER herunter<\/a><\/p>\n","protected":false},"excerpt":{"rendered":"Startseite Lokales Schleswig-Holstein Stand: 02.09.2026, 17:30 Uhr Von: Ulrike Hagen DruckenTeilen Uns auf Google folgenKunsthandwerk und Kulinarik vor&hellip;\n","protected":false},"author":2,"featured_media":1277065,"comment_status":"","ping_status":"","sticky":false,"template":"","format":"standard","meta":{"footnotes":"","_share_on_mastodon":"0"},"categories":[1852],"tags":[3364,29,548,663,3934,30,13,4949,14,15,12,1971],"class_list":["post-1277064","post","type-post","status-publish","format-standard","has-post-thumbnail","category-kiel","tag-de","tag-deutschland","tag-eu","tag-europa","tag-europe","tag-germany","tag-headlines","tag-kiel","tag-nachrichten","tag-news","tag-schlagzeilen","tag-schleswig-holstein"],"share_on_mastodon":{"url":"https:\/\/pubeurope.com\/@de\/117204571260573351","error":""},"_links":{"self":[{"href":"https:\/\/www.europesays.com\/de\/wp-json\/wp\/v2\/posts\/1277064","targetHints":{"allow":["GET"]}}],"collection":[{"href":"https:\/\/www.europesays.com\/de\/wp-json\/wp\/v2\/posts"}],"about":[{"href":"https:\/\/www.europesays.com\/de\/wp-json\/wp\/v2\/types\/post"}],"author":[{"embeddable":true,"href":"https:\/\/www.europesays.com\/de\/wp-json\/wp\/v2\/users\/2"}],"replies":[{"embeddable":true,"href":"https:\/\/www.europesays.com\/de\/wp-json\/wp\/v2\/comments?post=1277064"}],"version-history":[{"count":0,"href":"https:\/\/www.europesays.com\/de\/wp-json\/wp\/v2\/posts\/1277064\/revisions"}],"wp:featuredmedia":[{"embeddable":true,"href":"https:\/\/www.europesays.com\/de\/wp-json\/wp\/v2\/media\/1277065"}],"wp:attachment":[{"href":"https:\/\/www.europesays.com\/de\/wp-json\/wp\/v2\/media?parent=1277064"}],"wp:term":[{"taxonomy":"category","embeddable":true,"href":"https:\/\/www.europesays.com\/de\/wp-json\/wp\/v2\/categories?post=1277064"},{"taxonomy":"post_tag","embeddable":true,"href":"https:\/\/www.europesays.com\/de\/wp-json\/wp\/v2\/tags?post=1277064"}],"curies":[{"name":"wp","href":"https:\/\/api.w.org\/{rel}","templated":true}]}}