{"id":1277068,"date":"2026-09-03T01:44:14","date_gmt":"2026-09-03T01:44:14","guid":{"rendered":"https:\/\/www.europesays.com\/de\/1277068\/"},"modified":"2026-09-03T01:44:14","modified_gmt":"2026-09-03T01:44:14","slug":"braunschweig-nach-mehr-als-einem-jahr-buslinie-faehrt-wieder-wie-gewohnt","status":"publish","type":"post","link":"https:\/\/www.europesays.com\/de\/1277068\/","title":{"rendered":"Braunschweig: Nach mehr als einem Jahr \u2013 Buslinie f\u00e4hrt wieder wie gewohnt"},"content":{"rendered":"<p>Symbolbild. | Foto: Matthias Kettling<\/p>\n<p class=\"datum\">02.09.2026, 18:23 Uhr<\/p>\n<p><strong>Braunschweig. Gute Nachrichten f\u00fcr Fahrg\u00e4ste der BSVG: Eine bestimmte Buslinie kehrt endlich wieder auf ihre gewohnte Route zur\u00fcck. Dar\u00fcber informiert das Unternehmen in einer Pressemitteilung.<br \/><\/strong><br \/>\n<\/p>\n<p>Die Bauarbeiten an der Helmstedter Stra\u00dfe sind beendet. Deshalb kann die Buslinie 413 nach mehr als einem Jahr Umleitung auf ihren regul\u00e4ren Linienweg zur\u00fcckkehren.<\/p>\n<p>Diese Haltestellen werden wieder angefahren<\/p>\n<p>Mit Betriebsbeginn am Dienstag, 8. September, bedient die Buslinie in beiden Fahrtrichtungen auch ihre fahrplanm\u00e4\u00dfigen Haltestellen \u201eHochstra\u00dfe\u201c, \u201eSteintor\u201c und \u201eMuseumstra\u00dfe\u201c wieder. Stadteinw\u00e4rts h\u00e4lt der Bus damit auch wieder an der Originalhaltestelle \u201eKastanienallee\u201c.<\/p>\n","protected":false},"excerpt":{"rendered":"Symbolbild. | Foto: Matthias Kettling 02.09.2026, 18:23 Uhr Braunschweig. Gute Nachrichten f\u00fcr Fahrg\u00e4ste der BSVG: Eine bestimmte Buslinie&hellip;\n","protected":false},"author":2,"featured_media":1277069,"comment_status":"","ping_status":"","sticky":false,"template":"","format":"standard","meta":{"footnotes":"","_share_on_mastodon":"0"},"categories":[1850],"tags":[6429,3364,29,548,663,3934,30,13,14,15,1411,12],"class_list":["post-1277068","post","type-post","status-publish","format-standard","has-post-thumbnail","category-braunschweig","tag-braunschweig","tag-de","tag-deutschland","tag-eu","tag-europa","tag-europe","tag-germany","tag-headlines","tag-nachrichten","tag-news","tag-niedersachsen","tag-schlagzeilen"],"share_on_mastodon":{"url":"https:\/\/pubeurope.com\/@de\/117204580183095405","error":""},"_links":{"self":[{"href":"https:\/\/www.europesays.com\/de\/wp-json\/wp\/v2\/posts\/1277068","targetHints":{"allow":["GET"]}}],"collection":[{"href":"https:\/\/www.europesays.com\/de\/wp-json\/wp\/v2\/posts"}],"about":[{"href":"https:\/\/www.europesays.com\/de\/wp-json\/wp\/v2\/types\/post"}],"author":[{"embeddable":true,"href":"https:\/\/www.europesays.com\/de\/wp-json\/wp\/v2\/users\/2"}],"replies":[{"embeddable":true,"href":"https:\/\/www.europesays.com\/de\/wp-json\/wp\/v2\/comments?post=1277068"}],"version-history":[{"count":0,"href":"https:\/\/www.europesays.com\/de\/wp-json\/wp\/v2\/posts\/1277068\/revisions"}],"wp:featuredmedia":[{"embeddable":true,"href":"https:\/\/www.europesays.com\/de\/wp-json\/wp\/v2\/media\/1277069"}],"wp:attachment":[{"href":"https:\/\/www.europesays.com\/de\/wp-json\/wp\/v2\/media?parent=1277068"}],"wp:term":[{"taxonomy":"category","embeddable":true,"href":"https:\/\/www.europesays.com\/de\/wp-json\/wp\/v2\/categories?post=1277068"},{"taxonomy":"post_tag","embeddable":true,"href":"https:\/\/www.europesays.com\/de\/wp-json\/wp\/v2\/tags?post=1277068"}],"curies":[{"name":"wp","href":"https:\/\/api.w.org\/{rel}","templated":true}]}}