{"id":1277070,"date":"2026-09-03T01:45:39","date_gmt":"2026-09-03T01:45:39","guid":{"rendered":"https:\/\/www.europesays.com\/de\/1277070\/"},"modified":"2026-09-03T01:45:39","modified_gmt":"2026-09-03T01:45:39","slug":"so-war-die-eroeffnung-der-7-gesamtschule-breite-strasse-in-moenchengladbach","status":"publish","type":"post","link":"https:\/\/www.europesays.com\/de\/1277070\/","title":{"rendered":"So war die Er\u00f6ffnung der 7. Gesamtschule Breite Stra\u00dfe in M\u00f6nchengladbach"},"content":{"rendered":"<p class=\"text_ohne_einzug richtext text-em-55 !leading-serif mx-6 desktop:mx-0\">Wer nicht wei\u00df, dass die modernste Schule M\u00f6nchengladbachs noch aus Containern besteht, w\u00fcrde ahnungslos dran vorbeifahren. Nur wer das Gel\u00e4nde betritt und an der langen Seite des \u00dcbergangsbaus vorbeigeht, entdeckt den leeren Schulhof. Brandneue Spielger\u00e4te und Sitzm\u00f6glichkeiten stehen bereit. Wer hineingeht, riecht nichts \u2013 weder Schwei\u00df vom Schulsport noch das Pausenbrot mit Wurst. Die Klassenr\u00e4ume sind fertig m\u00f6bliert, aber kaum dekoriert. Es f\u00fchlt sich an, als w\u00e4re eine wei\u00dfe Leinwand zu einer Schule geworden. Keine lachenden Kinder laufen an plaudernden Lehrern vorbei. Das Leben fehlt. Doch die letzten unber\u00fchrten Minuten der Gesamtschule Breite Stra\u00dfe laufen ab. Denn an diesem Mittwoch, 2. September, wird sie er\u00f6ffnet.<\/p>\n","protected":false},"excerpt":{"rendered":"Wer nicht wei\u00df, dass die modernste Schule M\u00f6nchengladbachs noch aus Containern besteht, w\u00fcrde ahnungslos dran vorbeifahren. Nur wer&hellip;\n","protected":false},"author":2,"featured_media":1277071,"comment_status":"","ping_status":"","sticky":false,"template":"","format":"standard","meta":{"footnotes":"","_share_on_mastodon":"0"},"categories":[1849],"tags":[3364,29,548,663,3934,30,13,4455,14,15,1209,23959,12],"class_list":["post-1277070","post","type-post","status-publish","format-standard","has-post-thumbnail","category-moenchengladbach","tag-de","tag-deutschland","tag-eu","tag-europa","tag-europe","tag-germany","tag-headlines","tag-moenchengladbach","tag-nachrichten","tag-news","tag-nordrhein-westfalen","tag-raeume","tag-schlagzeilen"],"share_on_mastodon":{"url":"https:\/\/pubeurope.com\/@de\/117204584120623237","error":""},"_links":{"self":[{"href":"https:\/\/www.europesays.com\/de\/wp-json\/wp\/v2\/posts\/1277070","targetHints":{"allow":["GET"]}}],"collection":[{"href":"https:\/\/www.europesays.com\/de\/wp-json\/wp\/v2\/posts"}],"about":[{"href":"https:\/\/www.europesays.com\/de\/wp-json\/wp\/v2\/types\/post"}],"author":[{"embeddable":true,"href":"https:\/\/www.europesays.com\/de\/wp-json\/wp\/v2\/users\/2"}],"replies":[{"embeddable":true,"href":"https:\/\/www.europesays.com\/de\/wp-json\/wp\/v2\/comments?post=1277070"}],"version-history":[{"count":0,"href":"https:\/\/www.europesays.com\/de\/wp-json\/wp\/v2\/posts\/1277070\/revisions"}],"wp:featuredmedia":[{"embeddable":true,"href":"https:\/\/www.europesays.com\/de\/wp-json\/wp\/v2\/media\/1277071"}],"wp:attachment":[{"href":"https:\/\/www.europesays.com\/de\/wp-json\/wp\/v2\/media?parent=1277070"}],"wp:term":[{"taxonomy":"category","embeddable":true,"href":"https:\/\/www.europesays.com\/de\/wp-json\/wp\/v2\/categories?post=1277070"},{"taxonomy":"post_tag","embeddable":true,"href":"https:\/\/www.europesays.com\/de\/wp-json\/wp\/v2\/tags?post=1277070"}],"curies":[{"name":"wp","href":"https:\/\/api.w.org\/{rel}","templated":true}]}}