{"id":1277072,"date":"2026-09-03T01:47:20","date_gmt":"2026-09-03T01:47:20","guid":{"rendered":"https:\/\/www.europesays.com\/de\/1277072\/"},"modified":"2026-09-03T01:47:20","modified_gmt":"2026-09-03T01:47:20","slug":"der-tag-bei-uns-am-2-september","status":"publish","type":"post","link":"https:\/\/www.europesays.com\/de\/1277072\/","title":{"rendered":"Der Tag bei uns am 2. September"},"content":{"rendered":"<p>Guten Abend aus der Radio-Emscher-Lippe-Redaktion. Ich habe heute f\u00fcr dich die wichtigsten Themen aus unserer Region zusammengefasst, damit du auf dem Laufenden bleibst.<\/p>\n<p>Heute geht\u2019s um das leidige Thema &#8222;Elterntaxis&#8220;, die Baumarktkette Bauhaus, einen heftigen Prozess um eine Mutter aus Bottrop und Bauarbeiten an Gladbecker Bushaltestellen.<\/p>\n<p><strong style=\"color: rgb(33, 37, 41);\">Kampf gegen das Schulweg-Chaos<\/strong><\/p>\n<p>Morgens und nachmittags kennen viele von euch das Verkehrschaos vor Schulen in Gladbeck, Bottrop und Gelsenkirchen. Durch die sogenannten Elterntaxis entstehen regelm\u00e4\u00dfig gef\u00e4hrliche Situationen f\u00fcr Kinder. Um das zu entsch\u00e4rfen, setzen die St\u00e4dte vermehrt auf Elternhaltestellen, an denen der Nachwuchs sicher aussteigen kann. In Gelsenkirchen gibt es nun zwei neue Standorte, darunter an der Grundschule Albert-Schweizer-Stra\u00dfe. Unser Reporter Fabian H\u00f6lscher hat sich dort heute umgeschaut und festgestellt: Es ist noch Luft nach oben. Die Haltestellen werden noch z\u00f6gerlich genutzt und m\u00fcssen sich erst im Alltag beweisen. Auch in Bottrop wurden an der Schillerschule auf der Essener Stra\u00dfe und dem S\u00fcdring neue Hol- und Bringzonen eingerichtet, um gef\u00e4hrliche Wendeman\u00f6ver zu verhindern. In Gladbeck existieren bereits Haltestellen an der Mosaikschule, weitere sind etwa an der Regenbogenschule und der Wilhelmschule in Planung. Die Hoffnung ist gro\u00df, dass sich der Verkehr so entzerrt &#8211; gerade jetzt, wo f\u00fcr viele Kinder der Schulalltag nach den Ferien wieder richtig losgeht.<\/p>\n<p><strong style=\"color: rgb(33, 37, 41);\">Bauhaus zur\u00fcck in Gelsenkirchen<\/strong><\/p>\n<p>Doppelte Neuigkeiten gibt es f\u00fcr Gelsenkirchen und Schalke 04. Die Baumarktkette Bauhaus steigt als neuer Premium-Partner bei den K\u00f6nigsblauen ein &#8211; der Vertrag l\u00e4uft vorerst bis 2028. Passend dazu feiert das Unternehmen nach fast 20 Jahren ein Comeback in unserer Stadt. Am 24. September er\u00f6ffnet an der Grothusstra\u00dfe eine neue Filiale. Mit einer Fl\u00e4che von \u00fcber 13.000 Quadratmetern ist der Standort deutlich gr\u00f6\u00dfer als der fr\u00fchere Markt in Erle und soll mehr als 50 Arbeitspl\u00e4tze bieten. Aktuell laufen dort noch die letzten Umbauarbeiten.<\/p>\n<p><strong style=\"color: rgb(33, 37, 41);\">Mutter aus Bottrop angeklagt<\/strong><\/p>\n<p>Ein ersch\u00fctternder Fall besch\u00e4ftigt derzeit das Landgericht Essen. Dort ist heute ein Prozess gegen eine 38-j\u00e4hrige Frau aus Bottrop gestartet. Ihr wird versuchter Mord an ihrem 15-j\u00e4hrigen Sohn vorgeworfen. Laut Anklage soll sie im M\u00e4rz erst versucht haben, das Kind im Schlaf mit einem Kissen zu ersticken und anschlie\u00dfend mit einem Messer eingestochen haben. Der Jugendliche konnte schwer verletzt fl\u00fcchten. Das Gericht pr\u00fcft nun auch, ob bei der Frau eine psychotische St\u00f6rung vorliegt und eine Unterbringung in der Psychiatrie notwendig ist.<\/p>\n<p><strong style=\"color: rgb(33, 37, 41);\">Barrierefreie Haltestellen in Gladbeck<\/strong><\/p>\n<p>In Gladbeck stehen in den n\u00e4chsten Jahren wichtige Umbauarbeiten an: Insgesamt acht Bushaltestellen werden barrierefrei umgestaltet. Daf\u00fcr werden nicht nur spezielle Bordsteine gesetzt und die Bodenplatten mit Rillen und Noppen f\u00fcr Sehbehinderte ausgestattet, sondern auch Warteh\u00e4uschen beleuchtet. W\u00e4hrend der Bauphasen bis Ende 2027 m\u00fcssen sich Pendler auf Einschr\u00e4nkungen, Sperrungen und Umleitungen einstellen. Eine \u00dcbersicht der betroffenen Haltestellen findet ihr bei uns auf der Homepage.<\/p>\n<p>Das war das Wichtigste f\u00fcr heute. Ich hoffe, du bist damit bestens informiert f\u00fcr den Rest des Abends. \ud83d\ude42<\/p>\n<p>Einen sch\u00f6nen Abend<\/p>\n<p>Max Berger aus der Radio-Emscher-Lippe-Redaktion<\/p>\n","protected":false},"excerpt":{"rendered":"Guten Abend aus der Radio-Emscher-Lippe-Redaktion. Ich habe heute f\u00fcr dich die wichtigsten Themen aus unserer Region zusammengefasst, damit&hellip;\n","protected":false},"author":2,"featured_media":1064599,"comment_status":"","ping_status":"","sticky":false,"template":"","format":"standard","meta":{"footnotes":"","_share_on_mastodon":"0"},"categories":[1848],"tags":[3364,29,548,663,3934,3658,30,13,14,15,1209,12],"class_list":["post-1277072","post","type-post","status-publish","format-standard","has-post-thumbnail","category-gelsenkirchen","tag-de","tag-deutschland","tag-eu","tag-europa","tag-europe","tag-gelsenkirchen","tag-germany","tag-headlines","tag-nachrichten","tag-news","tag-nordrhein-westfalen","tag-schlagzeilen"],"share_on_mastodon":{"url":"https:\/\/pubeurope.com\/@de\/117204592045434450","error":""},"_links":{"self":[{"href":"https:\/\/www.europesays.com\/de\/wp-json\/wp\/v2\/posts\/1277072","targetHints":{"allow":["GET"]}}],"collection":[{"href":"https:\/\/www.europesays.com\/de\/wp-json\/wp\/v2\/posts"}],"about":[{"href":"https:\/\/www.europesays.com\/de\/wp-json\/wp\/v2\/types\/post"}],"author":[{"embeddable":true,"href":"https:\/\/www.europesays.com\/de\/wp-json\/wp\/v2\/users\/2"}],"replies":[{"embeddable":true,"href":"https:\/\/www.europesays.com\/de\/wp-json\/wp\/v2\/comments?post=1277072"}],"version-history":[{"count":0,"href":"https:\/\/www.europesays.com\/de\/wp-json\/wp\/v2\/posts\/1277072\/revisions"}],"wp:featuredmedia":[{"embeddable":true,"href":"https:\/\/www.europesays.com\/de\/wp-json\/wp\/v2\/media\/1064599"}],"wp:attachment":[{"href":"https:\/\/www.europesays.com\/de\/wp-json\/wp\/v2\/media?parent=1277072"}],"wp:term":[{"taxonomy":"category","embeddable":true,"href":"https:\/\/www.europesays.com\/de\/wp-json\/wp\/v2\/categories?post=1277072"},{"taxonomy":"post_tag","embeddable":true,"href":"https:\/\/www.europesays.com\/de\/wp-json\/wp\/v2\/tags?post=1277072"}],"curies":[{"name":"wp","href":"https:\/\/api.w.org\/{rel}","templated":true}]}}