{"id":1277078,"date":"2026-09-03T01:52:13","date_gmt":"2026-09-03T01:52:13","guid":{"rendered":"https:\/\/www.europesays.com\/de\/1277078\/"},"modified":"2026-09-03T01:52:13","modified_gmt":"2026-09-03T01:52:13","slug":"nach-brueckensturz-polizei-sucht-in-aktenzeichen-xy-ungeloest-nach-zeugen-und-hinweisgebern","status":"publish","type":"post","link":"https:\/\/www.europesays.com\/de\/1277078\/","title":{"rendered":"Nach Br\u00fcckensturz: Polizei sucht in \u201eAktenzeichen XY&#8230; Ungel\u00f6st\u201c nach Zeugen und Hinweisgebern"},"content":{"rendered":"<p>Die Polizei ist auf die Mithilfe aus der Bev\u00f6lkerung angewiesen und sucht nun \u00f6ffentlich in der Fernsehsendung \u201eAktenzeichen XY &#8230; Ungel\u00f6st\u201c nach Zeugen und Hinweisgebern.<\/p>\n<p>Der Fall wird am Mittwoch, den 9. September 2026, um 20.15 Uhr im ZDF in Form eines Studiofalls pr\u00e4sentiert. F\u00fcr die kriminalpolizeilichen Ermittlungen sind jegliche Hinweise, die zur Aufkl\u00e4rung des Sturzgeschehens beitragen k\u00f6nnen, relevant.<\/p>\n<p>Die Staatsanwaltschaft Karlsruhe hat f\u00fcr Hinweise, die zur Identifizierung und\/oder Ergreifung der bislang unbekannten T\u00e4ter f\u00fchren, eine Belohnung von bis zu 5.000 Euro ausgelobt (siehe Artikel zum Thema).<\/p>\n<p> Weitere Informationen<\/p>\n<p><strong>Zeugen<\/strong>, die den 15-J\u00e4hrigen im Zeitraum zwischen 18.45 Uhr und 19.30 Uhr im Bereich der Durlacher Allee und Raiherwiesenstra\u00dfe\/Hauptbahnstra\u00dfe gesehen haben, werden gebeten, sich unter 0721 \/ 666-5555 mit der Polizei in Verbindung zu setzen.<\/p>\n<p><a href=\"https:\/\/www.durlacher.de\/buerger-soziales\/verwaltung\/polizei\" class=\"btn btn-outline-secondary btn-sm\" rel=\"nofollow noopener\" target=\"_blank\">Polizeirevier Karlsruhe-Durlach <\/a><\/p>\n","protected":false},"excerpt":{"rendered":"Die Polizei ist auf die Mithilfe aus der Bev\u00f6lkerung angewiesen und sucht nun \u00f6ffentlich in der Fernsehsendung \u201eAktenzeichen&hellip;\n","protected":false},"author":2,"featured_media":292410,"comment_status":"","ping_status":"","sticky":false,"template":"","format":"standard","meta":{"footnotes":"","_share_on_mastodon":"0"},"categories":[1844],"tags":[55683,1634,600,3364,29,20957,263502,30,263503,8903,121,198501,17692,4996],"class_list":["post-1277078","post","type-post","status-publish","format-standard","has-post-thumbnail","category-karlsruhe","tag-15-jaehriger","tag-baden-wuerttemberg","tag-bruecke","tag-de","tag-deutschland","tag-durlach","tag-durlacher-allee","tag-germany","tag-hauptbahnstrasse","tag-karlsruhe","tag-polizei","tag-raiherwiesenstrasse","tag-sturz","tag-zeugen"],"share_on_mastodon":{"url":"","error":""},"_links":{"self":[{"href":"https:\/\/www.europesays.com\/de\/wp-json\/wp\/v2\/posts\/1277078","targetHints":{"allow":["GET"]}}],"collection":[{"href":"https:\/\/www.europesays.com\/de\/wp-json\/wp\/v2\/posts"}],"about":[{"href":"https:\/\/www.europesays.com\/de\/wp-json\/wp\/v2\/types\/post"}],"author":[{"embeddable":true,"href":"https:\/\/www.europesays.com\/de\/wp-json\/wp\/v2\/users\/2"}],"replies":[{"embeddable":true,"href":"https:\/\/www.europesays.com\/de\/wp-json\/wp\/v2\/comments?post=1277078"}],"version-history":[{"count":0,"href":"https:\/\/www.europesays.com\/de\/wp-json\/wp\/v2\/posts\/1277078\/revisions"}],"wp:featuredmedia":[{"embeddable":true,"href":"https:\/\/www.europesays.com\/de\/wp-json\/wp\/v2\/media\/292410"}],"wp:attachment":[{"href":"https:\/\/www.europesays.com\/de\/wp-json\/wp\/v2\/media?parent=1277078"}],"wp:term":[{"taxonomy":"category","embeddable":true,"href":"https:\/\/www.europesays.com\/de\/wp-json\/wp\/v2\/categories?post=1277078"},{"taxonomy":"post_tag","embeddable":true,"href":"https:\/\/www.europesays.com\/de\/wp-json\/wp\/v2\/tags?post=1277078"}],"curies":[{"name":"wp","href":"https:\/\/api.w.org\/{rel}","templated":true}]}}