{"id":1277085,"date":"2026-09-03T01:56:24","date_gmt":"2026-09-03T01:56:24","guid":{"rendered":"https:\/\/www.europesays.com\/de\/1277085\/"},"modified":"2026-09-03T01:56:24","modified_gmt":"2026-09-03T01:56:24","slug":"harsewinkeler-firma-springt-in-verl-fuer-taxi-zentrale-ein","status":"publish","type":"post","link":"https:\/\/www.europesays.com\/de\/1277085\/","title":{"rendered":"Harsewinkeler Firma springt in Verl f\u00fcr Taxi-Zentrale ein"},"content":{"rendered":"<p>Pl\u00f6tzlich ist der gr\u00f6\u00dfte Taxi-Anbieter in Verl insolvent. Weitere Anbieter im Kreis G\u00fctersloh springen ein. Wie es jetzt weitergeht.<\/p>\n<p>Verl (gl) &#8211; Die Vereinte Taxi-Zentrale ist insolvent. Das Unternehmen hat seinen Betrieb zum 1. September eingestellt. Das hat auch Auswirkungen auf Verl: Das Unternehmen hatte bislang im Auftrag des Verkehrsverbunds Ostwestfalen-Lippe (VVOWL) den Betrieb des Flex-Taxis sichergestellt.Wie das\u2026<\/p>\n<p>            <img decoding=\"async\" src=\"https:\/\/www.die-glocke.de\/typo3conf\/ext\/bo_dieglocke_template\/Resources\/Public\/Images\/logo\/glocke_plus_icon.svg\" class=\"pwTopImage\" alt=\"Glocke Plus\"\/><\/p>\n<p>                Jetzt weiterlesen mit G+<\/p>\n<p class=\"card-text equal-height text-center\" data-equalheightgroup=\"1\">\n                0,99 \u20ac im 1. Monat \u2013 monatlich k\u00fcndbar\n            <\/p>\n<tr>\n<tr>\n<td class=\"w-25px p-1\">\n<\/td>\n<td class=\"p-1\">\n<p>                                            aktuelle Nachrichten rund um die Uhr<\/p>\n<\/td>\n<\/tr>\n<tr>\n<td class=\"w-25px p-1\">\n<\/td>\n<td class=\"p-1\">\n<p>                                            nur 0,99 \u20ac (ab dem 2. Monat 7,90 \u20ac monatlich)<\/p>\n<\/td>\n<\/tr>\n<tr>\n<td class=\"w-25px p-1\">\n<\/td>\n<td class=\"p-1\">\n<p>                                            keine Mindestlaufzeit &#8211; monatlich k\u00fcndbar<\/p>\n<\/td>\n<\/tr>\n<\/tr>\n<p>\n                        0,99 \u20ac im 1. Monat\n                    <\/p>\n<p>    <strong>Monatsabo bestellen mit<\/strong><br \/>\n    <img loading=\"lazy\" decoding=\"async\" class=\"me-2 icon-paypal\" src=\"https:\/\/www.die-glocke.de\/fileadmin\/images\/demo\/paypal.svg\" width=\"65\" height=\"15\" alt=\"Paypal\"\/><\/p>\n<p>Monatsabo bestellen<\/p>\n<tr>\n<tr>\n<td class=\"w-25px p-1\">\n<\/td>\n<td class=\"p-1\">\n<p>                                            aktuelle Nachrichten rund um die Uhr<\/p>\n<\/td>\n<\/tr>\n<tr>\n<td class=\"w-25px p-1\">\n<\/td>\n<td class=\"p-1\">\n<p>                                            nur 79 \u20ac (ab dem 13. Monat 7,90 \u20ac monatlich)<\/p>\n<\/td>\n<\/tr>\n<tr>\n<td class=\"w-25px p-1\">\n<\/td>\n<td class=\"p-1\">\n<p>                                            nach 12 Monaten Mindestlaufzeit monatlich k\u00fcndbar<\/p>\n<\/td>\n<\/tr>\n<tr>\n<td class=\"w-25px p-1\">\n<\/td>\n<td class=\"p-1\">\n<p>                                            sparen Sie 15,80 \u20ac gegen\u00fcber dem Monatsabo<\/p>\n<\/td>\n<\/tr>\n<\/tr>\n<p>\n                        79 \u20ac f\u00fcr 12 Monate\n                    <\/p>\n<p>    <strong>Jahresabo bestellen mit<\/strong><br \/>\n    <img loading=\"lazy\" decoding=\"async\" class=\"me-2 icon-paypal\" src=\"https:\/\/www.die-glocke.de\/fileadmin\/images\/demo\/paypal.svg\" width=\"65\" height=\"15\" alt=\"Paypal\"\/><\/p>\n<p>Jahresabo bestellen<\/p>\n<p>Texte und Fotos von die-glocke.de sind urheberrechtlich gesch\u00fctzt.<br \/>\n            Weiterverwendung nur mit Genehmigung der Chefredaktion.<\/p>\n","protected":false},"excerpt":{"rendered":"Pl\u00f6tzlich ist der gr\u00f6\u00dfte Taxi-Anbieter in Verl insolvent. Weitere Anbieter im Kreis G\u00fctersloh springen ein. Wie es jetzt&hellip;\n","protected":false},"author":2,"featured_media":1277086,"comment_status":"","ping_status":"","sticky":false,"template":"","format":"standard","meta":{"footnotes":"","_share_on_mastodon":"0"},"categories":[1841],"tags":[1605,263505,3364,29,193028,30,23744,26859,1551,261817,1209,10021,263504,3724],"class_list":["post-1277085","post","type-post","status-publish","format-standard","has-post-thumbnail","category-bielefeld","tag-bielefeld","tag-brandes-pumpe","tag-de","tag-deutschland","tag-dialyse","tag-germany","tag-guetersloh","tag-harsewinkel","tag-insolvenz","tag-krankenfahrten","tag-nordrhein-westfalen","tag-taxi","tag-taxi-zentrale","tag-verl"],"share_on_mastodon":{"url":"https:\/\/pubeurope.com\/@de\/117204629266033326","error":""},"_links":{"self":[{"href":"https:\/\/www.europesays.com\/de\/wp-json\/wp\/v2\/posts\/1277085","targetHints":{"allow":["GET"]}}],"collection":[{"href":"https:\/\/www.europesays.com\/de\/wp-json\/wp\/v2\/posts"}],"about":[{"href":"https:\/\/www.europesays.com\/de\/wp-json\/wp\/v2\/types\/post"}],"author":[{"embeddable":true,"href":"https:\/\/www.europesays.com\/de\/wp-json\/wp\/v2\/users\/2"}],"replies":[{"embeddable":true,"href":"https:\/\/www.europesays.com\/de\/wp-json\/wp\/v2\/comments?post=1277085"}],"version-history":[{"count":0,"href":"https:\/\/www.europesays.com\/de\/wp-json\/wp\/v2\/posts\/1277085\/revisions"}],"wp:featuredmedia":[{"embeddable":true,"href":"https:\/\/www.europesays.com\/de\/wp-json\/wp\/v2\/media\/1277086"}],"wp:attachment":[{"href":"https:\/\/www.europesays.com\/de\/wp-json\/wp\/v2\/media?parent=1277085"}],"wp:term":[{"taxonomy":"category","embeddable":true,"href":"https:\/\/www.europesays.com\/de\/wp-json\/wp\/v2\/categories?post=1277085"},{"taxonomy":"post_tag","embeddable":true,"href":"https:\/\/www.europesays.com\/de\/wp-json\/wp\/v2\/tags?post=1277085"}],"curies":[{"name":"wp","href":"https:\/\/api.w.org\/{rel}","templated":true}]}}