{"id":1277095,"date":"2026-09-03T02:02:30","date_gmt":"2026-09-03T02:02:30","guid":{"rendered":"https:\/\/www.europesays.com\/de\/1277095\/"},"modified":"2026-09-03T02:02:30","modified_gmt":"2026-09-03T02:02:30","slug":"schulzentrum-nord-in-bochum-in-betrieb","status":"publish","type":"post","link":"https:\/\/www.europesays.com\/de\/1277095\/","title":{"rendered":"Schulzentrum Nord in Bochum in Betrieb"},"content":{"rendered":"<p>Von au\u00dfen wirkt es wie ein gestrandeter Tanker, von innen ist es wirklich sch\u00f6n. In Bochum-Gerthe ist das Schulzentrum Nord jetzt in Betrieb. Es wurde am Mittwoch (02. September) zum Start des neuen Schuljahrs feierlich er\u00f6ffnet. Der Neubau ist ein fast 200 Meter langer Glas und Betonriegel. In dem Geb\u00e4ude steckt modernste Technik: \u00dcber die Betonw\u00e4nde und Decken wird das Geb\u00e4ude im Winter geheizt und im Sommer gek\u00fchlt. Das Dach ist begr\u00fcnt und hat ein riesige Solaranlage, in den Klassenr\u00e4umen gibt es digitale Tafeln. Auch die Internetanbindung wurde komplett neu gemacht: Die GLASFASER RUHR hat Glasfaseranschl\u00fcsse bis in alle neuen Geb\u00e4udeteile realisiert. Damit steht den Schulen und der Stadtteilb\u00fccherei Gerthe von Beginn an eine leistungsf\u00e4hige Internetanbindung zur Verf\u00fcgung. Die Sch\u00fclerinnen und Sch\u00fcler freuen sich besonders \u00fcber die neuen und funktionierenden Toiletten. Der gesamte Umbau hat rund 119 Millionen Euro gekostet.<\/p>\n","protected":false},"excerpt":{"rendered":"Von au\u00dfen wirkt es wie ein gestrandeter Tanker, von innen ist es wirklich sch\u00f6n. In Bochum-Gerthe ist das&hellip;\n","protected":false},"author":2,"featured_media":1277096,"comment_status":"","ping_status":"","sticky":false,"template":"","format":"standard","meta":{"footnotes":"","_share_on_mastodon":"0"},"categories":[1839],"tags":[7507,3364,29,30,1209],"class_list":["post-1277095","post","type-post","status-publish","format-standard","has-post-thumbnail","category-bochum","tag-bochum","tag-de","tag-deutschland","tag-germany","tag-nordrhein-westfalen"],"share_on_mastodon":{"url":"https:\/\/pubeurope.com\/@de\/117204650973700108","error":""},"_links":{"self":[{"href":"https:\/\/www.europesays.com\/de\/wp-json\/wp\/v2\/posts\/1277095","targetHints":{"allow":["GET"]}}],"collection":[{"href":"https:\/\/www.europesays.com\/de\/wp-json\/wp\/v2\/posts"}],"about":[{"href":"https:\/\/www.europesays.com\/de\/wp-json\/wp\/v2\/types\/post"}],"author":[{"embeddable":true,"href":"https:\/\/www.europesays.com\/de\/wp-json\/wp\/v2\/users\/2"}],"replies":[{"embeddable":true,"href":"https:\/\/www.europesays.com\/de\/wp-json\/wp\/v2\/comments?post=1277095"}],"version-history":[{"count":0,"href":"https:\/\/www.europesays.com\/de\/wp-json\/wp\/v2\/posts\/1277095\/revisions"}],"wp:featuredmedia":[{"embeddable":true,"href":"https:\/\/www.europesays.com\/de\/wp-json\/wp\/v2\/media\/1277096"}],"wp:attachment":[{"href":"https:\/\/www.europesays.com\/de\/wp-json\/wp\/v2\/media?parent=1277095"}],"wp:term":[{"taxonomy":"category","embeddable":true,"href":"https:\/\/www.europesays.com\/de\/wp-json\/wp\/v2\/categories?post=1277095"},{"taxonomy":"post_tag","embeddable":true,"href":"https:\/\/www.europesays.com\/de\/wp-json\/wp\/v2\/tags?post=1277095"}],"curies":[{"name":"wp","href":"https:\/\/api.w.org\/{rel}","templated":true}]}}