{"id":1277109,"date":"2026-09-03T02:13:19","date_gmt":"2026-09-03T02:13:19","guid":{"rendered":"https:\/\/www.europesays.com\/de\/1277109\/"},"modified":"2026-09-03T02:13:19","modified_gmt":"2026-09-03T02:13:19","slug":"die-eu-erhoeht-den-druck-auf-russland-durch-sanktionen-und-sichert-der-ukraine-weitere-unterstuetzung-zu","status":"publish","type":"post","link":"https:\/\/www.europesays.com\/de\/1277109\/","title":{"rendered":"Die EU erh\u00f6ht den Druck auf Russland durch Sanktionen und sichert der Ukraine weitere Unterst\u00fctzung zu."},"content":{"rendered":"<p><img decoding=\"async\" style=\"cursor:pointer\" src=\"https:\/\/www.europesays.com\/de\/wp-content\/uploads\/2026\/09\/kallas.jpg\" data-original=\"https:\/\/www.europesays.com\/de\/wp-content\/uploads\/2026\/09\/kallas.jpg\" alt=\"kallas.jpg\" src-mobile=\"\" data-file-id=\"486003\"\/> Die Hohe Vertreterin der EU f\u00fcr Au\u00dfen- und Sicherheitspolitik, Kaja Kallas, spricht nach einem informellen Treffen der EU- <a class=\"data-link\" data-org-href=\"https:\/\/www.vietnam.vn\/de\/category\/ngoai-giao\" href=\"https:\/\/www.vietnam.vn\/de\/category\/ngoai-giao\" title=\"diplomatisch\" target=\"_blank\" rel=\"nofollow noopener\">Au\u00dfenminister<\/a> in Irland. Foto: Reuters<\/p>\n<p> Am 2. September fand in Irland ein informelles Treffen der EU-Au\u00dfenminister statt.<\/p>\n<p> Im Anschluss an das Treffen erkl\u00e4rte die Hohe Vertreterin der EU f\u00fcr Au\u00dfen- und Sicherheitspolitik, Kaja Kallas, die Europ\u00e4ische Kommission und der Europ\u00e4ische Ausw\u00e4rtige Dienst erarbeiten Vorschl\u00e4ge zur verst\u00e4rkten \u00dcberwachung der Einhaltung der Sanktionen gegen Russland. Ein neues Ma\u00dfnahmenpaket soll sich voraussichtlich darauf konzentrieren, die Liefer- und Finanzierungswege einzuschr\u00e4nken, \u00fcber die Russland seine Raketenproduktion und R\u00fcstungsg\u00fcterproduktion aufrechterhalten kann.<\/p>\n<p> Den vorliegenden Dokumenten zufolge k\u00f6nnte die Liste der G\u00fcter des russischen <a class=\"data-link\" data-org-href=\"https:\/\/www.vietnam.vn\/de\/category\/quan-su\" href=\"https:\/\/www.vietnam.vn\/de\/category\/quan-su\" title=\"Milit\u00e4r\" target=\"_blank\" rel=\"nofollow noopener\">milit\u00e4risch<\/a> -industriellen Komplexes auf bis zu 1.600 Artikel erweitert werden. Der Entwurf des Ma\u00dfnahmenpakets soll voraussichtlich im Oktober, vor dem n\u00e4chsten offiziellen Treffen der EU-Au\u00dfenminister, fertiggestellt werden.<\/p>\n<p>Das k\u00f6nnte Sie interessieren<\/p>\n<p> Bei dem Treffen er\u00f6rterten die Mitgliedstaaten auch die M\u00f6glichkeit einer Versch\u00e4rfung der Visabestimmungen f\u00fcr russische Staatsb\u00fcrger. Frau Kallas erkl\u00e4rte, es gebe breite Unterst\u00fctzung f\u00fcr Vorschl\u00e4ge, die Einreise in die EU f\u00fcr russische Staatsb\u00fcrger, die an Kampfeins\u00e4tzen teilgenommen haben, einzuschr\u00e4nken und gleichzeitig die Kontrollen f\u00fcr russische <a class=\"data-link\" data-org-href=\"https:\/\/www.vietnam.vn\/de\/du-lich\" href=\"https:\/\/www.vietnam.vn\/de\/du-lich\" title=\"Tourismus\" target=\"_blank\" rel=\"nofollow noopener\">Touristen<\/a> zu verst\u00e4rken.<\/p>\n<p> Ein weiteres Thema, das von den EU-Au\u00dfenministern angesprochen wurde, war die M\u00f6glichkeit, eingefrorene russische Verm\u00f6genswerte zur Unterst\u00fctzung der Ukraine einzusetzen. Laut Kallas unterst\u00fctzen einige Minister diese Idee weiterhin, und die Gespr\u00e4che werden in naher Zukunft fortgesetzt.<\/p>\n<p> Zus\u00e4tzlich zu den Ma\u00dfnahmen, die Druck auf Russland aus\u00fcben sollen, haben die EU-Mitgliedstaaten zugesagt, die Ukraine weiterhin bei ihren anhaltenden Angriffen zu unterst\u00fctzen.<\/p>\n<p> Im Anschluss an das Treffen k\u00fcndigte die EU die Lieferung zus\u00e4tzlicher Luftverteidigungsausr\u00fcstung an die Ukraine an. Frau Kallas nannte weder die beteiligten L\u00e4nder noch den Umfang der Hilfe, sondern erkl\u00e4rte, die Mitgliedstaaten w\u00fcrden ihre eigenen Zusagen bekanntgeben.<\/p>\n<p> Die EU ist zudem besonders besorgt \u00fcber die F\u00e4higkeit der Ukraine, ihre Getreideexporte \u00fcber das Schwarze Meer aufrechtzuerhalten. Frau Kallas warnte, dass Schwierigkeiten auf dieser Schifffahrtsroute die globale Ern\u00e4hrungssicherheit weiter gef\u00e4hrden k\u00f6nnten, da der Seetransport nach wie vor die einzige M\u00f6glichkeit f\u00fcr die Ukraine darstellt, gro\u00dfe Warenmengen auf die internationalen M\u00e4rkte zu bringen, da es keine gleichwertige Alternative gibt.<\/p>\n<p>Das k\u00f6nnte Sie interessieren<\/p>\n<p> Die EU pr\u00fcft Ma\u00dfnahmen zur Unterst\u00fctzung der ukrainischen Getreidereserven und bereitet sich gleichzeitig auf die energie- und logistischen Herausforderungen im bevorstehenden Winter vor. Laut EU-Beamten z\u00e4hlt die Versorgung der Ukraine mit Ersatzteilen und Generatoren zu den Priorit\u00e4ten vor dem Winter, da das Energiesystem und die Infrastruktur des Landes weiterhin unter Druck stehen.<\/p>\n<p class=\"align-right\"> Synthetik<\/p>\n<p class=\"mb-0\"> Quelle: https:\/\/hanoimoi.vn\/eu-tang-suc-ep-trung-phat-nga-cam-ket-ho-tro-them-cho-ukraine-1705647.html<\/p>\n","protected":false},"excerpt":{"rendered":"Die Hohe Vertreterin der EU f\u00fcr Au\u00dfen- und Sicherheitspolitik, Kaja Kallas, spricht nach einem informellen Treffen der EU-&hellip;\n","protected":false},"author":2,"featured_media":1277110,"comment_status":"","ping_status":"","sticky":false,"template":"","format":"standard","meta":{"footnotes":"","_share_on_mastodon":"0"},"categories":[3933],"tags":[331,332,140711,111926,548,663,158,3934,3935,257029,19634,13,238095,4046,66810,263510,14,15,263511,307,12,33124,2224,317,1250,1783],"class_list":["post-1277109","post","type-post","status-publish","format-standard","has-post-thumbnail","category-eu","tag-aktuelle-nachrichten","tag-aktuelle-news","tag-bestrafen","tag-ernaehrungssicherheit","tag-eu","tag-europa","tag-europaeische-union","tag-europe","tag-european-union","tag-getreideexporte","tag-gewitter","tag-headlines","tag-kaja-kalas","tag-krieg","tag-limit","tag-luftverteidigungsausruestung","tag-nachrichten","tag-news","tag-russische-staatsbuerger","tag-russland","tag-schlagzeilen","tag-schwarzes-meer","tag-sperrung","tag-ukraine","tag-unterstuetzung","tag-visum"],"share_on_mastodon":{"url":"https:\/\/pubeurope.com\/@de\/117204695766311320","error":""},"_links":{"self":[{"href":"https:\/\/www.europesays.com\/de\/wp-json\/wp\/v2\/posts\/1277109","targetHints":{"allow":["GET"]}}],"collection":[{"href":"https:\/\/www.europesays.com\/de\/wp-json\/wp\/v2\/posts"}],"about":[{"href":"https:\/\/www.europesays.com\/de\/wp-json\/wp\/v2\/types\/post"}],"author":[{"embeddable":true,"href":"https:\/\/www.europesays.com\/de\/wp-json\/wp\/v2\/users\/2"}],"replies":[{"embeddable":true,"href":"https:\/\/www.europesays.com\/de\/wp-json\/wp\/v2\/comments?post=1277109"}],"version-history":[{"count":0,"href":"https:\/\/www.europesays.com\/de\/wp-json\/wp\/v2\/posts\/1277109\/revisions"}],"wp:featuredmedia":[{"embeddable":true,"href":"https:\/\/www.europesays.com\/de\/wp-json\/wp\/v2\/media\/1277110"}],"wp:attachment":[{"href":"https:\/\/www.europesays.com\/de\/wp-json\/wp\/v2\/media?parent=1277109"}],"wp:term":[{"taxonomy":"category","embeddable":true,"href":"https:\/\/www.europesays.com\/de\/wp-json\/wp\/v2\/categories?post=1277109"},{"taxonomy":"post_tag","embeddable":true,"href":"https:\/\/www.europesays.com\/de\/wp-json\/wp\/v2\/tags?post=1277109"}],"curies":[{"name":"wp","href":"https:\/\/api.w.org\/{rel}","templated":true}]}}