{"id":1277111,"date":"2026-09-03T02:14:28","date_gmt":"2026-09-03T02:14:28","guid":{"rendered":"https:\/\/www.europesays.com\/de\/1277111\/"},"modified":"2026-09-03T02:14:28","modified_gmt":"2026-09-03T02:14:28","slug":"russisches-haus-gegner-um-henry-lindemeier-haben-aerger-mit-polizei","status":"publish","type":"post","link":"https:\/\/www.europesays.com\/de\/1277111\/","title":{"rendered":"Russisches Haus: Gegner um Henry Lindemeier haben \u00c4rger mit Polizei"},"content":{"rendered":"<p><a href=\"#focus-6\" class=\"transition-colors block text-current relative\" data-sctrack=\"FocusGalleryImage.Reference\"><img   loading=\"lazy\" src=\"https:\/\/www.europesays.com\/de\/wp-content\/uploads\/2026\/09\/in-einer-massnahme-henry-lindemeier-jan-spiegelberg-und-karin-s-die-ihren-vollen-namen-nicht-veroeff.jpeg\" alt=\"In einer Ma\u00dfnahme: Henry Lindemeier, Jan Spiegelberg und Karin S., die ihren vollen Namen nicht ver\u00f6ffentlicht sehen m\u00f6chte.\" title=\"In einer Ma\u00dfnahme: Henry Lindemeier, Jan Spiegelberg und Karin S., die ihren vollen Namen nicht ver\u00f6ffentlicht sehen m\u00f6chte.\" width=\"1528\" height=\"860\" class=\"h-full w-full max-w-full rounded-8\" decoding=\"async\"\/><img loading=\"lazy\" src=\"https:\/\/www.t-online.de\/s\/paper\/_next\/static\/media\/zoom-in.f7dae02f.svg\" alt=\"Vergr\u00f6\u00dfern des Bildes\" title=\"Vergr\u00f6\u00dfern des Bildes\" class=\"block h-[calc(var(--height)_\/_16_*_1rem)] w-[calc(var(--width)_\/_16_*_1rem)] max-w-none absolute right-8 bottom-8 rounded-4 bg-snow p-8\" style=\"--width:32;--height:32\" decoding=\"async\"\/>In einer Ma\u00dfnahme: Henry Lindemeier, Jan Spiegelberg und Karin S., die ihren vollen Namen nicht ver\u00f6ffentlicht sehen m\u00f6chte. (Quelle: twitter.com\/KornblumeBerlin)<\/a><\/p>\n<p class=\"text-18 leading-17 user-text-lg:text-22 user-text-xl:text-24\">Er hatte seinerseits Spiegelberg grob festgehalten und sein T-Shirt zerrissen, als der nach dem planm\u00e4\u00dfigen Ende des Protests und vor Eintreffen der Polizei in die nahe U-Bahn steigen und heimfahren wollte. Das Verfahren deshalb wurde eingestellt.<\/p>\n<p>Henry Lindemeier: Die offenen F\u00e4lle<\/p>\n<p class=\"text-18 leading-17 user-text-lg:text-22 user-text-xl:text-24\">Vorl\u00e4ufig eingestellt wurde auch das Verfahren gegen einen Mann, der Lindemeier am 24. September 2024 beim Verlassen des Russischen Hauses unvermittelt mit der Faust gegen die linke Kopfseite schlug. Der T\u00e4ter konnte nicht ermittelt werden. Stattdessen steht Lindemeier im November vor Gericht, weil wegen dieses Vorfalls gegen ihn verhandelt wird. Der Vorwurf: versuchte gef\u00e4hrliche K\u00f6rperverletzung.<\/p>\n<p class=\"text-18 leading-17 user-text-lg:text-22 user-text-xl:text-24\">Nachdem er den Unbekannten angezeigt hatte, erhielt die Polizei vom Russischen Haus ein kurzes Video. Darauf ist zu sehen, wie Lindemeier mit seiner Fahne in Richtung eines weggehenden Mannes schl\u00e4gt, sie auf Schulterh\u00f6he aber abstoppt. Der Mann wird offenbar nur vom Fahnenstoff ber\u00fchrt und reagiert \u00fcberhaupt nicht. Wegen dieser Szene leitete die Polizei von Amts wegen ein Verfahren gegen Lindemeier ein. Er erhielt einen Strafbefehl \u00fcber 50 Tagess\u00e4tze zu 30 Euro.<\/p>\n<p class=\"text-18 leading-17 user-text-lg:text-22 user-text-xl:text-24\">Lindemeier hat dagegen Einspruch eingelegt, deshalb kommt es zum Prozess. &#8222;Es wird immer wieder versucht, mich zu unbedachten Reaktionen zu provozieren&#8220;, sagt er. &#8222;Ich habe mich da aber zum Gl\u00fcck immer sehr im Griff gehabt, auch wenn es manchmal sehr schwierig ist.&#8220;<\/p>\n<p class=\"text-18 leading-17 user-text-lg:text-22 user-text-xl:text-24\">Russland versucht, Lindemeier als Gewaltt\u00e4ter darzustellen. Als in <a href=\"https:\/\/www.t-online.de\/themen\/prag\/\" class=\"transition-colors cursor-pointer no-underline md:hover:text-magenta md:focus:text-magenta border-b border-solid border-current text-salemsfur md:hover:border-magenta\" data-tracking=\"{&quot;action&quot;:&quot;click&quot;,&quot;category&quot;:&quot;intextLink&quot;,&quot;label&quot;:&quot;\/themen\/prag\/&quot;}\" data-sctrack=\"BodyAnchor\" rel=\"nofollow noopener\" target=\"_blank\">Prag<\/a> ein Brandanschlag auf das dortige Russische Haus mit geringem Schaden ver\u00fcbt wurde und der Sender RT berichtete, wurde eine Passage, in der es hie\u00df: &#8222;Wer die besagten Terroristen in etwa sein k\u00f6nnten&#8220;, mit einem Link versehen. Dieser f\u00fchrt zu einem Bericht \u00fcber Lindemeiers Demos in Berlin.<\/p>\n<p class=\"text-18 leading-17 user-text-lg:text-22 user-text-xl:text-24\">Das Russische Haus forderte im Juni 2025 in einem Brief an die Berliner Polizeipr\u00e4sidentin Barbara Slowik Meisel die &#8222;unverz\u00fcgliche strafrechtliche W\u00fcrdigung und Durchsetzung bereits laufender Verfahren&#8220;. Auch solle ein permanentes Platzverbot gegen Lindemeier in direkter Umgebung des Geb\u00e4udes erteilt werden. Von &#8222;nahezu t\u00e4glichen provokativen, aggressiven und volksverhetzenden Aktionen&#8220; schrieb der inzwischen abgel\u00f6ste Direktor der Einrichtung. Ein solcher Brief beeinflusse die T\u00e4tigkeit der Polizei nicht, hei\u00dft es von der Pressestelle.<\/p>\n<p>Polizeibeauftragter: &#8222;Polizei verneint Vorwurf glaubhaft&#8220;<\/p>\n<p class=\"text-18 leading-17 user-text-lg:text-22 user-text-xl:text-24\">Beim Polizeibeauftragten des Landes Berlin, Alexander Oerke, gab es wegen des Vorgehens der Polizei am Russischen Haus 2025 mehrere Beschwerden, eine von Lindemeier. Oerke stellte dieses Verfahren ein, weil Lindemeier mit den Bedingungen f\u00fcr ein Schlichtungsverfahren mit dem Polizeiabschnitt nicht einverstanden gewesen sei. Lindemeier sagt, er habe daran nur mit Anwalt teilnehmen wollen.<\/p>\n<p><script async src=\"https:\/\/platform.twitter.com\/widgets.js\" charset=\"utf-8\"><\/script><\/p>\n","protected":false},"excerpt":{"rendered":"In einer Ma\u00dfnahme: Henry Lindemeier, Jan Spiegelberg und Karin S., die ihren vollen Namen nicht ver\u00f6ffentlicht sehen m\u00f6chte.&hellip;\n","protected":false},"author":2,"featured_media":1277112,"comment_status":"","ping_status":"","sticky":false,"template":"","format":"standard","meta":{"footnotes":"","_share_on_mastodon":"0"},"categories":[5],"tags":[3028,331,332,7237,296,28206,1173,31857,3364,29,1478,663,156,30,181105,13,51576,6904,130510,308,14,15,121,263513,307,12,184,1997,101176,263512,317,6799,263514],"class_list":["post-1277111","post","type-post","status-publish","format-standard","has-post-thumbnail","category-nachrichten","tag-3028","tag-aktuelle-nachrichten","tag-aktuelle-news","tag-anzeige","tag-berlin","tag-bulgarien","tag-bundesregierung","tag-bundesverdienstkreuz","tag-de","tag-deutschland","tag-drohne","tag-europa","tag-frankreich","tag-germany","tag-handvoll","tag-headlines","tag-henry-lindemeier","tag-lausitz","tag-marc-schneider","tag-moskau","tag-nachrichten","tag-news","tag-polizei","tag-propagandazentrale","tag-russland","tag-schlagzeilen","tag-spd","tag-staatsanwaltschaft","tag-steffen-krach","tag-thomas-worm","tag-ukraine","tag-wahlkampf","tag-wraza"],"share_on_mastodon":{"url":"https:\/\/pubeurope.com\/@de\/117204701032051654","error":""},"_links":{"self":[{"href":"https:\/\/www.europesays.com\/de\/wp-json\/wp\/v2\/posts\/1277111","targetHints":{"allow":["GET"]}}],"collection":[{"href":"https:\/\/www.europesays.com\/de\/wp-json\/wp\/v2\/posts"}],"about":[{"href":"https:\/\/www.europesays.com\/de\/wp-json\/wp\/v2\/types\/post"}],"author":[{"embeddable":true,"href":"https:\/\/www.europesays.com\/de\/wp-json\/wp\/v2\/users\/2"}],"replies":[{"embeddable":true,"href":"https:\/\/www.europesays.com\/de\/wp-json\/wp\/v2\/comments?post=1277111"}],"version-history":[{"count":0,"href":"https:\/\/www.europesays.com\/de\/wp-json\/wp\/v2\/posts\/1277111\/revisions"}],"wp:featuredmedia":[{"embeddable":true,"href":"https:\/\/www.europesays.com\/de\/wp-json\/wp\/v2\/media\/1277112"}],"wp:attachment":[{"href":"https:\/\/www.europesays.com\/de\/wp-json\/wp\/v2\/media?parent=1277111"}],"wp:term":[{"taxonomy":"category","embeddable":true,"href":"https:\/\/www.europesays.com\/de\/wp-json\/wp\/v2\/categories?post=1277111"},{"taxonomy":"post_tag","embeddable":true,"href":"https:\/\/www.europesays.com\/de\/wp-json\/wp\/v2\/tags?post=1277111"}],"curies":[{"name":"wp","href":"https:\/\/api.w.org\/{rel}","templated":true}]}}