{"id":1277122,"date":"2026-09-03T02:20:20","date_gmt":"2026-09-03T02:20:20","guid":{"rendered":"https:\/\/www.europesays.com\/de\/1277122\/"},"modified":"2026-09-03T02:20:20","modified_gmt":"2026-09-03T02:20:20","slug":"zwischen-nuernberg-und-ingolstadt-schnellzug-frecciarossa-auf-testfahrt","status":"publish","type":"post","link":"https:\/\/www.europesays.com\/de\/1277122\/","title":{"rendered":"Zwischen N\u00fcrnberg und Ingolstadt: Schnellzug Frecciarossa auf Testfahrt"},"content":{"rendered":"<p class=\"desc-read\"><strong><br \/>\n           Ein neuartiger Zug mit einer beeindruckenden Spitzengeschwindigkeit ist dieser Tage auch in Franken unterwegs. Der &#8222;Frecciarossa&#8220; soll k\u00fcnftig die Verbindung zwischen Deutschland und Italien auf ein neues Level heben.<br \/>\n          <\/strong>\n          <\/p>\n<p>F\u00fcr eine neue durchgehende Zugverbindung nach Italien erprobt die Deutsche Bahn (DB) in Bayern gegenw\u00e4rtig den italienischen Schnellzug Frecciarossa 1000. Damit dieser in Deutschland \u00fcber die Schienen fahren kann, mussten die Hersteller laut Bahnangaben unter anderem die Antriebstechnik, Bremsen und Stromabnehmer anpassen. Seit Mitte Juni finden nun die Testfahrten mit einem ersten umger\u00fcsteten Zug zwischen <a href=\"https:\/\/www.infranken.de\/lk\/nuernberg\/\" class=\"enriched\" rel=\"nofollow noopener\" target=\"_blank\">N\u00fcrnberg<\/a> und Ingolstadt sowie zwischen Leipzig und Erfurt statt.<\/p>\n<p>Die Frecciarossa-Z\u00fcge sollen gem\u00e4\u00df der Bahn ab Sommer 2027 Reisende direkt von M\u00fcnchen nach Rom beziehungsweise Mailand bef\u00f6rdern. Urspr\u00fcnglich hatte die Bahn den Beginn der neuen Direktverbindung zum Fahrplanwechsel im Dezember 2026 vorgesehen. Dadurch soll sich die Fahrzeit auf der Strecke nach Rom um 45 Minuten und nach Mailand um 75 Minuten verk\u00fcrzen.<\/p>\n<p>&#8222;Roter Pfeil&#8220; auf Testfahrt durch Bayern<\/p>\n<p>Frecciarossa bedeutet auf Deutsch &#8222;roter Pfeil&#8220; \u2013 und blitzschnell soll der Zug auch in Deutschland mit bis zu 300 Kilometern pro Stunde unterwegs sein. Diese Spitzengeschwindigkeit wird der DB zufolge auch bei den Testfahrten erprobt, die mehrere Monate andauern werden. In \u00d6sterreich finden seit August zudem Testfahrten mit einem zweiten umger\u00fcsteten Fahrzeug von Kufstein bis zum Brenner sowie zwischen Salzburg und Wien statt. Insgesamt sind 300 Testtage geplant.<\/p>\n<p>                \t                              \t<a href=\"https:\/\/www.infranken.de\/videos\/ratgeber\/von-bayern-bis-nach-rom-ohne-umsteigen-der-turbo-zug-nach-italien-mit-neuen-verbindungen-sts-405645\" rel=\"nofollow noopener\" target=\"_blank\">Zum Video &#8222;Von Bayern bis nach Rom ohne Umsteigen &#8211; Der Turbo-Zug nach Italien mit neuen Verbindungen&#8220;<\/a>              \t<\/p>\n<p>Die DB sprach von einem ehrgeizigen Zeitplan. F\u00fcr die neue internationale Zugverbindung r\u00fcsten die Hersteller neun Frecciarossa-Z\u00fcge um und integrieren nationale Zugsicherungssysteme. Anschlie\u00dfend m\u00fcssen diese f\u00fcr das deutsche und \u00f6sterreichische Schienennetz neu zugelassen werden. In Italien ist eine erneute Zulassung erforderlich.<\/p>\n","protected":false},"excerpt":{"rendered":"Ein neuartiger Zug mit einer beeindruckenden Spitzengeschwindigkeit ist dieser Tage auch in Franken unterwegs. Der &#8222;Frecciarossa&#8220; soll k\u00fcnftig&hellip;\n","protected":false},"author":2,"featured_media":1277123,"comment_status":"","ping_status":"","sticky":false,"template":"","format":"standard","meta":{"footnotes":"","_share_on_mastodon":"0"},"categories":[1837],"tags":[772,3364,29,30,3783],"class_list":["post-1277122","post","type-post","status-publish","format-standard","has-post-thumbnail","category-nuernberg","tag-bayern","tag-de","tag-deutschland","tag-germany","tag-nuernberg"],"share_on_mastodon":{"url":"https:\/\/pubeurope.com\/@de\/117204721570283036","error":""},"_links":{"self":[{"href":"https:\/\/www.europesays.com\/de\/wp-json\/wp\/v2\/posts\/1277122","targetHints":{"allow":["GET"]}}],"collection":[{"href":"https:\/\/www.europesays.com\/de\/wp-json\/wp\/v2\/posts"}],"about":[{"href":"https:\/\/www.europesays.com\/de\/wp-json\/wp\/v2\/types\/post"}],"author":[{"embeddable":true,"href":"https:\/\/www.europesays.com\/de\/wp-json\/wp\/v2\/users\/2"}],"replies":[{"embeddable":true,"href":"https:\/\/www.europesays.com\/de\/wp-json\/wp\/v2\/comments?post=1277122"}],"version-history":[{"count":0,"href":"https:\/\/www.europesays.com\/de\/wp-json\/wp\/v2\/posts\/1277122\/revisions"}],"wp:featuredmedia":[{"embeddable":true,"href":"https:\/\/www.europesays.com\/de\/wp-json\/wp\/v2\/media\/1277123"}],"wp:attachment":[{"href":"https:\/\/www.europesays.com\/de\/wp-json\/wp\/v2\/media?parent=1277122"}],"wp:term":[{"taxonomy":"category","embeddable":true,"href":"https:\/\/www.europesays.com\/de\/wp-json\/wp\/v2\/categories?post=1277122"},{"taxonomy":"post_tag","embeddable":true,"href":"https:\/\/www.europesays.com\/de\/wp-json\/wp\/v2\/tags?post=1277122"}],"curies":[{"name":"wp","href":"https:\/\/api.w.org\/{rel}","templated":true}]}}