{"id":1277134,"date":"2026-09-03T02:28:53","date_gmt":"2026-09-03T02:28:53","guid":{"rendered":"https:\/\/www.europesays.com\/de\/1277134\/"},"modified":"2026-09-03T02:28:53","modified_gmt":"2026-09-03T02:28:53","slug":"hsv-und-werder-bremen-so-faellt-das-transfer-fazit-der-nord-bundesligisten-aus","status":"publish","type":"post","link":"https:\/\/www.europesays.com\/de\/1277134\/","title":{"rendered":"HSV und Werder Bremen: So f\u00e4llt das Transfer-Fazit der Nord-Bundesligisten aus"},"content":{"rendered":"<p>        <img decoding=\"async\" src=\"https:\/\/www.europesays.com\/de\/wp-content\/uploads\/2026\/09\/hsv-1890.webp\" alt=\"Neuzugang Zakaria El Ouahdi vom Hamburger SV \" title=\"Neuzugang Zakaria El Ouahdi vom Hamburger SV  | WITTERS\" class=\"responsive\"\/><\/p>\n<p>AUDIO: HSV holt Vieira und El Ouahdi (1 Min)<\/p>\n<p class=\"topline\">Nach dem &#8222;Deadline Day&#8220;<\/p>\n<p>\n                Stand: 02.09.2026 13:36 Uhr<\/p>\n<p class=\"preface\">F\u00fcnf Transfers beim HSV, vier bei Werder Bremen am letzten Tag des Sommer-Transferfensters: Bei beiden Bundesliga-Nordclubs war m\u00e4chtig Bewegung am Dienstag. Zum Besseren? So bewerten Datenanalysten die Kaderver\u00e4nderungen bei beiden Vereinen.<\/p>\n<p class=\"textauthor\">von Tobias Knaack<\/p>\n<p class=\"\">Das Internet ist wie immer schnell &#8211; und in dem Fall im wahrsten Sinne &#8211; &#8222;bei der Hand&#8220;. Noch bevor der HSV die Verpflichtungen von Fabio Vieira, Zakaria El Ouadhi und David M\u00f6ller Wolfe am sogenannten &#8222;Deadline Day&#8220; offiziell machen konnte, wurde Claus Costa, dem Direktor Profifu\u00dfball bei den Hamburgern, ein virtuelles Denkmal gesetzt.<\/p>\n<p class=\"\">Im Netz wurden Bilder erstellt, die &#8211; analog zu der Statue des Fu\u00dfes von Club-Legende Uwe Seeler &#8211; seine Finger zeigten, die einen Stift hielten. Symbolisch f\u00fcr Vertragsunterschriften und die Transfers, die Costa mit eingef\u00e4delt hat.<\/p>\n<p>        <img decoding=\"async\" src=\"https:\/\/www.europesays.com\/de\/wp-content\/uploads\/2026\/09\/hsv-1894.webp\" alt=\"Vorst\u00e4ndin Sport Kathleen Kr\u00fcger, Neuzugang Fabio Vieira und Sportdirketor Claus Costa vom HSV (v.l.)\" title=\"Vorst\u00e4ndin Sport Kathleen Kr\u00fcger, Neuzugang Fabio Vieira und Sportdirketor Claus Costa vom HSV (v.l.) | WITTERS\" class=\"responsive\" loading=\"lazy\"\/><\/p>\n<p>Transferschluss<\/p>\n<p>Die Hamburger haben wie erwartet Spielmacher Viera fest verpflichtet. Zudem haben sie am letzten Tag des Transferfensters die Verteidiger El Ouahdi und M\u00f6ller Wolfe geholt. <\/p>\n<p>    &#8222;Starkes Zeichen f\u00fcr unsere Entwicklung&#8220;<\/p>\n<p class=\"\">Ob die drei gemeinsam mit den zuvor verpflichteten Patson Daka, Terem Moffi, Sebastiaan Bornauw oder Albert Gr\u00f6nbaek auch wirklich als Mannschaft funktionieren und zusammenfinden? Das werden die kommenden Wochen und Monate zeigen (m\u00fcssen).<\/p>\n<p class=\"\">Dass sich ein Spieler wie Vieira, den die Hamburger nach der Leihe in der Vorsaison nun fest verpflichteten, &#8222;ganz bewusst f\u00fcr unseren Weg entschieden hat und es uns als Club bereits im zweiten Jahr nach dem Aufstieg gelungen ist, ihn fest an den HSV zu binden&#8220;, ist f\u00fcr die neue Sportvorst\u00e4ndin Kathleen Kr\u00fcger &#8222;alles andere als selbstverst\u00e4ndlich und ein starkes Zeichen f\u00fcr unsere Entwicklung&#8220;. Auch die Stimmung im Umfeld des einstigen Bundesliga-&#8222;Dinos&#8220; ist nach dem erneut gro\u00dfen Umbruch angesichts der Verpflichtungen und des Kaders, der Trainer Merlin Polzin nun zur Verf\u00fcgung steht, positiv.<\/p>\n<p>        <img decoding=\"async\" src=\"https:\/\/www.europesays.com\/de\/wp-content\/uploads\/2026\/09\/david-moeller-wolfe-104.webp\" alt=\"David M\u00f6ller Wolfe\" title=\"David M\u00f6ller Wolfe | IMAGO \/ Nicolo Campo\" class=\"responsive\" loading=\"lazy\"\/><\/p>\n<p>Deadline Day<\/p>\n<p>Das Transferfenster f\u00fcr die Fu\u00dfball-Profivereine in Deutschland ist geschlossen. Die Aktivit\u00e4ten der Nordclubs in der \u00dcbersicht.<\/p>\n<p>    Costa und Co. bekommen Schulnote 1-<\/p>\n<p class=\"\">Die Meinung vieler Anh\u00e4nger und Bewertung der Verantwortlichen deckt sich aber auch mit den Einsch\u00e4tzungen der Experten des <a href=\"https:\/\/www.ndr.de\/sport\/fussball\/Das-steckt-hinter-dem-NDR-Fussball-Datenprojekt,gsn104.html\" title=\"Das steckt hinter dem NDR Fu\u00dfball-Datenprojekt\" rel=\"nofollow noopener\" target=\"_blank\">Global Soccer Networks (GSN)<\/a>. Die stellen den Hamburgern ein gutes Zeugnis f\u00fcr die Transferperiode aus. Schulnote: 1-. &#8222;Der HSV hat mit Fabio Vieira, El Ouahdi, Bornauw, Daka, Moffi, Gr\u00f6nbaek und David M\u00f6ller Wolfe nahezu jede Mannschaftslinie qualitativ verbessert.&#8220;<\/p>\n<ul>\n<li>Fabio Vieira (Arsenal London)<\/li>\n<li>David M\u00f6ller Wolfe (Wolverhampton Wanderers \/ Leihe)<\/li>\n<li>Albert Gr\u00f6nbaek (Stade Rennes)<\/li>\n<li>Sebastiaan Bornauw (Leeds United \/ Leihe)<\/li>\n<li>Zakaria El Ouadhi (KRC Genk)<\/li>\n<li>Terem Moffi (OC Nizza)<\/li>\n<li>Patson Daka (Leicester City)<\/li>\n<li>Martin Adeline (ESTAC Troyes)<\/li>\n<\/ul>\n<ul>\n<li>Luka Vuskovic (Leihende)<\/li>\n<li>Ransford-Yeboah K\u00f6nigsd\u00f6rffer (Mainz 05)<\/li>\n<li>Robert Glatzel (VfL Wolfsburg)<\/li>\n<li>Fabio Bald\u00e9 (Racing Strasbourg)<\/li>\n<li>Jean-Luc Domp\u00e9 (Konyaspor)<\/li>\n<li>Rayan Philippe (SC Paderborn \/ Leihe)<\/li>\n<\/ul>\n<p class=\"\">Durch die Abg\u00e4nge von Luka Vuskovic (Leihende), Ransford Yeboah K\u00f6nigsd\u00f6rffer, Robert Glatzel, Jean-Luc Domp\u00e9 und Fabio Bald\u00e9 seien zwar auch &#8222;viel Qualit\u00e4t und teilweise wichtige Rollen der Vorsaison verloren&#8220; gegangen. Insbesondere die Festverpflichtung Vieiras (Kreativit\u00e4t), die Leihe Bornauws (Stabilit\u00e4t) und die Transfers von Daka und Moffi (Tempo und Torgefahr) aber werden sehr positiv bewertet.<\/p>\n<p>    GSN: HSV mit &#8222;Qualit\u00e4t f\u00fcr gesichertes Mittelfeld&#8220;<\/p>\n<p class=\"\">Die gr\u00f6\u00dften Makel: &#8222;Etwas redundant ist die Zusammenstellung im Sturm, weil mehrere Angreifer vor allem \u00fcber Tiefe und Dynamik kommen.&#8220; Zudem fehle noch ein &#8222;dominanter defensiver Sechser, der hinter den offensiven Kr\u00e4ften gro\u00dfe R\u00e4ume kontrollieren kann&#8220;.<\/p>\n<p class=\"\">Dennoch lautet das Fazit: &#8222;Der Kader ist trotz wichtiger Abg\u00e4nge deutlich besser und besitzt Qualit\u00e4t f\u00fcr einen gesicherten Bundesliga-Mittelfeldplatz.&#8220; Den Nachweis wird das Polzin-Team nach dem <a href=\"https:\/\/www.ndr.de\/sport\/fussball\/Bundesliga-Hamburg-HSV-Borussia-Dortmund-BVB-Spielbericht,hsv-1850.html\" title=\"HSV wacht zu sp\u00e4t auf und verliert Bundesliga-Auftakt bei Borussia Dortmund\" rel=\"nofollow noopener\" target=\"_blank\">0:2 zum Start in Dortmund<\/a> schon ab Sonntag &#8211; dann gegen Mainz 05 (15.30 Uhr, im <a href=\"https:\/\/www.ndr.de\/sport\/live\" title=\"Livecenter: Fu\u00dfball und Handball live erleben\" rel=\"nofollow noopener\" target=\"_blank\">NDR Livecenter<\/a>) &#8211; antreten m\u00fcssen.<\/p>\n<p>Heuer Fernandes &#8211; Capaldo, Bornauw, Torunarigha &#8211; El Ouahdi, Sambi Lokonga, Remberg, M\u00f6ller Wolfe &#8211;  Vieira, Gr\u00f6nbaek &#8211; Daka<\/p>\n<p>    Werder: &#8222;In der Offensive neue M\u00f6glichkeiten geschaffen&#8220;<\/p>\n<p class=\"\">\u00c4u\u00dferst arbeitsam waren auch die vergangenen Tage f\u00fcr Werder Bremens Fu\u00dfball-Gesch\u00e4ftsf\u00fchrer Clemens Fritz. Alleine am Montag und Dienstag kamen in Youri Regeer, Moussa Ndiaye und Arthur noch drei Spieler, die alle zum Stammpersonal von Trainer Daniel Thioune geh\u00f6ren k\u00f6nnten. Zuvor waren unter anderem schon Niclas F\u00fcllkrug und Eren Dinkci an die Weser zur\u00fcckgekehrt und Ludovit Reis &#8211; ein Spieler mit HSV-Vergangenheit &#8211; verpflichtet worden.<\/p>\n<p>        <img decoding=\"async\" src=\"https:\/\/www.europesays.com\/de\/wp-content\/uploads\/2026\/08\/werder-578.webp\" alt=\"Niclas F\u00fcllkrug von Werder Bremen jubelt\" title=\"Niclas F\u00fcllkrug von Werder Bremen jubelt | picture alliance\/dpa\" class=\"responsive\" loading=\"lazy\"\/><\/p>\n<p>Vor Bundesliga-Start<\/p>\n<p>Die Hanseaten haben den Klassenerhalt nur knapp geschafft. Die Datenanalyse zeigt, wie weit die Transferoffensive Werder nach vorn bringt.<\/p>\n<p class=\"\">&#8222;Wir haben Jungs im Kader, die zwei, drei Positionen spielen k\u00f6nnen und sind auf jeder Position mindestens doppelt besetzt&#8220;, res\u00fcmierte Fritz. &#8222;Dazu kommen junge Spieler, die wir entwickeln wollen. Wir wollen eine gute Kaderhygiene und wollen ihn nicht \u00fcberf\u00fcllen.&#8220;<\/p>\n<ul>\n<li>Niclas F\u00fcllkrug (West Ham United \/ Leihe)<\/li>\n<li>Arthur (Bayer Leverkusen \/ Leihe)<\/li>\n<li>Eren Dinkci (SC Freiburg \/ Leihe)<\/li>\n<li>Youri Regeer (Ajax Amsterdam \/ Leihe)<\/li>\n<li>Moussa Ndiaye (RSC Anderlecht \/ Leihe)<\/li>\n<li>Ludovit Reis (Club Br\u00fcgge)<\/li>\n<li>Chuki (Real Valladolid) <\/li>\n<\/ul>\n<ul>\n<li>Mio Backhaus (SC Freiburg)<\/li>\n<li>Karim Coulibaly (Racing Strasbourg)<\/li>\n<li>Romano Schmid (Frosinone Calcio)<\/li>\n<li>Leonardo Bittencourt (Energie Cottbus)<\/li>\n<li>Samuel Mbangula (Bologna \/ Leihe)<\/li>\n<li>Cameron Puertsas (Leihende)<\/li>\n<li>Jovan Milosevic (Leihende)<\/li>\n<\/ul>\n<p class=\"\">Auch wenn die langfristigen Ausf\u00e4lle der Leistungstr\u00e4ger Jens Stage und Justin Njinmah rund um den <a href=\"https:\/\/www.ndr.de\/sport\/fussball\/Bundesliga-Werder-Bremen,werder-594.html\" title=\"Werder Bremen startet mit 1:4-Niederlage beim SC Freiburg in die Saison\" rel=\"nofollow noopener\" target=\"_blank\">Bundesliga-Auftakt in Freiburg (1:4)<\/a> auf die Stimmung der Gr\u00fcn-Wei\u00dfen dr\u00fcckten, ist Fritz sicher: &#8222;Wir haben uns in der Offensive neue M\u00f6glichkeiten geschaffen. Wir haben eine gewisse Erfahrung und nachgewiesene Qualit\u00e4t, dazu aber auch die Frische von jungen Spielern. Ich sehe den Kader als gut genug sowie konkurrenz- und wettbewerbsf\u00e4hig.&#8220;<\/p>\n<p>    Werder bekommt Schulnote 2+ f\u00fcr Transfers<\/p>\n<p class=\"\">Fritz&#8216; Sicht der Dinge teilen die GSN-Experten weitgehend: &#8222;Werder hat mit F\u00fcllkrug, Dinkci, Reis, Chuki, Regeer, Arthur und Ndiaye Qualit\u00e4t und Kaderbreite deutlich erh\u00f6ht.&#8220; Einschr\u00e4nkend sei aber, dass &#8222;mit Romano Schmid allerdings der wichtigste kreative Spieler verloren&#8220; gegangen sei. Zudem bleibe abzuwarten, wie sich die Abg\u00e4nge von Samuel Mbangula (Leihe), Mio Backhaus, Karim Coulibaly und Leonardo Bittencourt auswirken.<\/p>\n<p class=\"\">Dennoch sehen die GSN-Experten das Transfergeschehen positiv: &#8222;F\u00fcllkrug gibt sofort F\u00fchrung und Torgefahr, Dinkci Geschwindigkeit, w\u00e4hrend Reis und Regeer das Zentrum spielerisch verbessern.&#8220; Am schwersten wiege, dass nach Schmids Abgang &#8222;ein kreativer Fl\u00fcgel- oder Halbraumspieler mit hoher individueller Chancenkreierung&#8220; fehle. Insgesamt sei der Kader aber &#8222;breiter und qualitativ etwas besser geworden&#8220;. Das Fazit: Schulnote 2+ der GSN-Experten f\u00fcr Fritz und Co.<\/p>\n<p>Hein &#8211; Arthur, Pieper, Friedl, Ndiaye &#8211; Regeer, Reis &#8211; Chuki, Dinkci &#8211; F\u00fcllkrug &#8211; Marco Gr\u00fcll<\/p>\n<p>    HSV hat f\u00fcr GSN &#8222;gr\u00f6\u00dfere Abg\u00e4nge besser kompensiert&#8220;<\/p>\n<p class=\"\">Im Vergleich der beiden Nordrivalen, deren prim\u00e4res Ziel jeweils eine halbwegs sorgenfreie Saison ist, geht der HSV f\u00fcr die Datenanalaysten als leichter Gewinner hervor, da der Club &#8222;gr\u00f6\u00dfere Abg\u00e4nge besser kompensiert und die Qualit\u00e4t der ersten Elf st\u00e4rker erh\u00f6ht&#8220; habe. Werder habe &#8222;ebenfalls sinnvoll investiert, muss aber vor allem den Verlust von Romano Schmid auffangen&#8220;.<\/p>\n<p>        <img decoding=\"async\" src=\"https:\/\/www.europesays.com\/de\/wp-content\/uploads\/2026\/09\/werder-592.webp\" alt=\"Bremens Trainer Daniel Thioune\" title=\"Bremens Trainer Daniel Thioune | picture alliance\/nordphoto GmbH |Memmler\" class=\"responsive\" loading=\"lazy\"\/><\/p>\n<p>Bundesliga<\/p>\n<p>Nach dem 1:4 in Freiburg und dem monatelangen Ausfall des Top-Stars warnt Bremens Trainer vor einem weiteren Jahr Abstiegskampf.<\/p>\n","protected":false},"excerpt":{"rendered":"AUDIO: HSV holt Vieira und El Ouahdi (1 Min) Nach dem &#8222;Deadline Day&#8220; Stand: 02.09.2026 13:36 Uhr F\u00fcnf&hellip;\n","protected":false},"author":2,"featured_media":1277135,"comment_status":"","ping_status":"","sticky":false,"template":"","format":"standard","meta":{"footnotes":"","_share_on_mastodon":"0"},"categories":[1824],"tags":[2420,299,3364,29,347,30,692,5075,537],"class_list":["post-1277134","post","type-post","status-publish","format-standard","has-post-thumbnail","category-bremen","tag-bremen","tag-bundesliga","tag-de","tag-deutschland","tag-fussball","tag-germany","tag-hamburg","tag-hsv","tag-werder-bremen"],"share_on_mastodon":{"url":"https:\/\/pubeurope.com\/@de\/117204759412564068","error":""},"_links":{"self":[{"href":"https:\/\/www.europesays.com\/de\/wp-json\/wp\/v2\/posts\/1277134","targetHints":{"allow":["GET"]}}],"collection":[{"href":"https:\/\/www.europesays.com\/de\/wp-json\/wp\/v2\/posts"}],"about":[{"href":"https:\/\/www.europesays.com\/de\/wp-json\/wp\/v2\/types\/post"}],"author":[{"embeddable":true,"href":"https:\/\/www.europesays.com\/de\/wp-json\/wp\/v2\/users\/2"}],"replies":[{"embeddable":true,"href":"https:\/\/www.europesays.com\/de\/wp-json\/wp\/v2\/comments?post=1277134"}],"version-history":[{"count":0,"href":"https:\/\/www.europesays.com\/de\/wp-json\/wp\/v2\/posts\/1277134\/revisions"}],"wp:featuredmedia":[{"embeddable":true,"href":"https:\/\/www.europesays.com\/de\/wp-json\/wp\/v2\/media\/1277135"}],"wp:attachment":[{"href":"https:\/\/www.europesays.com\/de\/wp-json\/wp\/v2\/media?parent=1277134"}],"wp:term":[{"taxonomy":"category","embeddable":true,"href":"https:\/\/www.europesays.com\/de\/wp-json\/wp\/v2\/categories?post=1277134"},{"taxonomy":"post_tag","embeddable":true,"href":"https:\/\/www.europesays.com\/de\/wp-json\/wp\/v2\/tags?post=1277134"}],"curies":[{"name":"wp","href":"https:\/\/api.w.org\/{rel}","templated":true}]}}