{"id":1277141,"date":"2026-09-03T02:34:15","date_gmt":"2026-09-03T02:34:15","guid":{"rendered":"https:\/\/www.europesays.com\/de\/1277141\/"},"modified":"2026-09-03T02:34:15","modified_gmt":"2026-09-03T02:34:15","slug":"bvb-klopp-hat-ploetzlich-ein-dortmund-problem-sport","status":"publish","type":"post","link":"https:\/\/www.europesays.com\/de\/1277141\/","title":{"rendered":"BVB: Klopp hat pl\u00f6tzlich ein Dortmund-Problem | Sport"},"content":{"rendered":"<p><b>Die Leitung zwischen Bundestrainer und BVB ist kurz! J\u00fcrgen Klopp (59) steht mit den Dortmunder Bossen um Pr\u00e4sident und DFB-Vize Hans-Joachim Watzke (67) im st\u00e4ndigen Austausch, h\u00e4lt seit einigen Wochen auch den telefonischen Draht zu BVB-Coach Niko Kovac (54).<\/b><\/p>\n<p>Aber: Klopp hat pl\u00f6tzlich ein gro\u00dfes Dortmund-Problem. Hintergrund ist die neue Transfer-Strategie des BVB! Lesen Sie hier weiter mit BILD PLUS.<\/p>\n","protected":false},"excerpt":{"rendered":"Die Leitung zwischen Bundestrainer und BVB ist kurz! J\u00fcrgen Klopp (59) steht mit den Dortmunder Bossen um Pr\u00e4sident&hellip;\n","protected":false},"author":2,"featured_media":1277142,"comment_status":"","ping_status":"","sticky":false,"template":"","format":"standard","meta":{"footnotes":"","_share_on_mastodon":"0"},"categories":[1833],"tags":[1263,888,3364,1260,29,217,538,347,30,5133,7645,21015,1209,803,819,1576],"class_list":["post-1277141","post","type-post","status-publish","format-standard","has-post-thumbnail","category-dortmund","tag-aufmacher-bereich","tag-borussia-dortmund","tag-de","tag-deutsche-nationalmannschaft","tag-deutschland","tag-dortmund","tag-erste-bundesliga","tag-fussball","tag-germany","tag-hueber-yannick","tag-klopp-juergen","tag-kolsberger-sebastian","tag-nordrhein-westfalen","tag-spielertransfer","tag-sport-leuchtturm-essen","tag-super-a-teaser"],"share_on_mastodon":{"url":"https:\/\/pubeurope.com\/@de\/117204776544745028","error":""},"_links":{"self":[{"href":"https:\/\/www.europesays.com\/de\/wp-json\/wp\/v2\/posts\/1277141","targetHints":{"allow":["GET"]}}],"collection":[{"href":"https:\/\/www.europesays.com\/de\/wp-json\/wp\/v2\/posts"}],"about":[{"href":"https:\/\/www.europesays.com\/de\/wp-json\/wp\/v2\/types\/post"}],"author":[{"embeddable":true,"href":"https:\/\/www.europesays.com\/de\/wp-json\/wp\/v2\/users\/2"}],"replies":[{"embeddable":true,"href":"https:\/\/www.europesays.com\/de\/wp-json\/wp\/v2\/comments?post=1277141"}],"version-history":[{"count":0,"href":"https:\/\/www.europesays.com\/de\/wp-json\/wp\/v2\/posts\/1277141\/revisions"}],"wp:featuredmedia":[{"embeddable":true,"href":"https:\/\/www.europesays.com\/de\/wp-json\/wp\/v2\/media\/1277142"}],"wp:attachment":[{"href":"https:\/\/www.europesays.com\/de\/wp-json\/wp\/v2\/media?parent=1277141"}],"wp:term":[{"taxonomy":"category","embeddable":true,"href":"https:\/\/www.europesays.com\/de\/wp-json\/wp\/v2\/categories?post=1277141"},{"taxonomy":"post_tag","embeddable":true,"href":"https:\/\/www.europesays.com\/de\/wp-json\/wp\/v2\/tags?post=1277141"}],"curies":[{"name":"wp","href":"https:\/\/api.w.org\/{rel}","templated":true}]}}