{"id":1277149,"date":"2026-09-03T02:39:22","date_gmt":"2026-09-03T02:39:22","guid":{"rendered":"https:\/\/www.europesays.com\/de\/1277149\/"},"modified":"2026-09-03T02:39:22","modified_gmt":"2026-09-03T02:39:22","slug":"fortuna-duesseldorf-transfer-wunsch-der-f95-fans-wird-erhoert","status":"publish","type":"post","link":"https:\/\/www.europesays.com\/de\/1277149\/","title":{"rendered":"Fortuna D\u00fcsseldorf: Transfer-Wunsch der F95-Fans wird erh\u00f6rt"},"content":{"rendered":"<p class=\"text_ohne_einzug richtext text-em-55 !leading-serif mx-6 desktop:mx-0\">In den vergangenen Wochen d\u00fcrfte Filimon Gerezgiher das eine oder andere Mal selbst gestaunt haben. Im <a href=\"https:\/\/rp-online.de\/thema\/sommer\/\" rel=\"nofollow noopener\" target=\"_blank\">Sommer<\/a> 2024 wechselte der Offensivspieler zur SV Elversberg \u2013 im Anschluss an die erste Zweitliga-Saison des Klubs aus dem Saarland. Der Klassenerhalt im Unterhaus galt da noch als Sensation \u2013 nur etwas mehr als zwei Jahre sp\u00e4ter sind die Elversberger Bundesligist und seit dem vergangenen Wochenende gleich auch Leverkusen-Besieger. F\u00fcr Gerezgiher sollte das 3:2 gegen die Werkself das letzte Spiel unter Vertrag in Elversberg sein. Nur zwei Tage sp\u00e4ter wurde er am Montag als neuer Spieler bei Fortuna vorgestellt. Allerdings muss das f\u00fcr den 26-J\u00e4hrigen l\u00e4ngst kein R\u00fcckschritt sein.<\/p>\n","protected":false},"excerpt":{"rendered":"In den vergangenen Wochen d\u00fcrfte Filimon Gerezgiher das eine oder andere Mal selbst gestaunt haben. Im Sommer 2024&hellip;\n","protected":false},"author":2,"featured_media":1277150,"comment_status":"","ping_status":"","sticky":false,"template":"","format":"standard","meta":{"footnotes":"","_share_on_mastodon":"0"},"categories":[1831],"tags":[3364,29,3405,21106,216877,6223,263517,30,1209,57223,55092,55091,259990,2715,5725,6236,3127],"class_list":["post-1277149","post","type-post","status-publish","format-standard","has-post-thumbnail","category-duesseldorf","tag-de","tag-deutschland","tag-duesseldorf","tag-elversberg","tag-elversberger","tag-fortuna","tag-gerezgiher","tag-germany","tag-nordrhein-westfalen","tag-offen","tag-offensiv","tag-offensivspieler","tag-profitiert","tag-sommer","tag-spiel","tag-spieler","tag-transfer"],"share_on_mastodon":{"url":"https:\/\/pubeurope.com\/@de\/117204796240173892","error":""},"_links":{"self":[{"href":"https:\/\/www.europesays.com\/de\/wp-json\/wp\/v2\/posts\/1277149","targetHints":{"allow":["GET"]}}],"collection":[{"href":"https:\/\/www.europesays.com\/de\/wp-json\/wp\/v2\/posts"}],"about":[{"href":"https:\/\/www.europesays.com\/de\/wp-json\/wp\/v2\/types\/post"}],"author":[{"embeddable":true,"href":"https:\/\/www.europesays.com\/de\/wp-json\/wp\/v2\/users\/2"}],"replies":[{"embeddable":true,"href":"https:\/\/www.europesays.com\/de\/wp-json\/wp\/v2\/comments?post=1277149"}],"version-history":[{"count":0,"href":"https:\/\/www.europesays.com\/de\/wp-json\/wp\/v2\/posts\/1277149\/revisions"}],"wp:featuredmedia":[{"embeddable":true,"href":"https:\/\/www.europesays.com\/de\/wp-json\/wp\/v2\/media\/1277150"}],"wp:attachment":[{"href":"https:\/\/www.europesays.com\/de\/wp-json\/wp\/v2\/media?parent=1277149"}],"wp:term":[{"taxonomy":"category","embeddable":true,"href":"https:\/\/www.europesays.com\/de\/wp-json\/wp\/v2\/categories?post=1277149"},{"taxonomy":"post_tag","embeddable":true,"href":"https:\/\/www.europesays.com\/de\/wp-json\/wp\/v2\/tags?post=1277149"}],"curies":[{"name":"wp","href":"https:\/\/api.w.org\/{rel}","templated":true}]}}