{"id":1277171,"date":"2026-09-03T02:52:20","date_gmt":"2026-09-03T02:52:20","guid":{"rendered":"https:\/\/www.europesays.com\/de\/1277171\/"},"modified":"2026-09-03T02:52:20","modified_gmt":"2026-09-03T02:52:20","slug":"cdu-ueberfluegelt-linke-kurz-vor-berlin-wahl-ueberraschung-in-umfrage","status":"publish","type":"post","link":"https:\/\/www.europesays.com\/de\/1277171\/","title":{"rendered":"CDU \u00fcberfl\u00fcgelt Linke kurz vor Berlin-Wahl: \u00dcberraschung in Umfrage"},"content":{"rendered":"<p>Neue Umfrage <\/p>\n<p>\u00dcberraschung kurz vor der Wahl in Berlin<\/p>\n<p>02.09.2026 &#8211; 18:50 UhrLesedauer: 1 Min.<\/p>\n<p><a href=\"#focus-0\" class=\"transition-colors block text-current relative\" data-sctrack=\"FocusGalleryImage.Reference\"><img fetchpriority=\"high\" data-testid=\"Opener.Image\"   loading=\"eager\" src=\"https:\/\/www.europesays.com\/de\/wp-content\/uploads\/2026\/09\/1788403940_37_image.jpg\" alt=\"imago images 0863318235\" title=\"imago images 0863318235\" width=\"2764\" height=\"1555\" class=\"bg-[url:var(--lqipURL)] bg-cover bg-center flex h-full w-full max-w-full\" style=\"--lqipURL:url('https:\/\/images.t-online.de\/2026\/08\/8VlvBkRHJpnL\/326x1023:2764x1555\/fit-in\/150x0\/filters:blur(25)\/image.jpg')\" decoding=\"async\"\/><img loading=\"lazy\" src=\"https:\/\/www.t-online.de\/s\/paper\/_next\/static\/media\/zoom-in.f7dae02f.svg\" alt=\"Vergr\u00f6\u00dfern des Bildes\" title=\"Vergr\u00f6\u00dfern des Bildes\" class=\"block h-[calc(var(--height)_\/_16_*_1rem)] w-[calc(var(--width)_\/_16_*_1rem)] max-w-none absolute right-8 bottom-8 rounded-4 bg-snow p-8\" style=\"--width:32;--height:32\" decoding=\"async\"\/><\/a><\/p>\n<p>Wahlplakate in Berlin (Archivbild): Die Stadt w\u00e4hlt am 20. September. (Quelle: IMAGO\/M. Popow)<\/p>\n<p class=\"font-bold text-18 leading-17 user-text-lg:text-22 user-text-xl:text-24\">Kurz vor der Wahl in Berlin dreht die Stimmung in der Stadt. Die CDU liegt in Umfragen wieder in F\u00fchrung. Die Linke holt ein altes Problem ein.<\/p>\n<p class=\"text-18 leading-17 user-text-lg:text-22 user-text-xl:text-24\">Knapp zwei Wochen vor der <a href=\"https:\/\/www.t-online.de\/themen\/abgeordnetenhauswahl-berlin\/\" class=\"transition-colors cursor-pointer no-underline md:hover:text-magenta md:focus:text-magenta border-b border-solid border-current text-salemsfur md:hover:border-magenta\" data-tracking=\"{&quot;action&quot;:&quot;click&quot;,&quot;category&quot;:&quot;intextLink&quot;,&quot;label&quot;:&quot;\/themen\/abgeordnetenhauswahl-berlin\/&quot;}\" data-sctrack=\"BodyAnchor\" rel=\"nofollow noopener\" target=\"_blank\">Wahl zum Berliner Abgeordnetenhaus<\/a> \u00fcberrascht eine <a href=\"https:\/\/www.t-online.de\/themen\/umfragen\/\" class=\"transition-colors cursor-pointer no-underline md:hover:text-magenta md:focus:text-magenta border-b border-solid border-current text-salemsfur md:hover:border-magenta\" data-tracking=\"{&quot;action&quot;:&quot;click&quot;,&quot;category&quot;:&quot;intextLink&quot;,&quot;label&quot;:&quot;\/themen\/umfragen\/&quot;}\" data-sctrack=\"BodyAnchor\" rel=\"nofollow noopener\" target=\"_blank\">Umfrage<\/a> des \u00f6ffentlich-rechtlichen Rundfunk Berlin-Brandenburg (rbb). Demnach \u00fcberfl\u00fcgelt die <a href=\"https:\/\/www.t-online.de\/themen\/cdu\/\" class=\"transition-colors cursor-pointer no-underline md:hover:text-magenta md:focus:text-magenta border-b border-solid border-current text-salemsfur md:hover:border-magenta\" data-tracking=\"{&quot;action&quot;:&quot;click&quot;,&quot;category&quot;:&quot;intextLink&quot;,&quot;label&quot;:&quot;\/themen\/cdu\/&quot;}\" data-sctrack=\"BodyAnchor\" rel=\"nofollow noopener\" target=\"_blank\">CDU<\/a> die Linke und liegt vorn. Die Christdemokraten kommen demnach auf 21 Prozent, die Linke auf 19 Prozent. <a href=\"https:\/\/www.t-online.de\/themen\/alternative-fuer-deutschland\/\" class=\"transition-colors cursor-pointer no-underline md:hover:text-magenta md:focus:text-magenta border-b border-solid border-current text-salemsfur md:hover:border-magenta\" data-tracking=\"{&quot;action&quot;:&quot;click&quot;,&quot;category&quot;:&quot;intextLink&quot;,&quot;label&quot;:&quot;\/themen\/alternative-fuer-deutschland\/&quot;}\" data-sctrack=\"BodyAnchor\" rel=\"nofollow noopener\" target=\"_blank\">AfD<\/a> und Gr\u00fcne liegen gleichauf mit 18 Prozent. Es folgen SPD (11 Prozent). BSW und <a href=\"https:\/\/www.t-online.de\/themen\/fdp\/\" class=\"transition-colors cursor-pointer no-underline md:hover:text-magenta md:focus:text-magenta border-b border-solid border-current text-salemsfur md:hover:border-magenta\" data-tracking=\"{&quot;action&quot;:&quot;click&quot;,&quot;category&quot;:&quot;intextLink&quot;,&quot;label&quot;:&quot;\/themen\/fdp\/&quot;}\" data-sctrack=\"BodyAnchor\" rel=\"nofollow noopener\" target=\"_blank\">FDP<\/a> verfehlen demnach den Einzug ins Landesparlament.<\/p>\n<p class=\"text-18 leading-17 user-text-lg:text-22 user-text-xl:text-24\">Neben Berlin wird in diesem Monat noch in Sachsen-Anhalt (6. September) sowie Mecklenburg-Vorpommern (20. September) gew\u00e4hlt.<\/p>\n","protected":false},"excerpt":{"rendered":"Neue Umfrage \u00dcberraschung kurz vor der Wahl in Berlin 02.09.2026 &#8211; 18:50 UhrLesedauer: 1 Min. Wahlplakate in Berlin&hellip;\n","protected":false},"author":2,"featured_media":1277172,"comment_status":"","ping_status":"","sticky":false,"template":"","format":"standard","meta":{"footnotes":"","_share_on_mastodon":"0"},"categories":[1825],"tags":[326,186,1941,1939,296,1937,13871,31,29,536,187,30,1940,1938,2239,184,4649],"class_list":["post-1277171","post","type-post","status-publish","format-standard","has-post-thumbnail","category-berlin","tag-326","tag-afd","tag-aktuelle-nachrichten-aus-berlin","tag-aktuelle-news-aus-berlin","tag-berlin","tag-berlin-news","tag-buendnis-sahra-wagenknecht","tag-cdu","tag-deutschland","tag-die-linke","tag-fdp","tag-germany","tag-nachrichten-aus-berlin","tag-news-aus-berlin","tag-rbb","tag-spd","tag-umfrage"],"share_on_mastodon":{"url":"","error":""},"_links":{"self":[{"href":"https:\/\/www.europesays.com\/de\/wp-json\/wp\/v2\/posts\/1277171","targetHints":{"allow":["GET"]}}],"collection":[{"href":"https:\/\/www.europesays.com\/de\/wp-json\/wp\/v2\/posts"}],"about":[{"href":"https:\/\/www.europesays.com\/de\/wp-json\/wp\/v2\/types\/post"}],"author":[{"embeddable":true,"href":"https:\/\/www.europesays.com\/de\/wp-json\/wp\/v2\/users\/2"}],"replies":[{"embeddable":true,"href":"https:\/\/www.europesays.com\/de\/wp-json\/wp\/v2\/comments?post=1277171"}],"version-history":[{"count":0,"href":"https:\/\/www.europesays.com\/de\/wp-json\/wp\/v2\/posts\/1277171\/revisions"}],"wp:featuredmedia":[{"embeddable":true,"href":"https:\/\/www.europesays.com\/de\/wp-json\/wp\/v2\/media\/1277172"}],"wp:attachment":[{"href":"https:\/\/www.europesays.com\/de\/wp-json\/wp\/v2\/media?parent=1277171"}],"wp:term":[{"taxonomy":"category","embeddable":true,"href":"https:\/\/www.europesays.com\/de\/wp-json\/wp\/v2\/categories?post=1277171"},{"taxonomy":"post_tag","embeddable":true,"href":"https:\/\/www.europesays.com\/de\/wp-json\/wp\/v2\/tags?post=1277171"}],"curies":[{"name":"wp","href":"https:\/\/api.w.org\/{rel}","templated":true}]}}