{"id":1277175,"date":"2026-09-03T02:54:23","date_gmt":"2026-09-03T02:54:23","guid":{"rendered":"https:\/\/www.europesays.com\/de\/1277175\/"},"modified":"2026-09-03T02:54:23","modified_gmt":"2026-09-03T02:54:23","slug":"sven-regeners-neuer-roman-herr-lehmann-ist-wieder-da-2","status":"publish","type":"post","link":"https:\/\/www.europesays.com\/de\/1277175\/","title":{"rendered":"Sven Regeners neuer Roman: Herr Lehmann ist wieder da"},"content":{"rendered":"<p>Sven Regeners literarisches Deb\u00fct \u201eHerr Lehmann\u201c ist ein Bestseller und Kultroman. Genau ein Vierteljahrhundert sp\u00e4ter hat sich der in Berlin lebende Autor noch einmal mit seiner zentralen Figur Frank Lehmann besch\u00e4ftigt. Wieder geht es um gro\u00dfe Themen wie Freundschaft, Liebe, Selbstverwirklichung und West-Berlin in der Zeit, als die Mauer noch stand. Im neuen Roman \u201eFrankie und Freddie\u201c kommt das schwierige Verh\u00e4ltnis der Lehmann-Br\u00fcder dazu. <\/p>\n<p>Im literarischen Kosmos des 65-j\u00e4hrigen Schriftstellers spielen beide Figuren eine wichtige Rolle. Der \u00e4ltere, Manfred &#8211; genannt Freddie -, ist als Erster aus Bremen nach Berlin gezogen und hat dort Kunst studiert. Der f\u00fcnf Jahre j\u00fcngere Frank kommt sp\u00e4ter nach. Regeners Romane \u201eNeue Vahr S\u00fcd\u201c und \u201eDer kleine Bruder\u201c erz\u00e4hlen diesen Teil der Geschichte.\u00a0 <\/p>\n<p>In \u201eFrankie und Freddie\u201c kn\u00fcpft der Autor, mindestens ebenso bekannt als S\u00e4nger und Trompeter der legend\u00e4ren Indieband Element of Crime, hier wieder an: Frank Lehmann lebt inzwischen einige Wochen in dem etwas raueren Teil Kreuzbergs, nach dem Postzustellbezirk SO36 genannt.\u00a0 <\/p>\n<p>              &#13;<br \/>\n                <img decoding=\"async\"   src=\"https:\/\/www.europesays.com\/de\/wp-content\/uploads\/2026\/09\/sven-regener-ist-nicht-zuletzt-als-saenger-und-texter-der-1225754.jpg\" title=\"Sven Regeners neuer Roman: Herr Lehmann ist wieder da \" alt=\"Sven Regener ist nicht zuletzt als S\u00e4nger und Texter der Indieband Element of Crime bekannt. (Archivbild)  Foto: Christophe Gateau\/dpa\" class=\"img-responsive\"\/>&#13;<\/p>\n<p class=\"image-credit\">&#13;<br \/>\n\t\t\t\t\t\u00a9 Christophe Gateau\/dpa<\/p>\n<p>&#13;<br \/>\n                &#13;<br \/>\n                &#13;<\/p>\n<p>Sven Regener ist nicht zuletzt als S\u00e4nger und Texter der Indieband Element of Crime bekannt. (Archivbild)  Foto: Christophe Gateau\/dpa <\/p>\n<p>&#13;<\/p>\n<p class=\"image-credit\">&#13;<br \/>\n\t\t\t\t\t\t\t\u00a9 Christophe Gateau\/dpa<\/p>\n<p>&#13;<br \/>\n                &#13;<\/p>\n<p>Die Mauer ist nicht weit weg, der G\u00f6rlitzer Park gleich um die Ecke. Hausbesetzer, Punks und K\u00fcnstler leben hier rund um die Wiener Stra\u00dfe T\u00fcr an T\u00fcr, Frank Lehmann mittendrin in einer WG und jobbt im \u201eCaf\u00e9 Einfall\u201c. Regener-Fans kennen die Kneipe aus mehreren seiner Romane.\u00a0 <\/p>\n<p>&#13;<br \/>\n            &#13;<br \/>\n              Frank Lehmann lebt sich in Kreuzberg ein <\/p>\n<p>Frank ist 21 und hat l\u00e4ngst Freundschaft geschlossen mit WG-Bewohnern wie Karl Schmidt, im neuen Roman wie in \u201eHerr Lehmann\u201c eine der sympathischsten Figuren. Es ist der Tag vor Heiligabend im Jahr 1980, John Lennon ist zwei Wochen zuvor erschossen worden.\u00a0 <\/p>\n<p>In Berlin ist es \u201esuperarschkalt\u201c, es schneit immer wieder heftig, am Ku\u2019damm glitzert die Weihnachtsbeleuchtung. Dass die Mauer irgendwann nicht mehr stehen k\u00f6nnte, kann sich kaum jemand vorstellen. Und Frank Lehmann hat auch ganz andere Sorgen. <\/p>\n<p>              &#13;<br \/>\n                <img decoding=\"async\"   src=\"https:\/\/www.europesays.com\/de\/wp-content\/uploads\/2026\/09\/in-sven-regeners-neuem-roman-frankie-und-freddie-glitzert-1225755.jpg\" title=\"Sven Regeners neuer Roman: Herr Lehmann ist wieder da \" alt=\"In Sven Regeners neuem Roman \u201eFrankie und Freddie\u201c glitzert es am Ku\u2019damm nur so wegen der Weihnachtsbeleuchtung. (Archivfoto)  Foto: Gerald Matzka\/dpa\" class=\"img-responsive\"\/>&#13;<\/p>\n<p class=\"image-credit\">&#13;<br \/>\n\t\t\t\t\t\u00a9 Gerald Matzka\/dpa<\/p>\n<p>&#13;<br \/>\n                &#13;<br \/>\n                &#13;<\/p>\n<p>In Sven Regeners neuem Roman \u201eFrankie und Freddie\u201c glitzert es am Ku\u2019damm nur so wegen der Weihnachtsbeleuchtung. (Archivfoto)  Foto: Gerald Matzka\/dpa <\/p>\n<p>&#13;<\/p>\n<p class=\"image-credit\">&#13;<br \/>\n\t\t\t\t\t\t\t\u00a9 Gerald Matzka\/dpa<\/p>\n<p>&#13;<br \/>\n                &#13;<\/p>\n<p>\u201eFrankie und Freddie\u201c ist auch ein Berlin-Roman, der sich noch einmal mit viel Liebe und ohne Glorifizierung den l\u00e4ngst vergangenen Zeiten widmet, als in Kreuzberg niemand das Wort Gentrifizierung kannte.\u00a0 <\/p>\n<p>Diesmal geht es auch in andere Teile der Stadt, mehrmals quer durch Berlin, mal nach Sch\u00f6neberg, mal zum Gl\u00fchweintrinken an den Breitscheidplatz in Charlottenburg, mal mit dem Auto, mal mit der U-Bahn.\u00a0 <\/p>\n<p>Regener erz\u00e4hlt seine Berlin-Odyssee mit gro\u00dfem Einf\u00fchlungsverm\u00f6gen. Viele Szenen und Dialoge wirken so authentisch wie historische Aufnahmen aus einem Dokumentarfilm. Der Roman spielt weitgehend an einem Tag &#8211; \u00e4hnlich wie \u201eUlysses\u201c von James Joyce, der Regener durchaus vertraut ist.\u00a0 <\/p>\n<p>Seine literarischen Figuren sind inzwischen wie alte Bekannte, die vielen Leserinnen und Lesern so ans Herz gewachsen sind wie ihm selbst. Der Objektk\u00fcnstler H.R. Ledigt ist wieder dabei, Erwin K\u00e4chele, dem das \u201eCaf\u00e9 Einfall\u201c geh\u00f6rt, seine Schwester Kerstin, die aus Schwaben zu Besuch gekommen ist und ihre Tochter Chrissie nat\u00fcrlich.\u00a0 <\/p>\n<p>&#13;<br \/>\n            &#13;<br \/>\n              Gro\u00dfartige Lakonie und beachtlich lange S\u00e4tze\u00a0 <\/p>\n<p>Die schnieft sich diesmal dauererk\u00e4ltet durch den Roman und h\u00e4lt das nur durch, weil sie f\u00fcr Frank l\u00e4ngst mehr empfindet als nur Sympathie und das auf Gegenseitigkeit beruht. Von all dem erz\u00e4hlt Regener in gro\u00dfartiger Lakonie und in S\u00e4tzen, die manchmal beachtliche L\u00e4ngen entwickeln. Es ist sein bester Roman seit vielen Jahren &#8211; vielleicht der beste seit \u201eHerr Lehmann\u201c.\u00a0 <\/p>\n<p>Der Plot ist eher Nebensache: Freddie hat an einer pharmazeutischen Versuchsreihe als Proband teilgenommen und musste daf\u00fcr in einem Hotel am Ku\u2019damm wohnen. Frank soll ihn dort abholen. Dabei vergisst Freddie die Tasche mit seinem Reisepass, dem Visum f\u00fcr die USA und dem Flugticket im Hotelzimmer. Er will nach Weihnachten mit einem Stipendium nach New York umziehen und als K\u00fcnstler durchstarten.\u00a0 <\/p>\n<p>Bei den Versuchen, an die Tasche zu kommen, gibt es immer wieder neue Verwicklungen, erschwert durch das Winterwetter, die St\u00f6rman\u00f6ver eines unsympathischen alten Bekannten namens Artsy Fartsy und durch die Anrufe der Mutter aus Bremen. <\/p>\n<p>              &#13;<br \/>\n                <img decoding=\"async\"   src=\"https:\/\/www.europesays.com\/de\/wp-content\/uploads\/2026\/09\/sven-regener-ist-inzwischen-65-und-sein-debuetroman-herr-1225756.jpg\" title=\"Sven Regeners neuer Roman: Herr Lehmann ist wieder da \" alt=\"Sven Regener ist inzwischen 65 und sein Deb\u00fctroman \u201eHerr Lehmann\u201c auch schon ein Vierteljahrhundert alt. (Archivbild)  Foto: Boris Roessler\/dpa\" class=\"img-responsive\"\/>&#13;<\/p>\n<p class=\"image-credit\">&#13;<br \/>\n\t\t\t\t\t\u00a9 Boris Roessler\/dpa<\/p>\n<p>&#13;<br \/>\n                &#13;<br \/>\n                &#13;<\/p>\n<p>Sven Regener ist inzwischen 65 und sein Deb\u00fctroman \u201eHerr Lehmann\u201c auch schon ein Vierteljahrhundert alt. (Archivbild)  Foto: Boris Roessler\/dpa <\/p>\n<p>&#13;<\/p>\n<p class=\"image-credit\">&#13;<br \/>\n\t\t\t\t\t\t\t\u00a9 Boris Roessler\/dpa<\/p>\n<p>&#13;<br \/>\n                &#13;<\/p>\n<p>&#13;<br \/>\n            &#13;<br \/>\n              Und soll man Weihnachten nach Bremen fahren?\u00a0 <\/p>\n<p>Die will nicht nur wissen, wie es den beiden Br\u00fcdern im fernen Berlin eigentlich geht, sondern im Subtext auch vermitteln, dass sie zu Weihnachten doch bitte nach Hause kommen sollen. Aber zu Hause? Wo ist das? In Bremen? Und wenn nicht, sollte man dann trotzdem zu seinen Eltern fahren? Und wie bekommt man Freddie dazu, dabei mitzumachen? <\/p>\n<p>Wie immer bei Regener geht es um lauter scheinbar banale Fragen, die allt\u00e4glicher nicht sein k\u00f6nnten. Und wie vor 25 Jahren in \u201eHerr Lehmann\u201c ist es wieder ganz gro\u00dfes Kino.\u00a0 <\/p>\n<p>Der Deb\u00fctroman spielt im Mauerfalljahr 1989. \u201eFrankie und Freddie\u201c ist also ein weiteres Prequel &#8211; wie schon \u201eDer kleine Bruder\u201c (2008), \u201eWiener Stra\u00dfe\u201c (2017) und \u201eGlitterschnitter\u201c (2021), die alle im Jahr 1980 spielen. Regener wird das Thema einfach nicht los.\u00a0 <\/p>\n<p>Man darf gespannt sein, was als N\u00e4chstes kommt. Wenn der Autor so weitermacht wie bisher, sind noch etliche Romane \u00fcber Frank Lehmann und seine Freunde drin &#8211; der Stoff scheint Regener ja nicht auszugehen. <\/p>\n","protected":false},"excerpt":{"rendered":"Sven Regeners literarisches Deb\u00fct \u201eHerr Lehmann\u201c ist ein Bestseller und Kultroman. Genau ein Vierteljahrhundert sp\u00e4ter hat sich der&hellip;\n","protected":false},"author":2,"featured_media":1277176,"comment_status":"","ping_status":"","sticky":false,"template":"","format":"standard","meta":{"footnotes":"","_share_on_mastodon":"0"},"categories":[1825],"tags":[3101,296,2420,29,30,93,1858,9558],"class_list":["post-1277175","post","type-post","status-publish","format-standard","has-post-thumbnail","category-berlin","tag-belletristik","tag-berlin","tag-bremen","tag-deutschland","tag-germany","tag-literatur","tag-neuerscheinungen","tag-rezensionen"],"share_on_mastodon":{"url":"https:\/\/pubeurope.com\/@de\/117204858433137626","error":""},"_links":{"self":[{"href":"https:\/\/www.europesays.com\/de\/wp-json\/wp\/v2\/posts\/1277175","targetHints":{"allow":["GET"]}}],"collection":[{"href":"https:\/\/www.europesays.com\/de\/wp-json\/wp\/v2\/posts"}],"about":[{"href":"https:\/\/www.europesays.com\/de\/wp-json\/wp\/v2\/types\/post"}],"author":[{"embeddable":true,"href":"https:\/\/www.europesays.com\/de\/wp-json\/wp\/v2\/users\/2"}],"replies":[{"embeddable":true,"href":"https:\/\/www.europesays.com\/de\/wp-json\/wp\/v2\/comments?post=1277175"}],"version-history":[{"count":0,"href":"https:\/\/www.europesays.com\/de\/wp-json\/wp\/v2\/posts\/1277175\/revisions"}],"wp:featuredmedia":[{"embeddable":true,"href":"https:\/\/www.europesays.com\/de\/wp-json\/wp\/v2\/media\/1277176"}],"wp:attachment":[{"href":"https:\/\/www.europesays.com\/de\/wp-json\/wp\/v2\/media?parent=1277175"}],"wp:term":[{"taxonomy":"category","embeddable":true,"href":"https:\/\/www.europesays.com\/de\/wp-json\/wp\/v2\/categories?post=1277175"},{"taxonomy":"post_tag","embeddable":true,"href":"https:\/\/www.europesays.com\/de\/wp-json\/wp\/v2\/tags?post=1277175"}],"curies":[{"name":"wp","href":"https:\/\/api.w.org\/{rel}","templated":true}]}}