{"id":1277183,"date":"2026-09-03T03:01:20","date_gmt":"2026-09-03T03:01:20","guid":{"rendered":"https:\/\/www.europesays.com\/de\/1277183\/"},"modified":"2026-09-03T03:01:20","modified_gmt":"2026-09-03T03:01:20","slug":"zwei-neue-gesichter-bei-awz-ex-bachelorette-sharon-battiste-steigt-bei-alles-was-zaehlt-ein","status":"publish","type":"post","link":"https:\/\/www.europesays.com\/de\/1277183\/","title":{"rendered":"Zwei neue Gesichter bei AWZ: Ex-Bachelorette Sharon Battiste steigt bei \u201eAlles was z\u00e4hlt\u201c ein"},"content":{"rendered":"<p>In der Seifenoper \u201eAlles was z\u00e4hlt\u201c gibt es gleich doppelte Verst\u00e4rkung: Ex-\u201eBachelorette\u201c Sharon Battiste \u00fcbernimmt eine Nebenrolle und auch \u201ePottfluencer\u201c Daniel A\u00dfmann mischt bald bei AWZ mit.<\/p>\n<p><img decoding=\"async\" alt=\"\" src=\"https:\/\/www.europesays.com\/de\/wp-content\/uploads\/2026\/09\/dc1cd580-fbd0-447a-afbb-523b6b331e53.jpeg\"\/><\/p>\n<p>02.09.2026, 14:48 UhrEssen<\/p>\n<p><a href=\"https:\/\/swp1.clpsh.com\/anhoeren?utm_source=swp&amp;utm_medium=deeplink&amp;utm_campaign=article_action_bar\" target=\"_blank\" class=\"lh-sm text-color-neutral-60\" id=\"u-article-header__listen-link\" rel=\"nofollow noopener\">Jetzt in der App anh\u00f6ren<\/a><img loading=\"lazy\" decoding=\"async\" src=\"https:\/\/www.europesays.com\/de\/wp-content\/uploads\/2026\/09\/e3d577b8-da70-4db2-a1bd-83da921f7f0a.jpg\" class=\"u-base-image__image\" width=\"1200\" height=\"675\" alt=\"Sharon Battiste wird eine Nebenrolle bei Alles was z\u00e4hlt \u00fcbernehmen.\"\/><\/p>\n<p class=\"u-base-image__cap m-0\">Sharon Battiste wird eine Nebenrolle bei \u201eAlles was z\u00e4hlt\u201c \u00fcbernehmen.<\/p>\n<p>picture alliance\/dpa, Rolf Vennenbernd<\/p>\n<p class=\"u-paragraph\" lazy=\"true\">Bei \u201eAlles was z\u00e4hlt\u201c gibt es gleich doppelte Verst\u00e4rkung: Ex-\u201eBachelorette\u201c Sharon Battiste \u00fcbernimmt eine Nebenrolle und bekommt es ausgerechnet mit der Welt zu tun, in der ihr Freund Tijan Njie bestens bekannt ist. Doch Sharon kommt nicht allein \u2013 auch Moderator Daniel A\u00dfmann ist bald bei AWZ zu sehen und landet dabei hinter Gittern.<\/p>\n<p>Sharon Battiste wird zur neuen Chefsekret\u00e4rin<\/p>\n<p class=\"u-paragraph\" lazy=\"true\">Ab dem 29. September ist Sharon Battiste bei \u201eAlles was z\u00e4hlt\u201c zu sehen. Die ehemalige \u201eBachelorette\u201c \u00fcbernimmt die Rolle der Claire Morell und mischt damit die Steinkamp-Welt auf.<\/p>\n<p class=\"u-paragraph\" lazy=\"true\">Claire muss ihre Karriere als T\u00e4nzerin pl\u00f6tzlich an den Nagel h\u00e4ngen und beginnt anschlie\u00dfend als neue Chefsekret\u00e4rin bei \u201eSteinkamp Sport &amp; Wellness\u201c. Damit landet sie ausgerechnet mitten in der Welt, die Sharons Freund Tijan Njie noch bestens kennt.<\/p>\n<p class=\"u-paragraph\" lazy=\"true\">Njie spielte von 2018 bis 2021 den Moritz \u201eMo\u201c Brunner bei AWZ. Nun tritt Sharon Battiste gewisserma\u00dfen in seine Serien-Fu\u00dfstapfen.<\/p>\n<p>Bei ihrer allerersten Szene war Sharon sehr nerv\u00f6s<\/p>\n<p class=\"u-paragraph\" lazy=\"true\">Ganz ohne Nervosit\u00e4t verlief Sharons Einstieg bei der RTL-Daily allerdings nicht. Bei ihrer allerersten Szene war die Schauspielerin so aufgeregt, dass sie ihren Text viel zu schnell sprach.<\/p>\n<p class=\"u-paragraph\" lazy=\"true\">\u201eDa hie\u00df es direkt: \u201aDas machen wir noch mal.\u2018 Hahaha, ups!\u201c, erinnert sich Battiste im RTL-Interview.<\/p>\n<p class=\"u-paragraph\" lazy=\"true\">Mittlerweile d\u00fcrfte die Nervosit\u00e4t jedoch verflogen sein. F\u00fcr die ehemalige \u201eBachelorette\u201c ist der AWZ-Auftritt eine neue Erfahrung \u2013 und f\u00fcr die Zuschauer gibt es mit Claire Morell ein neues Gesicht in der Steinkamp-Welt.<\/p>\n<p>Daniel A\u00dfmann landet bei AWZ hinter Gittern<\/p>\n<p class=\"u-paragraph\" lazy=\"true\">Auch Daniel A\u00dfmann bekommt eine Gastrolle bei \u201eAlles was z\u00e4hlt\u201c. Der Moderator und bekannte \u201ePottfluencer\u201c spielt den H\u00e4ftling Dirk Kaminski.<\/p>\n<p class=\"u-paragraph\" lazy=\"true\">Sein Serien-Einsatz beginnt bereits fr\u00fcher: Von Folge 5039 am 24. September bis Folge 5058 ist A\u00dfmann bei AWZ zu sehen. Dort trifft seine Figur ausgerechnet auf Kilian Reichenbach (Marc Dumitru).<\/p>\n<p class=\"u-paragraph\" lazy=\"true\">F\u00fcr A\u00dfmann ist die Rolle eine ungewohnte Erfahrung. Schlie\u00dflich hat er bislang deutlich mehr Zeit auf Campingpl\u00e4tzen als im Gef\u00e4ngnis verbracht. Genau daraus macht der Ruhrpottler selbst einen Witz: \u201eIch habe bisher deutlich mehr Zeit auf Campingpl\u00e4tzen als im Knast verbracht.\u201c<\/p>\n<p>Daniel A\u00dfmann und Marc Dumitru kennen sich bereits<\/p>\n<p class=\"u-paragraph\" lazy=\"true\">Ganz neu ist die Zusammenarbeit zwischen Daniel A\u00dfmann und Marc Dumitru allerdings nicht. Die beiden standen bereits gemeinsam vor der Kamera.<\/p>\n<p class=\"u-paragraph\" lazy=\"true\">F\u00fcr Instagram produzierten sie humorvolle Clips, in denen Marc Dumitru als Kilian Reichenbach dem \u201ePottfluencer\u201c an der Pommes Schranke Anwaltsdeutsch erkl\u00e4rte \u2013 und damit auch f\u00fcr Zuschauer verst\u00e4ndlich machte.<\/p>\n<p class=\"u-paragraph\" lazy=\"true\">Nun treffen die beiden bei AWZ erneut aufeinander. Diesmal allerdings unter ganz anderen Umst\u00e4nden: Kilian ist als Anwalt unterwegs und A\u00dfmanns Figur Dirk sitzt hinter Gittern.<\/p>\n<p>AWZ bekommt gleich zwei neue Gesichter<\/p>\n<p class=\"u-paragraph\" lazy=\"true\">Mit Sharon Battiste und Daniel A\u00dfmann setzt \u201eAlles was z\u00e4hlt\u201c in den kommenden Wochen gleich auf zwei neue Nebenrollen. W\u00e4hrend Claire Morell bei \u201eSteinkamp Sport &amp; Wellness\u201c f\u00fcr frischen Wind sorgt, mischt Dirk Kaminski den Handlungsstrang rund um Kilian auf.<\/p>\n<p class=\"u-paragraph\" lazy=\"true\">Besonders spannend ist dabei die Verbindung von Sharon Battiste zu AWZ: Ihr Freund Tijan Njie geh\u00f6rte selbst mehrere Jahre zum Cast der RTL-Serie. Nun erlebt Battiste die Steinkamp-Welt aus ihrer eigenen Perspektive.<\/p>\n<p class=\"u-paragraph\" lazy=\"true\">Und auch Daniel A\u00dfmann scheint Gefallen an seiner kurzen Reise in die AWZ-Welt gefunden zu haben. Nach den Dreharbeiten war f\u00fcr ihn der Abschied offenbar bereits schwer: \u201eEs hat so viel Spa\u00df gemacht! Ich bin traurig, dass es schon vorbei ist.\u201c<\/p>\n<p class=\"u-paragraph\" lazy=\"true\">Quelle: rtl.de<\/p>\n<p>Sendehinweis zu \u201eAlles was z\u00e4hlt\u201c<\/p>\n<p class=\"u-paragraph\" lazy=\"true\">\u201eAlles was z\u00e4hlt\u201c (AWZ) wird <strong>montags bis freitags um<\/strong> <strong>19:05 Uhr auf RTL<\/strong> ausgestrahlt. <a href=\"https:\/\/my.plus.rtl.de\/buchen\/initial?sv1=affiliate&amp;sv_campaign_id=825701&amp;utm_source=awin&amp;utm_medium=cpo&amp;utm_campaign=TVN00001_Affiliate&amp;utm_term=825701&amp;utm_content=www.swp.de&amp;aw_affid=825701&amp;awc=16040_1772785004_d24e17b27c42c1b9aa7de603f839dad0\" rel=\"nofollow noopener\" target=\"_blank\">Auf RTL+ sind neue Folgen als Online-Preview<\/a> meist eine Woche vor der TV-Ausstrahlung verf\u00fcgbar. Die Streaming-Plattform bietet zudem alle bisherigen Episoden als Video-on-Demand an.<\/p>\n<p class=\"u-paragraph\" lazy=\"true\">*Dieser Beitrag enth\u00e4lt Affiliate Links. Was bedeutet das? Sollten Sie \u00fcber die Links zu den Produkten einen Kauf abschlie\u00dfen, erh\u00e4lt swp.de eine kleine Provision. Die Berichterstattung beeinflusst das nicht.<\/p>\n","protected":false},"excerpt":{"rendered":"In der Seifenoper \u201eAlles was z\u00e4hlt\u201c gibt es gleich doppelte Verst\u00e4rkung: Ex-\u201eBachelorette\u201c Sharon Battiste \u00fcbernimmt eine Nebenrolle und&hellip;\n","protected":false},"author":2,"featured_media":1277184,"comment_status":"","ping_status":"","sticky":false,"template":"","format":"standard","meta":{"footnotes":"","_share_on_mastodon":"0"},"categories":[1773],"tags":[29,214,30,471,1780,215],"class_list":["post-1277183","post","type-post","status-publish","format-standard","has-post-thumbnail","category-serien","tag-deutschland","tag-entertainment","tag-germany","tag-serien","tag-series","tag-unterhaltung"],"share_on_mastodon":{"url":"","error":""},"_links":{"self":[{"href":"https:\/\/www.europesays.com\/de\/wp-json\/wp\/v2\/posts\/1277183","targetHints":{"allow":["GET"]}}],"collection":[{"href":"https:\/\/www.europesays.com\/de\/wp-json\/wp\/v2\/posts"}],"about":[{"href":"https:\/\/www.europesays.com\/de\/wp-json\/wp\/v2\/types\/post"}],"author":[{"embeddable":true,"href":"https:\/\/www.europesays.com\/de\/wp-json\/wp\/v2\/users\/2"}],"replies":[{"embeddable":true,"href":"https:\/\/www.europesays.com\/de\/wp-json\/wp\/v2\/comments?post=1277183"}],"version-history":[{"count":0,"href":"https:\/\/www.europesays.com\/de\/wp-json\/wp\/v2\/posts\/1277183\/revisions"}],"wp:featuredmedia":[{"embeddable":true,"href":"https:\/\/www.europesays.com\/de\/wp-json\/wp\/v2\/media\/1277184"}],"wp:attachment":[{"href":"https:\/\/www.europesays.com\/de\/wp-json\/wp\/v2\/media?parent=1277183"}],"wp:term":[{"taxonomy":"category","embeddable":true,"href":"https:\/\/www.europesays.com\/de\/wp-json\/wp\/v2\/categories?post=1277183"},{"taxonomy":"post_tag","embeddable":true,"href":"https:\/\/www.europesays.com\/de\/wp-json\/wp\/v2\/tags?post=1277183"}],"curies":[{"name":"wp","href":"https:\/\/api.w.org\/{rel}","templated":true}]}}