{"id":1277199,"date":"2026-09-03T03:12:21","date_gmt":"2026-09-03T03:12:21","guid":{"rendered":"https:\/\/www.europesays.com\/de\/1277199\/"},"modified":"2026-09-03T03:12:21","modified_gmt":"2026-09-03T03:12:21","slug":"umfragewerte-bleiben-miserabel-trump-steigt-in-den-us-zwischenwahlkampf-ein","status":"publish","type":"post","link":"https:\/\/www.europesays.com\/de\/1277199\/","title":{"rendered":"Umfragewerte bleiben miserabel: Trump steigt in den US-Zwischenwahlkampf ein"},"content":{"rendered":"<p>Umfragewerte bleiben miserabelTrump steigt in den US-Zwischenwahlkampf ein<\/p>\n<p>03.09.2026, 04:25 Uhr <\/p>\n<p>Artikel anh\u00f6ren(02:29 min)<\/p>\n<p><img decoding=\"async\" class=\"Image_img__fQCi0 Image_Img_16_9__4BLfH widget-picture-inline_maximizable__t_E7h\" loading=\"eager\" fetchpriority=\"high\" src=\"https:\/\/www.europesays.com\/de\/wp-content\/uploads\/2026\/09\/1788405141_327_image.webp\" alt=\"image\"\/>Das Durchregieren wird f\u00fcr Trump schwieriger, wenn seine Republikaner in einer der beiden Kammern die Mehrheit verlieren. (Foto: REUTERS)<\/p>\n<p class=\"Typography_text-m__XI0da Typography_weight-bold__uT6mq storyline_lead_text_leadtext__q_wg8\">Bei den Zwischenwahlen im November drohen die Republikaner ihre Mehrheiten im Kongress zu verlieren. Pr\u00e4sident Trump will sich ins Zeug legen, um das zu verhindern. Angesichts seiner Beliebtheitswerte kein einfaches Unterfangen. <\/p>\n<p class=\"Typography_text-default__P3otY Typography_weight-normal__pqUbH storyline_paragraph_p__qSR5N\">US-Pr\u00e4sident Donald Trump will sich vor den Kongresswahlen im November stark im Wahlkampf der Republikaner engagieren. &#8222;Ich werde bis November zu 100 Prozent an eurer Seite stehen&#8220;, sagte er bei einem Abendessen mit republikanischen Abgeordneten und Senatoren im Wei\u00dfen Haus. Ziel sei es, die knappen Mehrheiten der Republikaner im Repr\u00e4sentantenhaus und im Senat bei der Wahl am 3. November zu verteidigen. Es gehe vor allem um 35 besonders umk\u00e4mpfte Mandate. <\/p>\n<p class=\"Typography_text-default__P3otY Typography_weight-normal__pqUbH storyline_paragraph_p__qSR5N\">Zuvor hatte Trump vor Journalisten im Oval Office unter anderem Auftritte in Alaska sowie seine Unterst\u00fctzung f\u00fcr einige Gouverneurskandidaten angek\u00fcndigt. Er betonte jedoch, dass der Kongresswahlkampf im Mittelpunkt stehe. Teil dieser Offensive ist auch ein f\u00fcr Zwischenwahlen un\u00fcblicher Parteitag der Republikaner in der kommenden Woche, bei dem Trump an beiden Abenden sprechen wird. Insidern zufolge soll sein Doppelauftritt dabei helfen, mehr Parteianh\u00e4nger f\u00fcr die Veranstaltung anzulocken. <\/p>\n<p class=\"Typography_text-default__P3otY Typography_weight-normal__pqUbH storyline_paragraph_p__qSR5N\">Die Wahlkampfoffensive kommt in einer Phase schwacher Umfragewerte des Pr\u00e4sidenten, die in seiner Partei Bef\u00fcrchtungen n\u00e4hren, die Kongressmehrheiten zu verlieren. In einer am 31. August ver\u00f6ffentlichten Erhebung von Reuters\/Ipsos kam Trump lediglich auf eine Zustimmung von 33 Prozent. Das war der niedrigste Wert seiner politischen Laufbahn; zugleich lag er damit den dritten Monat in Folge auf diesem Niveau. <\/p>\n<p class=\"Typography_text-default__P3otY Typography_weight-normal__pqUbH storyline_paragraph_p__qSR5N\">Seine Beliebtheit leidet unter der hartn\u00e4ckigen Inflation sowie dem Krieg zwischen den USA und dem Iran, der sich inzwischen im siebten Monat befindet. Der Konflikt hat die weltweite \u00d6lversorgung beeintr\u00e4chtigt und die Energiekosten in den USA in die H\u00f6he getrieben, was den Druck durch die hohen Lebenshaltungskosten weiter versch\u00e4rft. Washington und Teheran lieferten sich in den vergangenen Tagen den schwersten milit\u00e4rischen Schlagabtausch seit Juli, was neue Bef\u00fcrchtungen eines umfassenden Kriegs ausl\u00f6ste. Diplomatische Bem\u00fchungen zur Beendigung des Konflikts sind derzeit nicht erkennbar. <\/p>\n<p class=\"Typography_text-s__wu_cm Typography_weight-normal__pqUbH Typography_color-darkgrey__sZEnP article-detail-footer_source__KslPc\">Quelle: ntv.de, ino\/rts<\/p>\n","protected":false},"excerpt":{"rendered":"Umfragewerte bleiben miserabelTrump steigt in den US-Zwischenwahlkampf ein 03.09.2026, 04:25 Uhr Artikel anh\u00f6ren(02:29 min) Das Durchregieren wird f\u00fcr&hellip;\n","protected":false},"author":2,"featured_media":1277200,"comment_status":"","ping_status":"","sticky":false,"template":"","format":"standard","meta":{"footnotes":"","_share_on_mastodon":"0"},"categories":[3],"tags":[106,13,176175,14,15,16,1555,12,10,8,9,11,64,103,104],"class_list":["post-1277199","post","type-post","status-publish","format-standard","has-post-thumbnail","category-welt","tag-donald-trump","tag-headlines","tag-midterm-elections","tag-nachrichten","tag-news","tag-politik","tag-republikaner","tag-schlagzeilen","tag-top-news","tag-top-meldungen","tag-topmeldungen","tag-topnews","tag-usa","tag-welt","tag-world"],"share_on_mastodon":{"url":"https:\/\/pubeurope.com\/@de\/117204927991030692","error":""},"_links":{"self":[{"href":"https:\/\/www.europesays.com\/de\/wp-json\/wp\/v2\/posts\/1277199","targetHints":{"allow":["GET"]}}],"collection":[{"href":"https:\/\/www.europesays.com\/de\/wp-json\/wp\/v2\/posts"}],"about":[{"href":"https:\/\/www.europesays.com\/de\/wp-json\/wp\/v2\/types\/post"}],"author":[{"embeddable":true,"href":"https:\/\/www.europesays.com\/de\/wp-json\/wp\/v2\/users\/2"}],"replies":[{"embeddable":true,"href":"https:\/\/www.europesays.com\/de\/wp-json\/wp\/v2\/comments?post=1277199"}],"version-history":[{"count":0,"href":"https:\/\/www.europesays.com\/de\/wp-json\/wp\/v2\/posts\/1277199\/revisions"}],"wp:featuredmedia":[{"embeddable":true,"href":"https:\/\/www.europesays.com\/de\/wp-json\/wp\/v2\/media\/1277200"}],"wp:attachment":[{"href":"https:\/\/www.europesays.com\/de\/wp-json\/wp\/v2\/media?parent=1277199"}],"wp:term":[{"taxonomy":"category","embeddable":true,"href":"https:\/\/www.europesays.com\/de\/wp-json\/wp\/v2\/categories?post=1277199"},{"taxonomy":"post_tag","embeddable":true,"href":"https:\/\/www.europesays.com\/de\/wp-json\/wp\/v2\/tags?post=1277199"}],"curies":[{"name":"wp","href":"https:\/\/api.w.org\/{rel}","templated":true}]}}