{"id":1277203,"date":"2026-09-03T03:14:32","date_gmt":"2026-09-03T03:14:32","guid":{"rendered":"https:\/\/www.europesays.com\/de\/1277203\/"},"modified":"2026-09-03T03:14:32","modified_gmt":"2026-09-03T03:14:32","slug":"patt-im-iran-krieg-trump-erwaegt-umbenennung-der-strasse-von-hormus-in-trump-strasse","status":"publish","type":"post","link":"https:\/\/www.europesays.com\/de\/1277203\/","title":{"rendered":"Patt im Iran-Krieg: Trump erw\u00e4gt Umbenennung der Stra\u00dfe von Hormus in \u201eTrump-Stra\u00dfe\u201c"},"content":{"rendered":"<p class=\"tspBAkv\">US-Pr\u00e4sident <a href=\"https:\/\/www.tagesspiegel.de\/gesellschaft\/panorama\/von-den-am-wenigsten-qualifizierten-leuten-regiert-george-clooney-kritisiert-trump-regierung-scharf-16010154.html?icid=in-text-link_16010797\" class=\"link link--internal\" data-gtm-class=\"article-text-link\" data-gtm-val=\"internal\" rel=\"nofollow noopener\" target=\"_blank\">Donald Trump<\/a> erw\u00e4gt, <strong>der Stra\u00dfe von Hormus seinen Namen zu geben<\/strong>. Da die Meerenge \u201enun unter US-Kontrolle steht, sollten wir die Stra\u00dfe von Hormus in Trump-Stra\u00dfe umbenennen???\u201c, fragte der Pr\u00e4sident am Mittwoch in seinem Onlinedienst Truth Social. Er f\u00fcgte hinzu, die Wasserstra\u00dfe w\u00e4re dann \u201ewie Amerika selbst ,hei\u00dfer\u2018 denn je zuvor\u201c.<\/p>\n<p class=\"tspACgi\">Empfohlener redaktioneller Inhalt<\/p>\n<p> An dieser Stelle finden Sie einen von unseren Redakteuren ausgew\u00e4hlten, externen Inhalt, der den Artikel f\u00fcr Sie mit zus\u00e4tzlichen Informationen anreichert. Sie k\u00f6nnen sich hier den externen Inhalt mit einem Klick anzeigen lassen oder wieder ausblenden. <\/p>\n<p> Externen Inhalt anzeigen <\/p>\n<p class=\"tspACgo\"> Ich bin damit einverstanden, dass mir der externe Inhalt angezeigt wird. Damit k\u00f6nnen personenbezogene Daten an Drittplattformen \u00fcbermittelt werden.  Mehr Informationen dazu erhalten Sie in den Datenschutz-Einstellungen. Diese finden Sie ganz unten auf unserer Seite im Footer, sodass Sie Ihre Einstellungen jederzeit verwalten oder widerrufen k\u00f6nnen. <\/p>\n<p class=\"tspBAkv\">Trump hatte in den vergangenen Wochen gedroht, die <strong>umk\u00e4mpfte Meerenge zwischen dem Iran und dem Oman<\/strong> unter US-Aufsicht zu stellen. Er ver\u00f6ffentlichte sogar eine Karte, auf der die Wasserstra\u00dfe als \u201eneues US-Territorium\u201c ausgewiesen ist.<\/p>\n<p class=\"tspBAkv\">Mit den Namens\u00e4nderungen will Trump Druck aus\u00fcben. Vergangene Woche hatte er angeordnet, den Ontariosee im Grenzgebiet zu Kanada wegen eines Handelsstreits <a href=\"https:\/\/www.tagesspiegel.de\/internationales\/dpa-auch-apple-folgt-trumps-umbenennung--aber-nur-in-den-usa-16007354.html?icid=in-text-link_16010797\" class=\"link link--internal\" data-gtm-class=\"article-text-link\" data-gtm-val=\"internal\" rel=\"nofollow noopener\" target=\"_blank\">mit dem Nachbarland in \u201eAmerikasee\u201c umzubenennen<\/a>. Zuvor hatte er bereits den Golf von Mexiko in \u201eGolf von Amerika\u201c umtaufen lassen.<\/p>\n<p> USA greifen wieder Ziele in der Goldregion an <\/p>\n<p class=\"tspBAkv\">In dem seit Ende Februar andauernden <strong>Krieg gegen den Iran hatten die USA <\/strong>am Sonntag nach wochenlanger Pause wieder Ziele in der Stra\u00dfe von Hormus angegriffen. Damit wollte die US-Armee nach eigenen Angaben verhindern, dass Teheran weitere Seeminen ausbringt. Der Iran reagierte mit Gegenangriffen in der Region.<\/p>\n<p>Lesen Sie auch<a href=\"https:\/\/www.tagesspiegel.de\/internationales\/es-war-verruckt-ocasio-cortez-und-das-ende-der-woke-ara-16007228.html?icid=topic-list_16010797___\" data-gtm-class=\"article-mzt-link\" data-hydrate-fingerprint=\"09740a54944caac75fd2c0c63fd5c5df\" data-hydrate-props=\"{&amp;escapedquot;element&amp;escapedquot;:{&amp;escapedquot;type&amp;escapedquot;:&amp;escapedquot;relatedContent&amp;escapedquot;,&amp;escapedquot;fieldMap&amp;escapedquot;:{},&amp;escapedquot;relation&amp;escapedquot;:{&amp;escapedquot;fields&amp;escapedquot;:{&amp;escapedquot;isPaid&amp;escapedquot;:true},&amp;escapedquot;href&amp;escapedquot;:&amp;escapedquot;\/internationales\/es-war-verruckt-ocasio-cortez-und-das-ende-der-woke-ara-16007228.html&amp;escapedquot;,&amp;escapedquot;teaserTitle&amp;escapedquot;:{&amp;escapedquot;kicker&amp;escapedquot;:&amp;escapedquot;\u201eEs war verr\u00fcckt\u201c&amp;escapedquot;,&amp;escapedquot;headline&amp;escapedquot;:&amp;escapedquot;Ocasio-Cortez und das Ende der Woke-\u00c4ra&amp;escapedquot;},&amp;escapedquot;id&amp;escapedquot;:&amp;escapedquot;16007228&amp;escapedquot;,&amp;escapedquot;type&amp;escapedquot;:&amp;escapedquot;story&amp;escapedquot;},&amp;escapedquot;isPartOfList&amp;escapedquot;:true,&amp;escapedquot;topicListType&amp;escapedquot;:&amp;escapedquot;topic-list&amp;escapedquot;},&amp;escapedquot;showArrow&amp;escapedquot;:true}\" data-hydrate-slots=\"{&#039;default&#039;:[]}\" class=\"tspB8oe tspB7oc\" rel=\"nofollow noopener\" target=\"_blank\">\u201eEs war verr\u00fcckt\u201c Ocasio-Cortez und das Ende der Woke-\u00c4ra <\/a><a href=\"https:\/\/www.tagesspiegel.de\/internationales\/trumps-oldeal-mit-venezuela-das-ist-konsequenz-einer-kanonenbootpolitik-die-ans-19-jahrhundert-erinnert-15997362.html?icid=topic-list_16010797___\" data-gtm-class=\"article-mzt-link\" data-hydrate-fingerprint=\"09740a54944caac75fd2c0c63fd5c5df\" data-hydrate-props=\"{&amp;escapedquot;element&amp;escapedquot;:{&amp;escapedquot;type&amp;escapedquot;:&amp;escapedquot;relatedContent&amp;escapedquot;,&amp;escapedquot;fieldMap&amp;escapedquot;:{},&amp;escapedquot;relation&amp;escapedquot;:{&amp;escapedquot;fields&amp;escapedquot;:{&amp;escapedquot;isPaid&amp;escapedquot;:true},&amp;escapedquot;href&amp;escapedquot;:&amp;escapedquot;\/internationales\/trumps-oldeal-mit-venezuela-das-ist-konsequenz-einer-kanonenbootpolitik-die-ans-19-jahrhundert-erinnert-15997362.html&amp;escapedquot;,&amp;escapedquot;teaserTitle&amp;escapedquot;:{&amp;escapedquot;kicker&amp;escapedquot;:&amp;escapedquot;Trumps \u00d6ldeal mit Venezuela&amp;escapedquot;,&amp;escapedquot;headline&amp;escapedquot;:&amp;escapedquot;\u201eDas ist Konsequenz einer Kanonenbootpolitik, die ans 19. Jahrhundert erinnert\u201c&amp;escapedquot;},&amp;escapedquot;id&amp;escapedquot;:&amp;escapedquot;15997362&amp;escapedquot;,&amp;escapedquot;type&amp;escapedquot;:&amp;escapedquot;story&amp;escapedquot;},&amp;escapedquot;isPartOfList&amp;escapedquot;:true,&amp;escapedquot;topicListType&amp;escapedquot;:&amp;escapedquot;topic-list&amp;escapedquot;},&amp;escapedquot;showArrow&amp;escapedquot;:true}\" data-hydrate-slots=\"{&#039;default&#039;:[]}\" class=\"tspB8oe tspB7oc\" rel=\"nofollow noopener\" target=\"_blank\">Trumps \u00d6ldeal mit Venezuela \u201eDas ist Konsequenz einer Kanonenbootpolitik, die ans 19. Jahrhundert erinnert\u201c <\/a><a href=\"https:\/\/www.tagesspiegel.de\/internationales\/100000-dollar-fur-trumps-truth-social-posts-innerhalb-der-regierung-findet-jede-menge-offensichtliche-korruption-statt-15980385.html?icid=topic-list_16010797___\" data-gtm-class=\"article-mzt-link\" data-hydrate-fingerprint=\"09740a54944caac75fd2c0c63fd5c5df\" data-hydrate-props=\"{&amp;escapedquot;element&amp;escapedquot;:{&amp;escapedquot;type&amp;escapedquot;:&amp;escapedquot;relatedContent&amp;escapedquot;,&amp;escapedquot;fieldMap&amp;escapedquot;:{},&amp;escapedquot;relation&amp;escapedquot;:{&amp;escapedquot;fields&amp;escapedquot;:{&amp;escapedquot;isPaid&amp;escapedquot;:true},&amp;escapedquot;href&amp;escapedquot;:&amp;escapedquot;\/internationales\/100000-dollar-fur-trumps-truth-social-posts-innerhalb-der-regierung-findet-jede-menge-offensichtliche-korruption-statt-15980385.html&amp;escapedquot;,&amp;escapedquot;teaserTitle&amp;escapedquot;:{&amp;escapedquot;kicker&amp;escapedquot;:&amp;escapedquot;100.000 Dollar f\u00fcr Trumps Truth-Social-Posts&amp;escapedquot;,&amp;escapedquot;headline&amp;escapedquot;:&amp;escapedquot;\u201eInnerhalb der Regierung findet jede Menge offensichtliche Korruption statt\u201c&amp;escapedquot;},&amp;escapedquot;id&amp;escapedquot;:&amp;escapedquot;15980385&amp;escapedquot;,&amp;escapedquot;type&amp;escapedquot;:&amp;escapedquot;story&amp;escapedquot;},&amp;escapedquot;isPartOfList&amp;escapedquot;:true,&amp;escapedquot;topicListType&amp;escapedquot;:&amp;escapedquot;topic-list&amp;escapedquot;},&amp;escapedquot;showArrow&amp;escapedquot;:true}\" data-hydrate-slots=\"{&#039;default&#039;:[]}\" class=\"tspB8oe tspB7oc\" rel=\"nofollow noopener\" target=\"_blank\">100.000 Dollar f\u00fcr Trumps Truth-Social-Posts \u201eInnerhalb der Regierung findet jede Menge offensichtliche Korruption statt\u201c <\/a><\/p>\n<p class=\"tspBAkv\">Seit dem Beginn des Iran-Krieges vor gut sechs Monaten hat Teheran <a href=\"https:\/\/www.tagesspiegel.de\/internationales\/dpa-erneute-eskalation-im-nahen-osten-usa-und-iran-melden-gegenseitige-angriffe-16006809.html?icid=in-text-link_16010797\" class=\"link link--internal\" data-gtm-class=\"article-text-link\" data-gtm-val=\"internal\" rel=\"nofollow noopener\" target=\"_blank\">die f\u00fcr den Welthandel wichtige Stra\u00dfe von Hormus<\/a> weitgehend blockiert. Im Gegenzug verh\u00e4ngten die USA eine Seeblockade iranischer H\u00e4fen. In der Folge stiegen die \u00d6lpreise weltweit massiv an. (AFP)<\/p>\n","protected":false},"excerpt":{"rendered":"US-Pr\u00e4sident Donald Trump erw\u00e4gt, der Stra\u00dfe von Hormus seinen Namen zu geben. Da die Meerenge \u201enun unter US-Kontrolle&hellip;\n","protected":false},"author":2,"featured_media":1277204,"comment_status":"","ping_status":"","sticky":false,"template":"","format":"standard","meta":{"footnotes":"","_share_on_mastodon":"0"},"categories":[5],"tags":[106,13,345,14,15,12,10,8,9,11,64],"class_list":["post-1277203","post","type-post","status-publish","format-standard","has-post-thumbnail","category-nachrichten","tag-donald-trump","tag-headlines","tag-iran","tag-nachrichten","tag-news","tag-schlagzeilen","tag-top-news","tag-top-meldungen","tag-topmeldungen","tag-topnews","tag-usa"],"share_on_mastodon":{"url":"https:\/\/pubeurope.com\/@de\/117204934105824545","error":""},"_links":{"self":[{"href":"https:\/\/www.europesays.com\/de\/wp-json\/wp\/v2\/posts\/1277203","targetHints":{"allow":["GET"]}}],"collection":[{"href":"https:\/\/www.europesays.com\/de\/wp-json\/wp\/v2\/posts"}],"about":[{"href":"https:\/\/www.europesays.com\/de\/wp-json\/wp\/v2\/types\/post"}],"author":[{"embeddable":true,"href":"https:\/\/www.europesays.com\/de\/wp-json\/wp\/v2\/users\/2"}],"replies":[{"embeddable":true,"href":"https:\/\/www.europesays.com\/de\/wp-json\/wp\/v2\/comments?post=1277203"}],"version-history":[{"count":0,"href":"https:\/\/www.europesays.com\/de\/wp-json\/wp\/v2\/posts\/1277203\/revisions"}],"wp:featuredmedia":[{"embeddable":true,"href":"https:\/\/www.europesays.com\/de\/wp-json\/wp\/v2\/media\/1277204"}],"wp:attachment":[{"href":"https:\/\/www.europesays.com\/de\/wp-json\/wp\/v2\/media?parent=1277203"}],"wp:term":[{"taxonomy":"category","embeddable":true,"href":"https:\/\/www.europesays.com\/de\/wp-json\/wp\/v2\/categories?post=1277203"},{"taxonomy":"post_tag","embeddable":true,"href":"https:\/\/www.europesays.com\/de\/wp-json\/wp\/v2\/tags?post=1277203"}],"curies":[{"name":"wp","href":"https:\/\/api.w.org\/{rel}","templated":true}]}}