{"id":1277207,"date":"2026-09-03T03:18:29","date_gmt":"2026-09-03T03:18:29","guid":{"rendered":"https:\/\/www.europesays.com\/de\/1277207\/"},"modified":"2026-09-03T03:18:29","modified_gmt":"2026-09-03T03:18:29","slug":"stoerung-im-zugverkehr-voruebergehend-weniger-zuege-zwischen-kiel-und-luebeck","status":"publish","type":"post","link":"https:\/\/www.europesays.com\/de\/1277207\/","title":{"rendered":"St\u00f6rung im Zugverkehr: Vor\u00fcbergehend weniger Z\u00fcge zwischen Kiel und L\u00fcbeck"},"content":{"rendered":"<p>Quelle: dpa Hamburg\/Schleswig-Holstein<br \/>\n        3. September 2026, 0:30 Uhr\n    <\/p>\n<p>        Sie k\u00f6nnen sich Artikel der ZEIT in der Google-Suche nun bevorzugt anzeigen lassen.<\/p>\n<p>        <a class=\"zps-widget__icon\" href=\"https:\/\/www.google.com\/preferences\/source?q=zeit.de\" data-ct-label=\"Google Preferred Source Onboarding Widget Icon\" id=\"zps-link-icon-activate\" aria-label=\"ZEIT als bevorzugte Quelle bei Google aktivieren\" target=\"_blank\" rel=\"nofollow noopener\"><\/p>\n<p>        <\/a><\/p>\n<p>        Hinweis<\/p>\n<p class=\"article-notice__text\">DIE ZEIT hat diese Meldung redaktionell nicht bearbeitet. Sie wurde automatisch von der Deutschen Presse-Agentur (dpa) \u00fcbernommen.<\/p>\n<p>            <img decoding=\"async\" class=\"article__media-item\" src=\"https:\/\/www.europesays.com\/de\/wp-content\/uploads\/2026\/09\/1788405509_111_wide__660x371.jpeg\" alt=\"St\u00f6rung im Zugverkehr: Wie lange die Arbeiten noch dauern, ist bisher nicht bekannt. (Symbolbild)\"\/><\/p>\n<p>                    Wie lange die Arbeiten noch dauern, ist bisher nicht bekannt. (Symbolbild)<br \/>\n            \u00a9\u00a0Moritz Frankenberg\/\u200bdpa<\/p>\n<p class=\"paragraph article__item\">Wegen einer Weichenst\u00f6rung in Bad Malente-Gremsm\u00fchlen d\u00fcnnt erixx Holstein den Zugverkehr zwischen Kiel und <a class=\"rtr-entity\" href=\"https:\/\/www.zeit.de\/thema\/luebeck\" rel=\"nofollow noopener\" target=\"_blank\">L\u00fcbeck<\/a> vor\u00fcbergehend aus. Nach Angaben des Bahnbetreibers braucht es f\u00fcr die Reparatur der betroffenen Weiche schweres Ger\u00e4t. Wie lange die Arbeiten und die Einschr\u00e4nkungen des Zugverkehrs andauern werden, blieb zun\u00e4chst unklar.\u00a0\n<\/p>\n<p>Aktuelles<\/p>\n<p>                <a href=\"https:\/\/www.zeit.de\/mobilitaet\/2026-08\/steffen-bilger-bahn-klimaanlage-ice-deutsche-bahn\" data-ct-label=\"Steffen Bilger: ICE-Panne bei Sommerreise von Verkehrsminister Bilger\" data-uuid=\"0f62ccd0-bab3-4c1b-9da2-2c9c85310473\" rel=\"nofollow noopener\" target=\"_blank\"><\/p>\n<p>                        Steffen Bilger:<br \/>\n                        ICE-Panne bei Sommerreise von Verkehrsminister Bilger<\/p>\n<p>                <\/a><\/p>\n<p>                <a href=\"https:\/\/www.zeit.de\/digital\/2026-08\/ddos-angriffe-verwaltungen-bundesbehoerden-sharknet-itzehoe-gxe\" data-ct-label=\"DDoS-Angriffe auf Verwaltungen: Verd\u00e4chtige nach Cyberattacken auf Beh\u00f6rden und Firmen ermittelt \" data-uuid=\"0f7a6c93-fe01-403e-af9f-190651c147b3\" rel=\"nofollow noopener\" target=\"_blank\"><\/p>\n<p>                        DDoS-Angriffe auf Verwaltungen:<br \/>\n                        Verd\u00e4chtige nach Cyberattacken auf Beh\u00f6rden und Firmen ermittelt <\/p>\n<p>                <\/a><\/p>\n<p>                <a href=\"https:\/\/www.zeit.de\/mobilitaet\/2026-08\/rhein-faehren-niedrigwasser-pegel-duesseldorf-zons-kaub-gxe\" data-ct-label=\"Niedrigwasser: Rhein-F\u00e4hren nehmen Betrieb wieder auf\" data-uuid=\"047b8ad9-7104-42cf-8175-9a9ec070a611\" rel=\"nofollow noopener\" target=\"_blank\"><\/p>\n<p>                        Niedrigwasser:<br \/>\n                        Rhein-F\u00e4hren nehmen Betrieb wieder auf<\/p>\n<p>                <\/a><\/p>\n<p class=\"paragraph article__item\">Folgende Einschr\u00e4nkungen sind nach Angaben von erixx Holstein zu erwarten:\n<\/p>\n<ul class=\"list article__item\">\n<li>Die Z\u00fcge der Linie RE83 entfallen zwischen Kiel Hbf und L\u00fcbeck Hbf in beiden Richtungen.<\/li>\n<li>Die Z\u00fcge der Linie RB84 fahren weiterhin zwischen Kiel und L\u00fcbeck. Sie werden mit den nun freien\u00a0Z\u00fcgen verst\u00e4rkt und fahren mit bis zu drei Zugteilen.<\/li>\n<li>Zwischen L\u00fcneburg und L\u00fcbeck verkehren die Z\u00fcge der Linie RE83 regul\u00e4r.<\/li>\n<\/ul>\n<p class=\"paragraph article__item\">\u00abMit der Verst\u00e4rkung der RB84 setzen wir jetzt die verf\u00fcgbaren Z\u00fcge dort ein, wo sie den meisten Fahrg\u00e4sten helfen werden\u00bb, erkl\u00e4rte ein Unternehmenssprecher von erixx Holstein am Mittwochabend.\n<\/p>\n<p class=\"paragraph article__item\">\u00a9 dpa-infocom, dpa:260902-930-624576\/1<\/p>\n","protected":false},"excerpt":{"rendered":"Quelle: dpa Hamburg\/Schleswig-Holstein 3. September 2026, 0:30 Uhr Sie k\u00f6nnen sich Artikel der ZEIT in der Google-Suche nun&hellip;\n","protected":false},"author":2,"featured_media":1277208,"comment_status":"","ping_status":"","sticky":false,"template":"","format":"standard","meta":{"footnotes":"","_share_on_mastodon":"0"},"categories":[1852],"tags":[3364,29,548,663,3934,30,13,29068,4949,2858,263524,14,15,12,1971,3809,263523,74378,2869],"class_list":["post-1277207","post","type-post","status-publish","format-standard","has-post-thumbnail","category-kiel","tag-de","tag-deutschland","tag-eu","tag-europa","tag-europe","tag-germany","tag-headlines","tag-holstein","tag-kiel","tag-luebeck","tag-malente-gremsmuehlen","tag-nachrichten","tag-news","tag-schlagzeilen","tag-schleswig-holstein","tag-stoerung","tag-stoerung-im-zugverkehr","tag-weichenstoerung","tag-zugverkehr"],"share_on_mastodon":{"url":"https:\/\/pubeurope.com\/@de\/117204951695366727","error":""},"_links":{"self":[{"href":"https:\/\/www.europesays.com\/de\/wp-json\/wp\/v2\/posts\/1277207","targetHints":{"allow":["GET"]}}],"collection":[{"href":"https:\/\/www.europesays.com\/de\/wp-json\/wp\/v2\/posts"}],"about":[{"href":"https:\/\/www.europesays.com\/de\/wp-json\/wp\/v2\/types\/post"}],"author":[{"embeddable":true,"href":"https:\/\/www.europesays.com\/de\/wp-json\/wp\/v2\/users\/2"}],"replies":[{"embeddable":true,"href":"https:\/\/www.europesays.com\/de\/wp-json\/wp\/v2\/comments?post=1277207"}],"version-history":[{"count":0,"href":"https:\/\/www.europesays.com\/de\/wp-json\/wp\/v2\/posts\/1277207\/revisions"}],"wp:featuredmedia":[{"embeddable":true,"href":"https:\/\/www.europesays.com\/de\/wp-json\/wp\/v2\/media\/1277208"}],"wp:attachment":[{"href":"https:\/\/www.europesays.com\/de\/wp-json\/wp\/v2\/media?parent=1277207"}],"wp:term":[{"taxonomy":"category","embeddable":true,"href":"https:\/\/www.europesays.com\/de\/wp-json\/wp\/v2\/categories?post=1277207"},{"taxonomy":"post_tag","embeddable":true,"href":"https:\/\/www.europesays.com\/de\/wp-json\/wp\/v2\/tags?post=1277207"}],"curies":[{"name":"wp","href":"https:\/\/api.w.org\/{rel}","templated":true}]}}