{"id":1277211,"date":"2026-09-03T03:20:35","date_gmt":"2026-09-03T03:20:35","guid":{"rendered":"https:\/\/www.europesays.com\/de\/1277211\/"},"modified":"2026-09-03T03:20:35","modified_gmt":"2026-09-03T03:20:35","slug":"fcm-verteidiger-macnulty-reaktion-nach-braunschweig-war-wichtig","status":"publish","type":"post","link":"https:\/\/www.europesays.com\/de\/1277211\/","title":{"rendered":"FCM-Verteidiger MacNulty: &#8222;Reaktion nach Braunschweig war wichtig&#8220;"},"content":{"rendered":"<p>Fu\u00dfball | 2. Bundesliga<\/p>\n<p>                <strong>Sendung: <\/strong>MDR Fernsehen | 02.09.2026 | 13:55 Uhr<\/p>\n<p>                    <strong>2 Min<\/strong><br \/>\n                     | Verf\u00fcgbar bis 01.09.2028<\/p>\n<p class=\"supersize\">Vor dem Ausw\u00e4rtsspiel bei Hertha BSC \u00e4u\u00dferte sich FCM-Abwehrspieler Anselmo Garcia MacNulty zum bisherigen Saisonverlauf und hob vor allem die Reaktion des Teams nach der Klatsche in Braunschweig hervor. <\/p>\n","protected":false},"excerpt":{"rendered":"Fu\u00dfball | 2. Bundesliga Sendung: MDR Fernsehen | 02.09.2026 | 13:55 Uhr 2 Min | Verf\u00fcgbar bis 01.09.2028&hellip;\n","protected":false},"author":2,"featured_media":1277212,"comment_status":"","ping_status":"","sticky":false,"template":"","format":"standard","meta":{"footnotes":"","_share_on_mastodon":"0"},"categories":[1850],"tags":[7973,621,263525,6429,3364,29,548,663,3934,16155,347,30,13,1088,14,15,1411,12,3499,265,3498],"class_list":["post-1277211","post","type-post","status-publish","format-standard","has-post-thumbnail","category-braunschweig","tag-1-fc-magdeburg","tag-2-bundesliga","tag-anselmo-garcia-macnulty","tag-braunschweig","tag-de","tag-deutschland","tag-eu","tag-europa","tag-europe","tag-fcm","tag-fussball","tag-germany","tag-headlines","tag-hertha-bsc","tag-nachrichten","tag-news","tag-niedersachsen","tag-schlagzeilen","tag-spio","tag-sport","tag-sport-im-osten"],"share_on_mastodon":{"url":"https:\/\/pubeurope.com\/@de\/117204957776998871","error":""},"_links":{"self":[{"href":"https:\/\/www.europesays.com\/de\/wp-json\/wp\/v2\/posts\/1277211","targetHints":{"allow":["GET"]}}],"collection":[{"href":"https:\/\/www.europesays.com\/de\/wp-json\/wp\/v2\/posts"}],"about":[{"href":"https:\/\/www.europesays.com\/de\/wp-json\/wp\/v2\/types\/post"}],"author":[{"embeddable":true,"href":"https:\/\/www.europesays.com\/de\/wp-json\/wp\/v2\/users\/2"}],"replies":[{"embeddable":true,"href":"https:\/\/www.europesays.com\/de\/wp-json\/wp\/v2\/comments?post=1277211"}],"version-history":[{"count":0,"href":"https:\/\/www.europesays.com\/de\/wp-json\/wp\/v2\/posts\/1277211\/revisions"}],"wp:featuredmedia":[{"embeddable":true,"href":"https:\/\/www.europesays.com\/de\/wp-json\/wp\/v2\/media\/1277212"}],"wp:attachment":[{"href":"https:\/\/www.europesays.com\/de\/wp-json\/wp\/v2\/media?parent=1277211"}],"wp:term":[{"taxonomy":"category","embeddable":true,"href":"https:\/\/www.europesays.com\/de\/wp-json\/wp\/v2\/categories?post=1277211"},{"taxonomy":"post_tag","embeddable":true,"href":"https:\/\/www.europesays.com\/de\/wp-json\/wp\/v2\/tags?post=1277211"}],"curies":[{"name":"wp","href":"https:\/\/api.w.org\/{rel}","templated":true}]}}