{"id":1277213,"date":"2026-09-03T03:22:16","date_gmt":"2026-09-03T03:22:16","guid":{"rendered":"https:\/\/www.europesays.com\/de\/1277213\/"},"modified":"2026-09-03T03:22:16","modified_gmt":"2026-09-03T03:22:16","slug":"mein-korschenbroich-durch-pesch-mit-hans-willi-und-thomas-tuerks","status":"publish","type":"post","link":"https:\/\/www.europesays.com\/de\/1277213\/","title":{"rendered":"Mein Korschenbroich ; Durch Pesch mit Hans-Willi und Thomas T\u00fcrks"},"content":{"rendered":"<p class=\"text_ohne_einzug richtext text-em-55 !leading-serif mx-6 desktop:mx-0\"> Der Korschenbroicher Ortsteil Pesch ist klein, aber oho. Dass er weit mehr bietet als die H\u00e4userzeilen mit Kapelle und Gr\u00fcnanlage an der Liedberger und Kleinenbroicher Stra\u00dfe, die Korschenbroich mit Kleinenbroich verbinden, demonstrieren Hans-Willi T\u00fcrks und sein Sohn Thomas T\u00fcrks, beide gewisserma\u00dfen Pescher Urgesteine. Sch\u00fctzenwesen und anderes Brauchtum werden in Pesch gro\u00dfgeschrieben. Stichwort: \u201eUnges Pengste\u201c. B\u00fcrgerschaftliches Engagement spiegelt sich auch in der Kirche St. Marien, wurde sie doch Mitte der 1950er-Jahre aus privaten Mitteln der Pescher Einwohner finanziert, wie die T\u00fcrks zu berichten wissen.<\/p>\n","protected":false},"excerpt":{"rendered":"Der Korschenbroicher Ortsteil Pesch ist klein, aber oho. Dass er weit mehr bietet als die H\u00e4userzeilen mit Kapelle&hellip;\n","protected":false},"author":2,"featured_media":1277214,"comment_status":"","ping_status":"","sticky":false,"template":"","format":"standard","meta":{"footnotes":"","_share_on_mastodon":"0"},"categories":[1849],"tags":[3364,29,548,663,3934,30,13,4455,14,15,1209,12,64333],"class_list":["post-1277213","post","type-post","status-publish","format-standard","has-post-thumbnail","category-moenchengladbach","tag-de","tag-deutschland","tag-eu","tag-europa","tag-europe","tag-germany","tag-headlines","tag-moenchengladbach","tag-nachrichten","tag-news","tag-nordrhein-westfalen","tag-schlagzeilen","tag-tuerks"],"share_on_mastodon":{"url":"https:\/\/pubeurope.com\/@de\/117204965412471804","error":""},"_links":{"self":[{"href":"https:\/\/www.europesays.com\/de\/wp-json\/wp\/v2\/posts\/1277213","targetHints":{"allow":["GET"]}}],"collection":[{"href":"https:\/\/www.europesays.com\/de\/wp-json\/wp\/v2\/posts"}],"about":[{"href":"https:\/\/www.europesays.com\/de\/wp-json\/wp\/v2\/types\/post"}],"author":[{"embeddable":true,"href":"https:\/\/www.europesays.com\/de\/wp-json\/wp\/v2\/users\/2"}],"replies":[{"embeddable":true,"href":"https:\/\/www.europesays.com\/de\/wp-json\/wp\/v2\/comments?post=1277213"}],"version-history":[{"count":0,"href":"https:\/\/www.europesays.com\/de\/wp-json\/wp\/v2\/posts\/1277213\/revisions"}],"wp:featuredmedia":[{"embeddable":true,"href":"https:\/\/www.europesays.com\/de\/wp-json\/wp\/v2\/media\/1277214"}],"wp:attachment":[{"href":"https:\/\/www.europesays.com\/de\/wp-json\/wp\/v2\/media?parent=1277213"}],"wp:term":[{"taxonomy":"category","embeddable":true,"href":"https:\/\/www.europesays.com\/de\/wp-json\/wp\/v2\/categories?post=1277213"},{"taxonomy":"post_tag","embeddable":true,"href":"https:\/\/www.europesays.com\/de\/wp-json\/wp\/v2\/tags?post=1277213"}],"curies":[{"name":"wp","href":"https:\/\/api.w.org\/{rel}","templated":true}]}}