{"id":1277215,"date":"2026-09-03T03:24:27","date_gmt":"2026-09-03T03:24:27","guid":{"rendered":"https:\/\/www.europesays.com\/de\/1277215\/"},"modified":"2026-09-03T03:24:27","modified_gmt":"2026-09-03T03:24:27","slug":"pol-ge-traktor-gestohlen-und-zurueckgelassen-zeugen-gesucht","status":"publish","type":"post","link":"https:\/\/www.europesays.com\/de\/1277215\/","title":{"rendered":"POL-GE: Traktor gestohlen und zur\u00fcckgelassen &#8211; Zeugen gesucht"},"content":{"rendered":"<p class=\"date\">31.08.2026 \u2013 13:05<\/p>\n<p class=\"customer\">\n                        <a class=\"story-customer\" title=\"weiter zum newsroom von Polizei Gelsenkirchen\" href=\"https:\/\/www.presseportal.de\/blaulicht\/nr\/51056\" rel=\"nofollow noopener\" target=\"_blank\">Polizei Gelsenkirchen<\/a>\n                    <\/p>\n<p><a class=\"glightbox event-trigger\" href=\"https:\/\/cache.pressmailing.net\/thumbnail\/story_hires\/456ccf7c-e60c-4c1a-950f-b12a6c0c11ac\/EnwendeterTraktor_Po~eiGelsenkirchen.JPG.jpg\" data-description=\"Der entwendete und schlie\u00dflich zur\u00fcckgelassene Traktor.\" data-category=\"medialightbox\" data-action=\"click\" data-label=\"single\" data-value=\"6a955ffb270000fd2cbeb23a\" rel=\"nofollow noopener\" target=\"_blank\"><img decoding=\"async\" height=\"540\" with=\"720\" src=\"https:\/\/www.europesays.com\/de\/wp-content\/uploads\/2026\/09\/pol-ge-traktor-gestohlen-und-zur-ckgelassen-zeugen-gesucht.jpeg\"   alt=\"POL-GE: Traktor gestohlen und zur\u00fcckgelassen - Zeugen gesucht\" class=\"single\"\/><\/a><\/p>\n<p><a data-category=\"citylink-story-view\" data-action=\"click\" data-label=\"Citylink in Meldungsansicht\" class=\"story-city event-trigger\" href=\"https:\/\/www.presseportal.de\/regional\/Gelsenkirchen\" title=\"News aus Gelsenkirchen \" rel=\"nofollow noopener\" target=\"_blank\">Gelsenkirchen<\/a> (ots)<\/p>\n<p>Die Polizei Gelsenkirchen sucht Zeugen nach dem Diebstahl eines Traktors am vergangenen Wochenende in Gelsenkirchen-Resse.<\/p>\n<p>Gegen 3 Uhr am Samstagmorgen, 29. August 2026, h\u00f6rte ein 55 Jahre alter Gelsenkirchener, wie der Motor seiner Landmaschine gestartet wurde. Als er daraufhin mit seinem Auto die Verfolgung des Traktors aufnahm, stoppten die beiden unbekannten Tatverd\u00e4chtigen die Maschine auf der Middelicher Stra\u00dfe und fl\u00fcchteten zu Fu\u00df. Die M\u00e4nner liefen in Richtung Autobahn und weiter in Richtung der angrenzenden Siedlung.<\/p>\n<p>Bei den Tatverd\u00e4chtigen soll es sich um zwei junge M\u00e4nner handeln. Einer von ihnen trug zur Tatzeit einen wei\u00dfen Pullover, der andere einen blauen. Weitere Details konnte der 55-J\u00e4hrige aufgrund der Dunkelheit nicht erkennen.<\/p>\n<p>Die Polizei sucht Zeugen, die Angaben zu den Tatverd\u00e4chtigen machen k\u00f6nnen oder in der Nacht verd\u00e4chtige Beobachtungen im Bereich der Middelicher Stra\u00dfe gemacht haben. Hinweise nimmt das Kriminalkommissariat 22 unter der Telefonnummer 0209 365 8212 sowie die Kriminalwache unter 0209 365 8240 entgegen.<\/p>\n<p class=\"contact-headline\">Nachfragen f\u00fcr Journalistinnen und Journalisten:<\/p>\n<p class=\"contact-text\">Polizei Gelsenkirchen<br \/>Stephan Knipp<br \/>Telefon: +49 (0) 209 365-2015<br \/>E-Mail: <a href=\"https:\/\/www.presseportal.de\/blaulicht\/pm\/51056\/mailto:pressestelle.gelsenkirchen@polizei.nrw.de\" class=\"uri-mailto\" rel=\"nofollow noopener\" target=\"_blank\">pressestelle.gelsenkirchen@polizei.nrw.de<\/a><br \/><a target=\"_blank\" class=\"uri-ext outbound\" rel=\"noopener nofollow\" href=\"https:\/\/gelsenkirchen.polizei.nrw\/\">https:\/\/gelsenkirchen.polizei.nrw\/<\/a><\/p>\n<p class=\"originator\">Original-Content von: Polizei Gelsenkirchen, \u00fcbermittelt durch news aktuell<\/p>\n","protected":false},"excerpt":{"rendered":"31.08.2026 \u2013 13:05 Polizei Gelsenkirchen Gelsenkirchen (ots) Die Polizei Gelsenkirchen sucht Zeugen nach dem Diebstahl eines Traktors am&hellip;\n","protected":false},"author":2,"featured_media":1277216,"comment_status":"","ping_status":"","sticky":false,"template":"","format":"standard","meta":{"footnotes":"","_share_on_mastodon":"0"},"categories":[1848],"tags":[3364,29,548,663,3934,3658,30,13,177,14,15,1209,176,121,178,180,179,181,12],"class_list":["post-1277215","post","type-post","status-publish","format-standard","has-post-thumbnail","category-gelsenkirchen","tag-de","tag-deutschland","tag-eu","tag-europa","tag-europe","tag-gelsenkirchen","tag-germany","tag-headlines","tag-kriminalitt","tag-nachrichten","tag-news","tag-nordrhein-westfalen","tag-nrw","tag-polizei","tag-presse","tag-pressemeldung","tag-pressemitteilung","tag-pressemitteilungen","tag-schlagzeilen"],"share_on_mastodon":{"url":"https:\/\/pubeurope.com\/@de\/117204974868843974","error":""},"_links":{"self":[{"href":"https:\/\/www.europesays.com\/de\/wp-json\/wp\/v2\/posts\/1277215","targetHints":{"allow":["GET"]}}],"collection":[{"href":"https:\/\/www.europesays.com\/de\/wp-json\/wp\/v2\/posts"}],"about":[{"href":"https:\/\/www.europesays.com\/de\/wp-json\/wp\/v2\/types\/post"}],"author":[{"embeddable":true,"href":"https:\/\/www.europesays.com\/de\/wp-json\/wp\/v2\/users\/2"}],"replies":[{"embeddable":true,"href":"https:\/\/www.europesays.com\/de\/wp-json\/wp\/v2\/comments?post=1277215"}],"version-history":[{"count":0,"href":"https:\/\/www.europesays.com\/de\/wp-json\/wp\/v2\/posts\/1277215\/revisions"}],"wp:featuredmedia":[{"embeddable":true,"href":"https:\/\/www.europesays.com\/de\/wp-json\/wp\/v2\/media\/1277216"}],"wp:attachment":[{"href":"https:\/\/www.europesays.com\/de\/wp-json\/wp\/v2\/media?parent=1277215"}],"wp:term":[{"taxonomy":"category","embeddable":true,"href":"https:\/\/www.europesays.com\/de\/wp-json\/wp\/v2\/categories?post=1277215"},{"taxonomy":"post_tag","embeddable":true,"href":"https:\/\/www.europesays.com\/de\/wp-json\/wp\/v2\/tags?post=1277215"}],"curies":[{"name":"wp","href":"https:\/\/api.w.org\/{rel}","templated":true}]}}