{"id":1277219,"date":"2026-09-03T03:28:13","date_gmt":"2026-09-03T03:28:13","guid":{"rendered":"https:\/\/www.europesays.com\/de\/1277219\/"},"modified":"2026-09-03T03:28:13","modified_gmt":"2026-09-03T03:28:13","slug":"deutschlands-gefaehrlichste-schule-jetzt-geht-es-sogar-um-schutzgeld-erpressung-regional","status":"publish","type":"post","link":"https:\/\/www.europesays.com\/de\/1277219\/","title":{"rendered":"Deutschlands gef\u00e4hrlichste Schule: Jetzt geht es sogar um Schutzgeld-Erpressung! | Regional"},"content":{"rendered":"<p><b>Gewalt, Messerbedrohung, Schutzgeld-Verdacht: An Deutschlands gef\u00e4hrlichster Schule in Ludwigshafen spitzt sich die Lage erneut zu. Ein Lehrer berichtet anonym von einer Messerattacke, die Polizei ermittelt wegen K\u00f6rperverletzung und Bedrohung. Gleichzeitig soll j\u00fcngeren Sch\u00fclern regelm\u00e4\u00dfig Taschengeld abgepresst werden. Im Bildungsausschuss muss sich die Landesregierung nun zu den Zust\u00e4nden und zu gleich f\u00fcnf Dienstaufsichtsbeschwerden gegen den umstrittenen Schulleiter erkl\u00e4ren. <\/b><\/p>\n<p>Welche Verantwortung Schule, Politik und Beh\u00f6rden tragen und was die Task-Force bewirken soll, lesen Sie mit BILDplus \u2013 jetzt abonnieren.<\/p>\n","protected":false},"excerpt":{"rendered":"Gewalt, Messerbedrohung, Schutzgeld-Verdacht: An Deutschlands gef\u00e4hrlichster Schule in Ludwigshafen spitzt sich die Lage erneut zu. Ein Lehrer berichtet&hellip;\n","protected":false},"author":2,"featured_media":1277220,"comment_status":"","ping_status":"","sticky":false,"template":"","format":"standard","meta":{"footnotes":"","_share_on_mastodon":"0"},"categories":[1845],"tags":[1634,50323,263526,3364,181674,19384,29,548,663,3934,30,1000,13,25476,2096,1981,382,14,15,121,1756,12,966,1978,69180,227858],"class_list":["post-1277219","post","type-post","status-publish","format-standard","has-post-thumbnail","category-mannheim","tag-baden-wuerttemberg","tag-bildungsministerin","tag-bildungsministerium-rheinland-pfalz","tag-de","tag-deep-news","tag-detsch-claudia","tag-deutschland","tag-eu","tag-europa","tag-europe","tag-germany","tag-gewalt","tag-headlines","tag-ludwigshafen","tag-mannheim","tag-messer","tag-migration","tag-nachrichten","tag-news","tag-polizei","tag-rheinland-pfalz","tag-schlagzeilen","tag-schule","tag-schueler","tag-taschengeld","tag-team-deep"],"share_on_mastodon":{"url":"https:\/\/pubeurope.com\/@de\/117204989206407155","error":""},"_links":{"self":[{"href":"https:\/\/www.europesays.com\/de\/wp-json\/wp\/v2\/posts\/1277219","targetHints":{"allow":["GET"]}}],"collection":[{"href":"https:\/\/www.europesays.com\/de\/wp-json\/wp\/v2\/posts"}],"about":[{"href":"https:\/\/www.europesays.com\/de\/wp-json\/wp\/v2\/types\/post"}],"author":[{"embeddable":true,"href":"https:\/\/www.europesays.com\/de\/wp-json\/wp\/v2\/users\/2"}],"replies":[{"embeddable":true,"href":"https:\/\/www.europesays.com\/de\/wp-json\/wp\/v2\/comments?post=1277219"}],"version-history":[{"count":0,"href":"https:\/\/www.europesays.com\/de\/wp-json\/wp\/v2\/posts\/1277219\/revisions"}],"wp:featuredmedia":[{"embeddable":true,"href":"https:\/\/www.europesays.com\/de\/wp-json\/wp\/v2\/media\/1277220"}],"wp:attachment":[{"href":"https:\/\/www.europesays.com\/de\/wp-json\/wp\/v2\/media?parent=1277219"}],"wp:term":[{"taxonomy":"category","embeddable":true,"href":"https:\/\/www.europesays.com\/de\/wp-json\/wp\/v2\/categories?post=1277219"},{"taxonomy":"post_tag","embeddable":true,"href":"https:\/\/www.europesays.com\/de\/wp-json\/wp\/v2\/tags?post=1277219"}],"curies":[{"name":"wp","href":"https:\/\/api.w.org\/{rel}","templated":true}]}}