{"id":1277228,"date":"2026-09-03T03:34:32","date_gmt":"2026-09-03T03:34:32","guid":{"rendered":"https:\/\/www.europesays.com\/de\/1277228\/"},"modified":"2026-09-03T03:34:32","modified_gmt":"2026-09-03T03:34:32","slug":"halle-duell-schulze-vs-siegmund-afd-will-geheimdienst-umbauen","status":"publish","type":"post","link":"https:\/\/www.europesays.com\/de\/1277228\/","title":{"rendered":"Halle | Duell Schulze vs. Siegmund \u2013 AfD will Geheimdienst umbauen"},"content":{"rendered":"<p>Halle (dpa) &#8211; Vor der Landtagswahl in Sachsen-Anhalt am Sonntag hat AfD-Spitzenkandidat Ulrich Siegmund im Fall eines Wahlsiegs einen Umbau der Sicherheitsbeh\u00f6rden angek\u00fcndigt. Den Landesverfassungsschutz werde er \u00abauf seine eigentliche Grundaufgabe zur\u00fcckf\u00fchren, Straft\u00e4ter, Terroristen und Gewaltt\u00e4ter aus dem Verkehr zu holen, beispielsweise bevor sie in Weihnachtsm\u00e4rkte fahren, und nicht mehr die Opposition zu bek\u00e4mpfen\u00bb, sagte er in einem von \u00abVolksstimme\u00bb und \u00abMitteldeutscher Zeitung\u00bb veranstalteten Duell.<\/p>\n<p>Seine Partei wird vom Verfassungsschutz als gesichert rechtsextremistisch eingestuft, was die AfD immer wieder als ungerechtfertigt anprangert.<\/p>\n<p>Schulze: \u00abIch habe ein gutes R\u00fcckgrat\u00bb<\/p>\n<p>Ministerpr\u00e4sident Sven Schulze (CDU) k\u00fcndigte an, sich weiter daf\u00fcr einzusetzen, dass die abschlagsfreie Fr\u00fchrente nach 45 Beitragsjahren erhalten bleibt \u2013 trotz eines Machtworts von Bundeskanzler Friedrich Merz (CDU) in der Debatte. Die sogenannte Rente mit 63 m\u00fcsse deshalb bleiben, \u00abweil wir hier gerade in Ostdeutschland andere Biografien haben als in Westdeutschland. Und ich wei\u00df, das findet nicht jeder gut, dass ich mich da sehr stark f\u00fcr einsetze, aber ich habe ein gutes R\u00fcckgrat, ein starkes R\u00fcckgrat. Und ich werde das genau auch weiter zu meinem Thema in Berlin machen.\u00bb<\/p>\n<p>Aktuell regiert in Sachsen-Anhalt eine Koalition aus CDU, SPD und FDP. Das B\u00fcndnis wird aber allen Umfragen zufolge seine Mehrheit verlieren. Mit Abstand st\u00e4rkste Kraft d\u00fcrfte die AfD werden. Die vom Landesverfassungsschutz als gesichert rechtsextrem eingestufte Partei strebt eine Alleinregierung an.<\/p>\n<p>Wenn sich eine von der CDU angef\u00fchrte Minderheitsregierung bildet, k\u00f6nnte sie auch auf Stimmen der Linken angewiesen sein \u2013 \u00e4hnlich wie in Sachsen und Th\u00fcringen. Das politische Problem: Die CDU lehnt f\u00fcr sich in einem Parteitagsbeschluss eine Koalition oder \u00e4hnliche Formen der Zusammenarbeit mit den Linken ebenso ab wie mit der AfD.<\/p>\n","protected":false},"excerpt":{"rendered":"Halle (dpa) &#8211; Vor der Landtagswahl in Sachsen-Anhalt am Sonntag hat AfD-Spitzenkandidat Ulrich Siegmund im Fall eines Wahlsiegs&hellip;\n","protected":false},"author":2,"featured_media":1277229,"comment_status":"","ping_status":"","sticky":false,"template":"","format":"standard","meta":{"footnotes":"","_share_on_mastodon":"0"},"categories":[1841],"tags":[242036,1605,3364,29,30,1985,1209,860,2534],"class_list":["post-1277228","post","type-post","status-publish","format-standard","has-post-thumbnail","category-bielefeld","tag-ltwlsa26","tag-bielefeld","tag-de","tag-deutschland","tag-germany","tag-landtag","tag-nordrhein-westfalen","tag-sachsen-anhalt","tag-wahl"],"share_on_mastodon":{"url":"https:\/\/pubeurope.com\/@de\/117205012746827124","error":""},"_links":{"self":[{"href":"https:\/\/www.europesays.com\/de\/wp-json\/wp\/v2\/posts\/1277228","targetHints":{"allow":["GET"]}}],"collection":[{"href":"https:\/\/www.europesays.com\/de\/wp-json\/wp\/v2\/posts"}],"about":[{"href":"https:\/\/www.europesays.com\/de\/wp-json\/wp\/v2\/types\/post"}],"author":[{"embeddable":true,"href":"https:\/\/www.europesays.com\/de\/wp-json\/wp\/v2\/users\/2"}],"replies":[{"embeddable":true,"href":"https:\/\/www.europesays.com\/de\/wp-json\/wp\/v2\/comments?post=1277228"}],"version-history":[{"count":0,"href":"https:\/\/www.europesays.com\/de\/wp-json\/wp\/v2\/posts\/1277228\/revisions"}],"wp:featuredmedia":[{"embeddable":true,"href":"https:\/\/www.europesays.com\/de\/wp-json\/wp\/v2\/media\/1277229"}],"wp:attachment":[{"href":"https:\/\/www.europesays.com\/de\/wp-json\/wp\/v2\/media?parent=1277228"}],"wp:term":[{"taxonomy":"category","embeddable":true,"href":"https:\/\/www.europesays.com\/de\/wp-json\/wp\/v2\/categories?post=1277228"},{"taxonomy":"post_tag","embeddable":true,"href":"https:\/\/www.europesays.com\/de\/wp-json\/wp\/v2\/tags?post=1277228"}],"curies":[{"name":"wp","href":"https:\/\/api.w.org\/{rel}","templated":true}]}}